{"id":6518,"date":"2023-09-07T14:59:41","date_gmt":"2023-09-07T17:59:41","guid":{"rendered":"https:\/\/aguaslindasnoticias.com.br\/?p=6518"},"modified":"2023-10-02T11:33:24","modified_gmt":"2023-10-02T14:33:24","slug":"prefeitura-de-aguas-lindas-reinaugura-praca-do-setor-3-em-projeto-de-ressocializacao","status":"publish","type":"post","link":"https:\/\/aguaslindasnoticias.com.br\/index.php\/2023\/09\/07\/prefeitura-de-aguas-lindas-reinaugura-praca-do-setor-3-em-projeto-de-ressocializacao\/","title":{"rendered":"Prefeitura de \u00c1guas Lindas Reinaugura Pra\u00e7a do Setor 3 em Projeto de Ressocializa\u00e7\u00e3o"},"content":{"rendered":"\n<h2 class=\"wp-block-heading\">Projeto \u2018Trilhando Um Novo Caminho\u2019 traz oportunidade de ressocializa\u00e7\u00e3o para detentos do munic\u00edpio<\/h2>\n\n\n\n<figure class=\"wp-block-image\"><a href=\"https:\/\/i0.wp.com\/jornalaguaslindas.com.br\/wp-content\/uploads\/2023\/09\/WhatsApp-Image-2023-09-06-at-15.29.41-1024x680mateus.jpeg?fit=1024%2C680&amp;ssl=1\"><img decoding=\"async\" src=\"https:\/\/i0.wp.com\/jornalaguaslindas.com.br\/wp-content\/uploads\/2023\/09\/WhatsApp-Image-2023-09-06-at-15.29.41-1024x680mateus.jpeg?fit=1024%2C680&amp;ssl=1\" alt=\"\" class=\"wp-image-46247\"\/><\/a><figcaption class=\"wp-element-caption\">Foto: Mateus Sales<\/figcaption><\/figure>\n\n\n\n<p>Nesta quarta-feira, 6 de setembro, a prefeitura municipal de \u00c1guas Lindas reinaugurou a pra\u00e7a do setor 3, totalmente revitalizada atrav\u00e9s do projeto de ressocializa\u00e7\u00e3o intitulado \u201cTrilhando Um Novo Caminho\u201d. Com a m\u00e3o de obra do sistema prisional, a comunidade testemunhou a transforma\u00e7\u00e3o de um espa\u00e7o p\u00fablico enquanto oferecia uma segunda chance aos detentos.<\/p>\n\n\n\n<p>Estiveram na cerim\u00f4nia de reinaugura\u00e7\u00e3o o prefeito Lucas Antonietti, Jaime Silva, secret\u00e1rio municipal da Secretaria de Pol\u00edticas de Alternativas Penais, vereadores, Secret\u00e1rios do munic\u00edpio e a popula\u00e7\u00e3o local.<\/p>\n\n\n\n<p>O prefeito destacou a import\u00e2ncia do projeto para o munic\u00edpio, \u201cqueria agradecer a todos os envolvidos e dizer que esse \u00e9 mais um espa\u00e7o p\u00fablico que est\u00e1 sendo devolvido para a nossa popula\u00e7\u00e3o e pedir para que ajudem tamb\u00e9m a cuidar desse espa\u00e7o novo\u201d, disse.<\/p>\n\n\n\n<p>A prefeitura municipal de \u00c1guas Lindas, em colabora\u00e7\u00e3o com a Secretaria Municipal de Pol\u00edticas de Alternativas Penais, o Estado de Goi\u00e1s (DGAP) e a 1\u00aa Vara Criminal da Comarca local, deu in\u00edcio ao projeto de ressocializa\u00e7\u00e3o \u201cTrilhando Um Novo Caminho\u201d. Os Detentos ter\u00e3o a oportunidade de reduzir sua pena atrav\u00e9s do trabalho, ao mesmo tempo que ajudam na recupera\u00e7\u00e3o de espa\u00e7os p\u00fablicos do munic\u00edpio.<\/p>\n\n\n\n<p>O projeto tem como objetivo principal a reintegra\u00e7\u00e3o social e reinser\u00e7\u00e3o de indiv\u00edduos privados de liberdade, abrangendo os regimes fechado, aberto e semiaberto, por meio do trabalho em espa\u00e7os p\u00fablicos do munic\u00edpio.<\/p>\n\n\n\n<p>A Pra\u00e7a do Setor 3 ganhou revitaliza\u00e7\u00e3o completa, placa de identifica\u00e7\u00e3o do setor, reforma da academia ao ar livre, pintura dos bancos, foi feita uma roda de capoeira e playground, deixando o setor mais atrativo.<\/p>\n\n\n\n<p>Secom<\/p>\n\n\n\n<h2 class=\"wp-block-heading\"><\/h2>\n\n\n\n<p><\/p>\n\n\n\n<p><\/p>\n","protected":false},"excerpt":{"rendered":"<p>Projeto \u2018Trilhando Um Novo Caminho\u2019 traz oportunidade de ressocializa\u00e7\u00e3o para detentos do munic\u00edpio Nesta quarta-feira, 6 de setembro, a prefeitura municipal de \u00c1guas Lindas reinaugurou a pra\u00e7a do setor 3, totalmente revitalizada atrav\u00e9s do projeto de ressocializa\u00e7\u00e3o intitulado \u201cTrilhando Um Novo Caminho\u201d. Com a m\u00e3o de obra do sistema prisional, a comunidade testemunhou a transforma\u00e7\u00e3o [&hellip;]<\/p>\n","protected":false},"author":1,"featured_media":6554,"comment_status":"open","ping_status":"open","sticky":false,"template":"","format":"standard","meta":{"footnotes":""},"categories":[2],"tags":[],"class_list":["post-6518","post","type-post","status-publish","format-standard","has-post-thumbnail","hentry","category-aguaslindas"],"_links":{"self":[{"href":"https:\/\/aguaslindasnoticias.com.br\/index.php\/wp-json\/wp\/v2\/posts\/6518","targetHints":{"allow":["GET"]}}],"collection":[{"href":"https:\/\/aguaslindasnoticias.com.br\/index.php\/wp-json\/wp\/v2\/posts"}],"about":[{"href":"https:\/\/aguaslindasnoticias.com.br\/index.php\/wp-json\/wp\/v2\/types\/post"}],"author":[{"embeddable":true,"href":"https:\/\/aguaslindasnoticias.com.br\/index.php\/wp-json\/wp\/v2\/users\/1"}],"replies":[{"embeddable":true,"href":"https:\/\/aguaslindasnoticias.com.br\/index.php\/wp-json\/wp\/v2\/comments?post=6518"}],"version-history":[{"count":1,"href":"https:\/\/aguaslindasnoticias.com.br\/index.php\/wp-json\/wp\/v2\/posts\/6518\/revisions"}],"predecessor-version":[{"id":6522,"href":"https:\/\/aguaslindasnoticias.com.br\/index.php\/wp-json\/wp\/v2\/posts\/6518\/revisions\/6522"}],"wp:featuredmedia":[{"embeddable":true,"href":"https:\/\/aguaslindasnoticias.com.br\/index.php\/wp-json\/wp\/v2\/media\/6554"}],"wp:attachment":[{"href":"https:\/\/aguaslindasnoticias.com.br\/index.php\/wp-json\/wp\/v2\/media?parent=6518"}],"wp:term":[{"taxonomy":"category","embeddable":true,"href":"https:\/\/aguaslindasnoticias.com.br\/index.php\/wp-json\/wp\/v2\/categories?post=6518"},{"taxonomy":"post_tag","embeddable":true,"href":"https:\/\/aguaslindasnoticias.com.br\/index.php\/wp-json\/wp\/v2\/tags?post=6518"}],"curies":[{"name":"wp","href":"https:\/\/api.w.org\/{rel}","templated":true}]}}