{"id":6512,"date":"2023-09-19T11:39:24","date_gmt":"2023-09-19T14:39:24","guid":{"rendered":"https:\/\/aguaslindasnoticias.com.br\/?p=6512"},"modified":"2023-09-19T11:39:42","modified_gmt":"2023-09-19T14:39:42","slug":"carreta-da-defensoria-publica-bate-recorde-de-atendimentos-em-aguas-lindas-de-goias","status":"publish","type":"post","link":"https:\/\/aguaslindasnoticias.com.br\/index.php\/2023\/09\/19\/carreta-da-defensoria-publica-bate-recorde-de-atendimentos-em-aguas-lindas-de-goias\/","title":{"rendered":"Carreta da Defensoria P\u00fablica bate recorde de atendimentos em \u00c1guas Lindas de Goi\u00e1s"},"content":{"rendered":"\n<p>Aconteceu no \u00faltimo final de semana em \u00c1guas Lindas a a\u00e7\u00e3o da Carreta Itinerante da Defensoria P\u00fablica do Estado de Goi\u00e1s. Os atendimentos aconteceram na sexta (16) e s\u00e1bado (17) na Pra\u00e7a da B\u00edblia, onde a carreta ficou estacionada. A iniciativa foi feita em parceria com a prefeitura municipal e Assembl\u00e9ia Legislativa de Goi\u00e1s.<\/p>\n\n\n\n<p>Segundo informa\u00e7\u00f5es da Defensoria, o evento marcou o recorde de atendimentos feitos em uma \u00fanica cidade: foram registrados um total de 1.568 atendimentos, sendo os principais emiss\u00e3o de segunda via de documentos, pedidos de casamento e de div\u00f3rcio.<\/p>\n\n\n\n<p>Tamb\u00e9m foram oferecidos outros tipos de servi\u00e7o, como reconhecimento de paternidade, pedidos de pens\u00e3o e orienta\u00e7\u00e3o jur\u00eddica, al\u00e9m de atendimentos do Bolsa Fam\u00edlia e servi\u00e7os na loja m\u00f3vel da Equatorial.<\/p>\n\n\n\n<figure class=\"wp-block-image size-large\"><img decoding=\"async\" width=\"1024\" height=\"461\" src=\"https:\/\/aguaslindasnoticias.com.br\/wp-content\/uploads\/2023\/09\/PHOTO-2023-09-19-11-09-48-1024x461.jpg\" alt=\"\" class=\"wp-image-6515\" srcset=\"https:\/\/aguaslindasnoticias.com.br\/wp-content\/uploads\/2023\/09\/PHOTO-2023-09-19-11-09-48-1024x461.jpg 1024w, https:\/\/aguaslindasnoticias.com.br\/wp-content\/uploads\/2023\/09\/PHOTO-2023-09-19-11-09-48-300x135.jpg 300w, https:\/\/aguaslindasnoticias.com.br\/wp-content\/uploads\/2023\/09\/PHOTO-2023-09-19-11-09-48-768x346.jpg 768w, https:\/\/aguaslindasnoticias.com.br\/wp-content\/uploads\/2023\/09\/PHOTO-2023-09-19-11-09-48-1536x691.jpg 1536w, https:\/\/aguaslindasnoticias.com.br\/wp-content\/uploads\/2023\/09\/PHOTO-2023-09-19-11-09-48.jpg 1600w\" sizes=\"(max-width: 1024px) 100vw, 1024px\" \/><\/figure>\n\n\n\n<p>Segundo o deputado Anderson Teodoro (Avante), respons\u00e1vel por solicitar \u00e0 Defensoria a vinda da carreta para o munic\u00edpio juntamente com o prefeito dr. Lucas, a expectativa \u00e9 proporcionar diversas outras a\u00e7\u00f5es que tragam benef\u00edcios para a popula\u00e7\u00e3o. \u201cSem d\u00favida temos muito a agradecer \u00e0 Defensoria por essa brilhante iniciativa. Atingimos em cheio o objetivo, que foi trazer dignidade para essas pessoas, que muitas vezes n\u00e3o tem condi\u00e7\u00f5es de pagar pelos servi\u00e7os ou mesmo n\u00e3o sabem como devem proceder para consegui-los,\u201d concluiu.<\/p>\n","protected":false},"excerpt":{"rendered":"<p>Aconteceu no \u00faltimo final de semana em \u00c1guas Lindas a a\u00e7\u00e3o da Carreta Itinerante da Defensoria P\u00fablica do Estado de Goi\u00e1s. Os atendimentos aconteceram na sexta (16) e s\u00e1bado (17) na Pra\u00e7a da B\u00edblia, onde a carreta ficou estacionada. A iniciativa foi feita em parceria com a prefeitura municipal e Assembl\u00e9ia Legislativa de Goi\u00e1s. Segundo [&hellip;]<\/p>\n","protected":false},"author":1,"featured_media":6514,"comment_status":"open","ping_status":"open","sticky":false,"template":"","format":"standard","meta":{"footnotes":""},"categories":[2,5],"tags":[16,103],"class_list":["post-6512","post","type-post","status-publish","format-standard","has-post-thumbnail","hentry","category-aguaslindas","category-brasil","tag-aguaslindas","tag-defensoria-publica"],"_links":{"self":[{"href":"https:\/\/aguaslindasnoticias.com.br\/index.php\/wp-json\/wp\/v2\/posts\/6512","targetHints":{"allow":["GET"]}}],"collection":[{"href":"https:\/\/aguaslindasnoticias.com.br\/index.php\/wp-json\/wp\/v2\/posts"}],"about":[{"href":"https:\/\/aguaslindasnoticias.com.br\/index.php\/wp-json\/wp\/v2\/types\/post"}],"author":[{"embeddable":true,"href":"https:\/\/aguaslindasnoticias.com.br\/index.php\/wp-json\/wp\/v2\/users\/1"}],"replies":[{"embeddable":true,"href":"https:\/\/aguaslindasnoticias.com.br\/index.php\/wp-json\/wp\/v2\/comments?post=6512"}],"version-history":[{"count":1,"href":"https:\/\/aguaslindasnoticias.com.br\/index.php\/wp-json\/wp\/v2\/posts\/6512\/revisions"}],"predecessor-version":[{"id":6516,"href":"https:\/\/aguaslindasnoticias.com.br\/index.php\/wp-json\/wp\/v2\/posts\/6512\/revisions\/6516"}],"wp:featuredmedia":[{"embeddable":true,"href":"https:\/\/aguaslindasnoticias.com.br\/index.php\/wp-json\/wp\/v2\/media\/6514"}],"wp:attachment":[{"href":"https:\/\/aguaslindasnoticias.com.br\/index.php\/wp-json\/wp\/v2\/media?parent=6512"}],"wp:term":[{"taxonomy":"category","embeddable":true,"href":"https:\/\/aguaslindasnoticias.com.br\/index.php\/wp-json\/wp\/v2\/categories?post=6512"},{"taxonomy":"post_tag","embeddable":true,"href":"https:\/\/aguaslindasnoticias.com.br\/index.php\/wp-json\/wp\/v2\/tags?post=6512"}],"curies":[{"name":"wp","href":"https:\/\/api.w.org\/{rel}","templated":true}]}}