{"id":6494,"date":"2023-09-05T17:01:46","date_gmt":"2023-09-05T20:01:46","guid":{"rendered":"https:\/\/aguaslindasnoticias.com.br\/?p=6494"},"modified":"2023-09-05T17:02:23","modified_gmt":"2023-09-05T20:02:23","slug":"lula-defende-sigilo-sobre-votos-dos-ministros-do-stf","status":"publish","type":"post","link":"https:\/\/aguaslindasnoticias.com.br\/index.php\/2023\/09\/05\/lula-defende-sigilo-sobre-votos-dos-ministros-do-stf\/","title":{"rendered":"Lula defende sigilo sobre votos dos ministros do STF"},"content":{"rendered":"\n<p>Ministros do Supremo durante a sess\u00e3o plen\u00e1ria de 15 de mar\u00e7o de 2023 (Foto: Carlos Moura\/STF)<\/p>\n\n\n\n<blockquote class=\"wp-block-quote is-layout-flow wp-block-quote-is-layout-flow\">\n<p>\u2018A sociedade n\u00e3o tem que saber como vota um ministro da Suprema Corte. Eu acho que o cara tem que votar e ningu\u00e9m precisa saber\u2019, disse<\/p>\n<\/blockquote>\n\n\n\n<p>O presidente Luiz In\u00e1cio Lula da Silva defendeu, nesta ter\u00e7a-feira (5), o sigilo dos votos dos ministros do Supremo Tribunal Federal (STF) com a divulga\u00e7\u00e3o dos placares das vota\u00e7\u00f5es da corte sem que seja especificado como cada magistrado votou.<\/p>\n\n\n\n<p>Em sua live semanal \u201cConversa com o Presidente\u201d, Lula defendeu a mudan\u00e7a como uma forma de \u201cn\u00e3o criar animosidade\u201d contra os ministros do Supremo.<\/p>\n\n\n\n<p>\u201cSe eu pudesse dar um conselho \u00e9 o seguinte: a sociedade n\u00e3o tem que saber como vota um ministro da Suprema Corte. Eu acho que o cara tem que votar e ningu\u00e9m precisa saber\u201d, disse Lula.<\/p>\n\n\n\n<p>\u201cPara a gente n\u00e3o criar animosidade, eu acho que \u00e9 preciso come\u00e7ar a pensar se n\u00e3o \u00e9 o jeito da gente mudar o que est\u00e1 acontecendo no Brasil, porque do jeito que vai daqui a pouco um ministro da Suprema Corte n\u00e3o pode mais sair na rua, n\u00e3o pode mais passear com sua fam\u00edlia, porque tem um cara que n\u00e3o gostou de alguma decis\u00e3o dele\u201d, acrescentou.<\/p>\n\n\n\n<p>A fala de Lula vem depois de o ministro Alexandre de Moraes e familiares serem hostilizados no aeroporto de Roma por um grupo de brasileiros cr\u00edticos a decis\u00f5es recentes do ministro. Na ocasi\u00e3o, quando voltava de uma palestra na It\u00e1lia realizada em julho, Moraes teria sido xingado pelo grupo e o filho do ministro agredido com um tapa no rosto.<\/p>\n\n\n\n<p>Na segunda-feira, o Minist\u00e9rio da Justi\u00e7a informou que recebeu das autoridades italianas as imagens do circuito interno do aeroporto de Roma que registraram o epis\u00f3dio e as encaminhou para a Pol\u00edcia Federal.<\/p>\n\n\n\n<p>Fonte:<a href=\"https:\/\/www.infomoney.com.br\/politica\/lula-defende-sigilo-sobre-votos-dos-ministros-do-stf\/\" target=\"_blank\" rel=\"noreferrer noopener\"> InfoMoney<\/a><\/p>\n","protected":false},"excerpt":{"rendered":"<p>Ministros do Supremo durante a sess\u00e3o plen\u00e1ria de 15 de mar\u00e7o de 2023 (Foto: Carlos Moura\/STF) \u2018A sociedade n\u00e3o tem que saber como vota um ministro da Suprema Corte. Eu acho que o cara tem que votar e ningu\u00e9m precisa saber\u2019, disse O presidente Luiz In\u00e1cio Lula da Silva defendeu, nesta ter\u00e7a-feira (5), o sigilo [&hellip;]<\/p>\n","protected":false},"author":1,"featured_media":6495,"comment_status":"open","ping_status":"open","sticky":false,"template":"","format":"standard","meta":{"footnotes":""},"categories":[5,10],"tags":[],"class_list":["post-6494","post","type-post","status-publish","format-standard","has-post-thumbnail","hentry","category-brasil","category-politica"],"_links":{"self":[{"href":"https:\/\/aguaslindasnoticias.com.br\/index.php\/wp-json\/wp\/v2\/posts\/6494","targetHints":{"allow":["GET"]}}],"collection":[{"href":"https:\/\/aguaslindasnoticias.com.br\/index.php\/wp-json\/wp\/v2\/posts"}],"about":[{"href":"https:\/\/aguaslindasnoticias.com.br\/index.php\/wp-json\/wp\/v2\/types\/post"}],"author":[{"embeddable":true,"href":"https:\/\/aguaslindasnoticias.com.br\/index.php\/wp-json\/wp\/v2\/users\/1"}],"replies":[{"embeddable":true,"href":"https:\/\/aguaslindasnoticias.com.br\/index.php\/wp-json\/wp\/v2\/comments?post=6494"}],"version-history":[{"count":1,"href":"https:\/\/aguaslindasnoticias.com.br\/index.php\/wp-json\/wp\/v2\/posts\/6494\/revisions"}],"predecessor-version":[{"id":6496,"href":"https:\/\/aguaslindasnoticias.com.br\/index.php\/wp-json\/wp\/v2\/posts\/6494\/revisions\/6496"}],"wp:featuredmedia":[{"embeddable":true,"href":"https:\/\/aguaslindasnoticias.com.br\/index.php\/wp-json\/wp\/v2\/media\/6495"}],"wp:attachment":[{"href":"https:\/\/aguaslindasnoticias.com.br\/index.php\/wp-json\/wp\/v2\/media?parent=6494"}],"wp:term":[{"taxonomy":"category","embeddable":true,"href":"https:\/\/aguaslindasnoticias.com.br\/index.php\/wp-json\/wp\/v2\/categories?post=6494"},{"taxonomy":"post_tag","embeddable":true,"href":"https:\/\/aguaslindasnoticias.com.br\/index.php\/wp-json\/wp\/v2\/tags?post=6494"}],"curies":[{"name":"wp","href":"https:\/\/api.w.org\/{rel}","templated":true}]}}