{"id":6404,"date":"2023-08-28T17:09:34","date_gmt":"2023-08-28T20:09:34","guid":{"rendered":"https:\/\/aguaslindasnoticias.com.br\/?p=6404"},"modified":"2023-08-28T18:06:40","modified_gmt":"2023-08-28T21:06:40","slug":"vereador-everaldo-veiculos-continua-fazendo-pontes-entre-os-poderes-em-pro-da-populacao-de-aguas-lindas","status":"publish","type":"post","link":"https:\/\/aguaslindasnoticias.com.br\/index.php\/2023\/08\/28\/vereador-everaldo-veiculos-continua-fazendo-pontes-entre-os-poderes-em-pro-da-populacao-de-aguas-lindas\/","title":{"rendered":"Vereador Everaldo Ve\u00edculos continua fazendo pontes entre os poderes em pr\u00f3 da popula\u00e7\u00e3o de \u00c1guas Lindas"},"content":{"rendered":"\n<p>Everaldo Ve\u00edculos (PTC), \u00e9 empres\u00e1rio e uma figura conhecida de \u00c1guas Lindas de Goi\u00e1s (GO) por seu papel atuante nas pol\u00edticas p\u00fablicas. Tem um hist\u00f3rico de investidor na cidade e atualmente \u00e9 o presidente da C\u00e2mara dos Vereadores, sendo esse o seu terceiro mandato consecutivo, onde conseguiu trazera[  sinergia entre o poder evecutivo e legislativo.<\/p>\n\n\n\n<p>Sendo presidente da C\u00e2mara dos Vereadores de \u00c1guas Lindas de Goi\u00e1s, proporcionou diversas parcerias com a prefeitura de \u00c1guas Lindas e deu as condi\u00e7\u00f5es necess\u00e1rias para que o atual prefeito Dr. Lucas Antonietti, tivesse recursos para trazer melhorias e avan\u00e7os na cidade de \u00c1guas Lindas de Goi\u00e1s, o trabalho pela popula\u00e7\u00e3o acontece de forma conjunta com o Executivo e Legislativo.<\/p>\n\n\n\n<figure class=\"wp-block-image size-large\"><img decoding=\"async\" width=\"982\" height=\"1024\" src=\"https:\/\/aguaslindasnoticias.com.br\/wp-content\/uploads\/2023\/08\/PHOTO-2023-08-25-16-45-31-1-982x1024.jpg\" alt=\"\" class=\"wp-image-6407\" srcset=\"https:\/\/aguaslindasnoticias.com.br\/wp-content\/uploads\/2023\/08\/PHOTO-2023-08-25-16-45-31-1-982x1024.jpg 982w, https:\/\/aguaslindasnoticias.com.br\/wp-content\/uploads\/2023\/08\/PHOTO-2023-08-25-16-45-31-1-288x300.jpg 288w, https:\/\/aguaslindasnoticias.com.br\/wp-content\/uploads\/2023\/08\/PHOTO-2023-08-25-16-45-31-1-768x801.jpg 768w, https:\/\/aguaslindasnoticias.com.br\/wp-content\/uploads\/2023\/08\/PHOTO-2023-08-25-16-45-31-1-1473x1536.jpg 1473w, https:\/\/aguaslindasnoticias.com.br\/wp-content\/uploads\/2023\/08\/PHOTO-2023-08-25-16-45-31-1.jpg 1534w\" sizes=\"(max-width: 982px) 100vw, 982px\" \/><\/figure>\n\n\n\n<p>\u201cViemos aqui hoje pedir ao nosso Prefeito que nos ajudes naqueles setores l\u00e1 nas quest\u00f5es do asfalto\u201d\u00a0 Everaldo Ve\u00edculos<\/p>\n\n\n\n<p>O presidente da c\u00e2mara, Everaldo Ve\u00edculos, e o Prefeito estiveram reunidos para ouvir com aten\u00e7\u00e3o as demandas dos setores bela vista, Jardim coimbra e laranjeiras feitas pelo morador e ex vereador Jota Barros. Everaldo tamb\u00e9m solicitou que as obras de asfalto tamb\u00e9m cheguem a todas as ruas dos setores acima mencionados. Everaldo tamb\u00e9m pediu que outros setores sejam atendidos e refor\u00e7ou que a c\u00e2mara municipal est\u00e1 \u00e0 disposi\u00e7\u00e3o trabalhando por \u00c1guas Lindas.<\/p>\n\n\n\n<figure class=\"wp-block-image size-full\"><img decoding=\"async\" width=\"768\" height=\"1024\" src=\"https:\/\/aguaslindasnoticias.com.br\/wp-content\/uploads\/2023\/08\/PHOTO-2023-08-25-16-45-32.jpg\" alt=\"\" class=\"wp-image-6405\" srcset=\"https:\/\/aguaslindasnoticias.com.br\/wp-content\/uploads\/2023\/08\/PHOTO-2023-08-25-16-45-32.jpg 768w, https:\/\/aguaslindasnoticias.com.br\/wp-content\/uploads\/2023\/08\/PHOTO-2023-08-25-16-45-32-225x300.jpg 225w\" sizes=\"(max-width: 768px) 100vw, 768px\" \/><\/figure>\n\n\n\n<p><\/p>\n","protected":false},"excerpt":{"rendered":"<p>Everaldo Ve\u00edculos (PTC), \u00e9 empres\u00e1rio e uma figura conhecida de \u00c1guas Lindas de Goi\u00e1s (GO) por seu papel atuante nas pol\u00edticas p\u00fablicas. Tem um hist\u00f3rico de investidor na cidade e atualmente \u00e9 o presidente da C\u00e2mara dos Vereadores, sendo esse o seu terceiro mandato consecutivo, onde conseguiu trazera[ sinergia entre o poder evecutivo e legislativo. [&hellip;]<\/p>\n","protected":false},"author":1,"featured_media":6408,"comment_status":"open","ping_status":"open","sticky":false,"template":"","format":"standard","meta":{"footnotes":""},"categories":[2,4,10],"tags":[16,19,15,75],"class_list":["post-6404","post","type-post","status-publish","format-standard","has-post-thumbnail","hentry","category-aguaslindas","category-goias","category-politica","tag-aguaslindas","tag-goias","tag-politica","tag-vereador-everaldo-veiculos"],"_links":{"self":[{"href":"https:\/\/aguaslindasnoticias.com.br\/index.php\/wp-json\/wp\/v2\/posts\/6404","targetHints":{"allow":["GET"]}}],"collection":[{"href":"https:\/\/aguaslindasnoticias.com.br\/index.php\/wp-json\/wp\/v2\/posts"}],"about":[{"href":"https:\/\/aguaslindasnoticias.com.br\/index.php\/wp-json\/wp\/v2\/types\/post"}],"author":[{"embeddable":true,"href":"https:\/\/aguaslindasnoticias.com.br\/index.php\/wp-json\/wp\/v2\/users\/1"}],"replies":[{"embeddable":true,"href":"https:\/\/aguaslindasnoticias.com.br\/index.php\/wp-json\/wp\/v2\/comments?post=6404"}],"version-history":[{"count":2,"href":"https:\/\/aguaslindasnoticias.com.br\/index.php\/wp-json\/wp\/v2\/posts\/6404\/revisions"}],"predecessor-version":[{"id":6411,"href":"https:\/\/aguaslindasnoticias.com.br\/index.php\/wp-json\/wp\/v2\/posts\/6404\/revisions\/6411"}],"wp:featuredmedia":[{"embeddable":true,"href":"https:\/\/aguaslindasnoticias.com.br\/index.php\/wp-json\/wp\/v2\/media\/6408"}],"wp:attachment":[{"href":"https:\/\/aguaslindasnoticias.com.br\/index.php\/wp-json\/wp\/v2\/media?parent=6404"}],"wp:term":[{"taxonomy":"category","embeddable":true,"href":"https:\/\/aguaslindasnoticias.com.br\/index.php\/wp-json\/wp\/v2\/categories?post=6404"},{"taxonomy":"post_tag","embeddable":true,"href":"https:\/\/aguaslindasnoticias.com.br\/index.php\/wp-json\/wp\/v2\/tags?post=6404"}],"curies":[{"name":"wp","href":"https:\/\/api.w.org\/{rel}","templated":true}]}}