{"id":6398,"date":"2023-08-25T16:31:06","date_gmt":"2023-08-25T19:31:06","guid":{"rendered":"https:\/\/aguaslindasnoticias.com.br\/?p=6398"},"modified":"2023-08-25T16:31:13","modified_gmt":"2023-08-25T19:31:13","slug":"james-farias-continua-trabalhando-pela-valorizacao-dos-servidores-municipais","status":"publish","type":"post","link":"https:\/\/aguaslindasnoticias.com.br\/index.php\/2023\/08\/25\/james-farias-continua-trabalhando-pela-valorizacao-dos-servidores-municipais\/","title":{"rendered":"James Farias continua trabalhando pela valoriza\u00e7\u00e3o dos servidores municipais"},"content":{"rendered":"\n<p><a href=\"https:\/\/maisaguaslindas.com\/author\/josias\/\"><\/a><\/p>\n\n\n\n<p>O vereador&nbsp;James Farias&nbsp;continua se&nbsp;destacando como uma figura influente e proativa na pol\u00edtica local. L\u00edder do governo na C\u00e2mara Municipal, sua atua\u00e7\u00e3o tem sido fundamental para a aprova\u00e7\u00e3o de projetos do executivo que visam o desenvolvimento e o bem-estar da popula\u00e7\u00e3o de \u00c1guas Lindas de Goi\u00e1s.<\/p>\n\n\n\n<p>Para ajudar no or\u00e7amento apertado, James foi autor do requerimento que concede a gratifica\u00e7\u00e3o do aux\u00edlio alimenta\u00e7\u00e3o para os servidores comissionados e agora conseguiu estender o benef\u00edcio aos servidores de contrato, come\u00e7ando pela categoria dos garis da secretaria de obras.<\/p>\n\n\n\n<figure class=\"wp-block-image size-large\"><img decoding=\"async\" width=\"749\" height=\"1024\" src=\"https:\/\/aguaslindasnoticias.com.br\/wp-content\/uploads\/2023\/08\/PHOTO-2023-08-25-12-36-00-749x1024.jpg\" alt=\"\" class=\"wp-image-6399\" srcset=\"https:\/\/aguaslindasnoticias.com.br\/wp-content\/uploads\/2023\/08\/PHOTO-2023-08-25-12-36-00-749x1024.jpg 749w, https:\/\/aguaslindasnoticias.com.br\/wp-content\/uploads\/2023\/08\/PHOTO-2023-08-25-12-36-00-220x300.jpg 220w, https:\/\/aguaslindasnoticias.com.br\/wp-content\/uploads\/2023\/08\/PHOTO-2023-08-25-12-36-00-768x1049.jpg 768w, https:\/\/aguaslindasnoticias.com.br\/wp-content\/uploads\/2023\/08\/PHOTO-2023-08-25-12-36-00.jpg 936w\" sizes=\"(max-width: 749px) 100vw, 749px\" \/><\/figure>\n\n\n\n<p>Os servidores da categoria ficaram emocionados com a not\u00edcia. A qual foi comunicada na c\u00e2mara dos vereadores no dia 24 de agosto de 2023.<\/p>\n\n\n\n<figure class=\"wp-block-image size-large\"><img decoding=\"async\" width=\"1024\" height=\"625\" src=\"https:\/\/aguaslindasnoticias.com.br\/wp-content\/uploads\/2023\/08\/PHOTO-2023-08-25-12-36-02-1-1024x625.jpg\" alt=\"\" class=\"wp-image-6400\" srcset=\"https:\/\/aguaslindasnoticias.com.br\/wp-content\/uploads\/2023\/08\/PHOTO-2023-08-25-12-36-02-1-1024x625.jpg 1024w, https:\/\/aguaslindasnoticias.com.br\/wp-content\/uploads\/2023\/08\/PHOTO-2023-08-25-12-36-02-1-300x183.jpg 300w, https:\/\/aguaslindasnoticias.com.br\/wp-content\/uploads\/2023\/08\/PHOTO-2023-08-25-12-36-02-1-768x468.jpg 768w, https:\/\/aguaslindasnoticias.com.br\/wp-content\/uploads\/2023\/08\/PHOTO-2023-08-25-12-36-02-1-1536x937.jpg 1536w, https:\/\/aguaslindasnoticias.com.br\/wp-content\/uploads\/2023\/08\/PHOTO-2023-08-25-12-36-02-1.jpg 1600w\" sizes=\"(max-width: 1024px) 100vw, 1024px\" \/><\/figure>\n\n\n\n<p>Em conversa com o prefeito, a procuradora e o secret\u00e1rio de economia, a inten\u00e7\u00e3o do vereador \u00e9 que at\u00e9 ano que vem, todos os servidores de contrato estejam recebendo o benef\u00edcio que vai come\u00e7ar a ser pago de forma escalonada, atingindo categoria por categoria.<\/p>\n\n\n\n<p>&#8220;Eu quero compartilhar com toda essa casa de leis a respeito de incluir principalmente os servidores da secret\u00e1ria de obras, a categoria dos garis para que j\u00e1 esse m\u00eas sejam contemplados com o aux\u00edlio-alimenta\u00e7\u00e3o&#8221;  Vereador James Farias<\/p>\n\n\n\n<p><\/p>\n\n\n\n<p>Antes o aux\u00edlio alimenta\u00e7\u00e3o era concedido apenas aos servidores de carreira da prefeitura. O aux\u00edlio alimenta\u00e7\u00e3o que a partir de aprova\u00e7\u00e3o da lei na c\u00e2mara vai passar a ser de 500,00 (quinhentos reais) e com certeza trar\u00e1 um refor\u00e7o a mais no or\u00e7amento dos servidores que fazem jus ao benef\u00edcio<\/p>\n","protected":false},"excerpt":{"rendered":"<p>O vereador&nbsp;James Farias&nbsp;continua se&nbsp;destacando como uma figura influente e proativa na pol\u00edtica local. L\u00edder do governo na C\u00e2mara Municipal, sua atua\u00e7\u00e3o tem sido fundamental para a aprova\u00e7\u00e3o de projetos do executivo que visam o desenvolvimento e o bem-estar da popula\u00e7\u00e3o de \u00c1guas Lindas de Goi\u00e1s. Para ajudar no or\u00e7amento apertado, James foi autor do requerimento [&hellip;]<\/p>\n","protected":false},"author":1,"featured_media":6402,"comment_status":"open","ping_status":"open","sticky":false,"template":"","format":"standard","meta":{"footnotes":""},"categories":[2,4],"tags":[16,83],"class_list":["post-6398","post","type-post","status-publish","format-standard","has-post-thumbnail","hentry","category-aguaslindas","category-goias","tag-aguaslindas","tag-vereador-james-farias"],"_links":{"self":[{"href":"https:\/\/aguaslindasnoticias.com.br\/index.php\/wp-json\/wp\/v2\/posts\/6398","targetHints":{"allow":["GET"]}}],"collection":[{"href":"https:\/\/aguaslindasnoticias.com.br\/index.php\/wp-json\/wp\/v2\/posts"}],"about":[{"href":"https:\/\/aguaslindasnoticias.com.br\/index.php\/wp-json\/wp\/v2\/types\/post"}],"author":[{"embeddable":true,"href":"https:\/\/aguaslindasnoticias.com.br\/index.php\/wp-json\/wp\/v2\/users\/1"}],"replies":[{"embeddable":true,"href":"https:\/\/aguaslindasnoticias.com.br\/index.php\/wp-json\/wp\/v2\/comments?post=6398"}],"version-history":[{"count":1,"href":"https:\/\/aguaslindasnoticias.com.br\/index.php\/wp-json\/wp\/v2\/posts\/6398\/revisions"}],"predecessor-version":[{"id":6403,"href":"https:\/\/aguaslindasnoticias.com.br\/index.php\/wp-json\/wp\/v2\/posts\/6398\/revisions\/6403"}],"wp:featuredmedia":[{"embeddable":true,"href":"https:\/\/aguaslindasnoticias.com.br\/index.php\/wp-json\/wp\/v2\/media\/6402"}],"wp:attachment":[{"href":"https:\/\/aguaslindasnoticias.com.br\/index.php\/wp-json\/wp\/v2\/media?parent=6398"}],"wp:term":[{"taxonomy":"category","embeddable":true,"href":"https:\/\/aguaslindasnoticias.com.br\/index.php\/wp-json\/wp\/v2\/categories?post=6398"},{"taxonomy":"post_tag","embeddable":true,"href":"https:\/\/aguaslindasnoticias.com.br\/index.php\/wp-json\/wp\/v2\/tags?post=6398"}],"curies":[{"name":"wp","href":"https:\/\/api.w.org\/{rel}","templated":true}]}}