{"id":6386,"date":"2023-08-16T05:03:22","date_gmt":"2023-08-16T08:03:22","guid":{"rendered":"https:\/\/aguaslindasnoticias.com.br\/?p=6386"},"modified":"2023-09-04T11:13:35","modified_gmt":"2023-09-04T14:13:35","slug":"divulgados-os-editais-para-concurso-publico-de-cidade-ocidental","status":"publish","type":"post","link":"https:\/\/aguaslindasnoticias.com.br\/index.php\/2023\/08\/16\/divulgados-os-editais-para-concurso-publico-de-cidade-ocidental\/","title":{"rendered":"Divulgados os editais para o concurso p\u00fablico de cidade ocidental"},"content":{"rendered":"\n<p>Prefeitura de Cidade Ocidental publicou dois editais de concurso p\u00fablico para a contrata\u00e7\u00e3o imediata e preenchimento de cadastro reserva de profissionais nos n\u00edveis m\u00e9dio e superior.\u00a0<\/p>\n\n\n\n<p><strong>Edital 01\/2023<\/strong><\/p>\n\n\n\n<p>S\u00e3o 20 vagas de contrata\u00e7\u00e3o imediata para o cargo de Guarda Civil Municipal, mais 60 vagas de cadastro reserva.<\/p>\n\n\n\n<p>As inscri\u00e7\u00f5es poder\u00e3o ser feitas de 13\/09\/2023 a 06\/10\/2023.<\/p>\n\n\n\n<p>As provas ser\u00e3o realizadas no dia 22\/10\/2023.<\/p>\n\n\n\n<p>Sal\u00e1rio de R$ 1.483,00.<\/p>\n\n\n\n<p><strong>Edital 02\/2023<\/strong><\/p>\n\n\n\n<p>S\u00e3o 150 vagas de contrata\u00e7\u00e3o imediata nos n\u00edveis m\u00e9dio e superior, mais 408 vagas de cadastro reserva.<\/p>\n\n\n\n<p>As inscri\u00e7\u00f5es poder\u00e3o ser feitas de 13\/09\/2023 a 06\/10\/2023.<\/p>\n\n\n\n<p>As provas ser\u00e3o realizadas no dia 29\/10\/2023.<\/p>\n\n\n\n<p>Os sal\u00e1rios variam de R$ 1.341,63 a R$ 5.417,58<\/p>\n\n\n\n<p>As inscri\u00e7\u00f5es ser\u00e3o realizadas exclusivamente pelo site do Instituto Verbena&nbsp;<a href=\"https:\/\/institutoverbena.ufg.br\/\">https:\/\/institutoverbena.ufg.br\/<\/a>&nbsp;e o valor varia de R$ 80 a 140 reais, dependo do cargo.&nbsp;<\/p>\n\n\n\n<p>Os interessados podem acessar os links abaixo para ter acesso aos editais completos.<\/p>\n\n\n\n<p><strong><a href=\"https:\/\/acessoainformacao.cidadeocidental.go.gov.br\/cidadao\/concursos_selecoes\/concurso\/id=3\" target=\"_blank\" rel=\"noreferrer noopener\">Edital 01\/2023 &#8211; Guarda Civil Municipal<\/a><\/strong><\/p>\n\n\n\n<p><strong><a href=\"https:\/\/acessoainformacao.cidadeocidental.go.gov.br\/cidadao\/concursos_selecoes\/concurso\/id=4\" target=\"_blank\" rel=\"noreferrer noopener\">Edital 02\/2023 &#8211; Vagas Gerais<\/a><\/strong><\/p>\n\n\n\n<p>Fonte: <a href=\"https:\/\/www.cidadeocidental.go.gov.br\/noticia\/1248\" target=\"_blank\" rel=\"noreferrer noopener\">Governo de Cidade Ocidental<\/a><\/p>\n","protected":false},"excerpt":{"rendered":"<p>Prefeitura de Cidade Ocidental publicou dois editais de concurso p\u00fablico para a contrata\u00e7\u00e3o imediata e preenchimento de cadastro reserva de profissionais nos n\u00edveis m\u00e9dio e superior.\u00a0 Edital 01\/2023 S\u00e3o 20 vagas de contrata\u00e7\u00e3o imediata para o cargo de Guarda Civil Municipal, mais 60 vagas de cadastro reserva. As inscri\u00e7\u00f5es poder\u00e3o ser feitas de 13\/09\/2023 a [&hellip;]<\/p>\n","protected":false},"author":1,"featured_media":6387,"comment_status":"open","ping_status":"open","sticky":false,"template":"","format":"standard","meta":{"footnotes":""},"categories":[5,45,4],"tags":[82,19],"class_list":["post-6386","post","type-post","status-publish","format-standard","has-post-thumbnail","hentry","category-brasil","category-emprego","category-goias","tag-cidade-ocidental","tag-goias"],"_links":{"self":[{"href":"https:\/\/aguaslindasnoticias.com.br\/index.php\/wp-json\/wp\/v2\/posts\/6386","targetHints":{"allow":["GET"]}}],"collection":[{"href":"https:\/\/aguaslindasnoticias.com.br\/index.php\/wp-json\/wp\/v2\/posts"}],"about":[{"href":"https:\/\/aguaslindasnoticias.com.br\/index.php\/wp-json\/wp\/v2\/types\/post"}],"author":[{"embeddable":true,"href":"https:\/\/aguaslindasnoticias.com.br\/index.php\/wp-json\/wp\/v2\/users\/1"}],"replies":[{"embeddable":true,"href":"https:\/\/aguaslindasnoticias.com.br\/index.php\/wp-json\/wp\/v2\/comments?post=6386"}],"version-history":[{"count":2,"href":"https:\/\/aguaslindasnoticias.com.br\/index.php\/wp-json\/wp\/v2\/posts\/6386\/revisions"}],"predecessor-version":[{"id":6485,"href":"https:\/\/aguaslindasnoticias.com.br\/index.php\/wp-json\/wp\/v2\/posts\/6386\/revisions\/6485"}],"wp:featuredmedia":[{"embeddable":true,"href":"https:\/\/aguaslindasnoticias.com.br\/index.php\/wp-json\/wp\/v2\/media\/6387"}],"wp:attachment":[{"href":"https:\/\/aguaslindasnoticias.com.br\/index.php\/wp-json\/wp\/v2\/media?parent=6386"}],"wp:term":[{"taxonomy":"category","embeddable":true,"href":"https:\/\/aguaslindasnoticias.com.br\/index.php\/wp-json\/wp\/v2\/categories?post=6386"},{"taxonomy":"post_tag","embeddable":true,"href":"https:\/\/aguaslindasnoticias.com.br\/index.php\/wp-json\/wp\/v2\/tags?post=6386"}],"curies":[{"name":"wp","href":"https:\/\/api.w.org\/{rel}","templated":true}]}}