{"id":6364,"date":"2023-08-15T15:11:07","date_gmt":"2023-08-15T18:11:07","guid":{"rendered":"https:\/\/aguaslindasnoticias.com.br\/?p=6364"},"modified":"2023-08-15T15:22:18","modified_gmt":"2023-08-15T18:22:18","slug":"deputado-anderson-teodoro-participa-de-entrega-do-cartao-social-em-aguas-lindas","status":"publish","type":"post","link":"https:\/\/aguaslindasnoticias.com.br\/index.php\/2023\/08\/15\/deputado-anderson-teodoro-participa-de-entrega-do-cartao-social-em-aguas-lindas\/","title":{"rendered":"Deputado Anderson Teodoro participa de entrega do Cart\u00e3o Social em \u00c1guas Lindas"},"content":{"rendered":"\n<p>A semana come\u00e7ou com uma \u00f3tima not\u00edcia em \u00c1guas Lindas de Goi\u00e1s: na manh\u00e3 desta segunda-feira, 14, foi realizada no Instituto Federal de Goi\u00e1s a entrega do Cart\u00e3o Aluguel Social para 820 fam\u00edlias. Durante 18 meses, os contemplados ir\u00e3o receber R$ 350 reais de ajuda para o aluguel.<\/p>\n\n\n\n<figure class=\"wp-block-image size-large\"><img decoding=\"async\" width=\"1024\" height=\"577\" src=\"https:\/\/aguaslindasnoticias.com.br\/wp-content\/uploads\/2023\/08\/PHOTO-2023-08-15-13-39-48-1-1024x577.jpg\" alt=\"\" class=\"wp-image-6376\" srcset=\"https:\/\/aguaslindasnoticias.com.br\/wp-content\/uploads\/2023\/08\/PHOTO-2023-08-15-13-39-48-1-1024x577.jpg 1024w, https:\/\/aguaslindasnoticias.com.br\/wp-content\/uploads\/2023\/08\/PHOTO-2023-08-15-13-39-48-1-300x169.jpg 300w, https:\/\/aguaslindasnoticias.com.br\/wp-content\/uploads\/2023\/08\/PHOTO-2023-08-15-13-39-48-1-768x433.jpg 768w, https:\/\/aguaslindasnoticias.com.br\/wp-content\/uploads\/2023\/08\/PHOTO-2023-08-15-13-39-48-1-1536x866.jpg 1536w, https:\/\/aguaslindasnoticias.com.br\/wp-content\/uploads\/2023\/08\/PHOTO-2023-08-15-13-39-48-1.jpg 1600w\" sizes=\"(max-width: 1024px) 100vw, 1024px\" \/><\/figure>\n\n\n\n<p>A cerim\u00f4nia contou com a presen\u00e7a do deputado estadual Anderson Teodoro (Avante), o prefeito Dr. Lucas Antonietti, Alexandre Baldy, presidente da Agehab (Ag\u00eancia Goiana de Habita\u00e7\u00e3o); Pedro Sales, secret\u00e1rio de Estado de Infraestrutura; secret\u00e1ria de Estado do Entorno, Maria Caroline Fleury de Lima; secret\u00e1rio municipal de Habita\u00e7\u00e3o, Oliveira J\u00fanior e Everaldo Ve\u00edculos, presidente da C\u00e2mara.<\/p>\n\n\n\n<div class=\"wp-block-columns are-vertically-aligned-center is-layout-flex wp-container-core-columns-is-layout-1 wp-block-columns-is-layout-flex\">\n<div class=\"wp-block-column is-vertically-aligned-center is-layout-flow wp-block-column-is-layout-flow\" style=\"flex-basis:100%\">\n<div class=\"wp-block-group\"><div class=\"wp-block-group__inner-container is-layout-constrained wp-block-group-is-layout-constrained\">\n<figure class=\"wp-block-gallery has-nested-images columns-default is-cropped wp-block-gallery-1 is-layout-flex wp-block-gallery-is-layout-flex\">\n<figure class=\"wp-block-image size-large\"><img decoding=\"async\" width=\"1024\" height=\"461\" src=\"https:\/\/aguaslindasnoticias.com.br\/wp-content\/uploads\/2023\/08\/PHOTO-2023-08-15-13-39-49-2-1024x461.jpg\" alt=\"\" class=\"wp-image-6374\" srcset=\"https:\/\/aguaslindasnoticias.com.br\/wp-content\/uploads\/2023\/08\/PHOTO-2023-08-15-13-39-49-2-1024x461.jpg 1024w, https:\/\/aguaslindasnoticias.com.br\/wp-content\/uploads\/2023\/08\/PHOTO-2023-08-15-13-39-49-2-300x135.jpg 300w, https:\/\/aguaslindasnoticias.com.br\/wp-content\/uploads\/2023\/08\/PHOTO-2023-08-15-13-39-49-2-768x346.jpg 768w, https:\/\/aguaslindasnoticias.com.br\/wp-content\/uploads\/2023\/08\/PHOTO-2023-08-15-13-39-49-2-1536x691.jpg 1536w, https:\/\/aguaslindasnoticias.com.br\/wp-content\/uploads\/2023\/08\/PHOTO-2023-08-15-13-39-49-2.jpg 1600w\" sizes=\"(max-width: 1024px) 100vw, 1024px\" \/><\/figure>\n<\/figure>\n<\/div><\/div>\n<\/div>\n<\/div>\n\n\n\n<p>Uma das beneficiadas foi Talita Souza, que atualmente est\u00e1 desempregada. M\u00e3e de dois filhos, uma menina de 11 anos e um menino de 5 anos, ficou esperan\u00e7osa com a ajuda. \u201cVai ser muito bem-vindo no momento,\u201d destacou.<\/p>\n\n\n\n<p>De acordo com o deputado estadual Anderson Teodoro, o Cart\u00e3o Social \u00e9 uma iniciativa pioneira, que coloca Goi\u00e1s numa posi\u00e7\u00e3o de destaque no pa\u00eds. \u201cTodos os que est\u00e3o aqui presentes ajudaram tornar esse projeto uma realidade na nossa cidade. Temos que trabalhar para transformar a vida das pessoas,\u201d finalizou.<\/p>\n\n\n\n<figure class=\"wp-block-image size-large\"><img decoding=\"async\" width=\"1024\" height=\"683\" src=\"https:\/\/aguaslindasnoticias.com.br\/wp-content\/uploads\/2023\/08\/PHOTO-2023-08-15-13-38-35-1-1024x683.jpg\" alt=\"\" class=\"wp-image-6377\" srcset=\"https:\/\/aguaslindasnoticias.com.br\/wp-content\/uploads\/2023\/08\/PHOTO-2023-08-15-13-38-35-1-1024x683.jpg 1024w, https:\/\/aguaslindasnoticias.com.br\/wp-content\/uploads\/2023\/08\/PHOTO-2023-08-15-13-38-35-1-300x200.jpg 300w, https:\/\/aguaslindasnoticias.com.br\/wp-content\/uploads\/2023\/08\/PHOTO-2023-08-15-13-38-35-1-768x512.jpg 768w, https:\/\/aguaslindasnoticias.com.br\/wp-content\/uploads\/2023\/08\/PHOTO-2023-08-15-13-38-35-1.jpg 1500w\" sizes=\"(max-width: 1024px) 100vw, 1024px\" \/><\/figure>\n\n\n\n<p><strong>Vistoria ao Hospital e casas populares<\/strong><\/p>\n\n\n\n<p><br>Na oportunidade, Alexandre Baldy e Pedro Sales, acompanhados do prefeito Dr. Lucas e do deputado, estiveram nas instala\u00e7\u00f5es acompanhando as obras do Hospital Estadual. A expectativa \u00e9 de que a inaugura\u00e7\u00e3o ocorra em dezembro, segundo Pedro Sales.<\/p>\n\n\n\n<p>A equipe tamb\u00e9m fez uma vistoria nas casas populares. Ao todo, s\u00e3o 50 im\u00f3veis a custo zero para a popula\u00e7\u00e3o mais carente, que devem ser entregues ainda neste ano, segundo o prefeito Dr. Lucas.<\/p>\n","protected":false},"excerpt":{"rendered":"<p>A semana come\u00e7ou com uma \u00f3tima not\u00edcia em \u00c1guas Lindas de Goi\u00e1s: na manh\u00e3 desta segunda-feira, 14, foi realizada no Instituto Federal de Goi\u00e1s a entrega do Cart\u00e3o Aluguel Social para 820 fam\u00edlias. Durante 18 meses, os contemplados ir\u00e3o receber R$ 350 reais de ajuda para o aluguel. A cerim\u00f4nia contou com a presen\u00e7a do [&hellip;]<\/p>\n","protected":false},"author":1,"featured_media":6365,"comment_status":"open","ping_status":"open","sticky":false,"template":"","format":"standard","meta":{"footnotes":""},"categories":[2,80,4],"tags":[16,19,22],"class_list":["post-6364","post","type-post","status-publish","format-standard","has-post-thumbnail","hentry","category-aguaslindas","category-cidadania","category-goias","tag-aguaslindas","tag-goias","tag-prefeitura-municipal-de-aguas-lindas-de-goias"],"_links":{"self":[{"href":"https:\/\/aguaslindasnoticias.com.br\/index.php\/wp-json\/wp\/v2\/posts\/6364","targetHints":{"allow":["GET"]}}],"collection":[{"href":"https:\/\/aguaslindasnoticias.com.br\/index.php\/wp-json\/wp\/v2\/posts"}],"about":[{"href":"https:\/\/aguaslindasnoticias.com.br\/index.php\/wp-json\/wp\/v2\/types\/post"}],"author":[{"embeddable":true,"href":"https:\/\/aguaslindasnoticias.com.br\/index.php\/wp-json\/wp\/v2\/users\/1"}],"replies":[{"embeddable":true,"href":"https:\/\/aguaslindasnoticias.com.br\/index.php\/wp-json\/wp\/v2\/comments?post=6364"}],"version-history":[{"count":1,"href":"https:\/\/aguaslindasnoticias.com.br\/index.php\/wp-json\/wp\/v2\/posts\/6364\/revisions"}],"predecessor-version":[{"id":6379,"href":"https:\/\/aguaslindasnoticias.com.br\/index.php\/wp-json\/wp\/v2\/posts\/6364\/revisions\/6379"}],"wp:featuredmedia":[{"embeddable":true,"href":"https:\/\/aguaslindasnoticias.com.br\/index.php\/wp-json\/wp\/v2\/media\/6365"}],"wp:attachment":[{"href":"https:\/\/aguaslindasnoticias.com.br\/index.php\/wp-json\/wp\/v2\/media?parent=6364"}],"wp:term":[{"taxonomy":"category","embeddable":true,"href":"https:\/\/aguaslindasnoticias.com.br\/index.php\/wp-json\/wp\/v2\/categories?post=6364"},{"taxonomy":"post_tag","embeddable":true,"href":"https:\/\/aguaslindasnoticias.com.br\/index.php\/wp-json\/wp\/v2\/tags?post=6364"}],"curies":[{"name":"wp","href":"https:\/\/api.w.org\/{rel}","templated":true}]}}