{"id":6356,"date":"2023-08-15T05:23:43","date_gmt":"2023-08-15T08:23:43","guid":{"rendered":"https:\/\/aguaslindasnoticias.com.br\/?p=6356"},"modified":"2023-08-15T05:40:12","modified_gmt":"2023-08-15T08:40:12","slug":"familias-de-aguas-lindas-e-aparecida-recebem-aluguel-social","status":"publish","type":"post","link":"https:\/\/aguaslindasnoticias.com.br\/index.php\/2023\/08\/15\/familias-de-aguas-lindas-e-aparecida-recebem-aluguel-social\/","title":{"rendered":"Fam\u00edlias de \u00c1guas Lindas e Aparecida recebem Aluguel Social"},"content":{"rendered":"\n<p>Fam\u00edlias recebem cart\u00f5es em evento do Aluguel Social: programa chega para novos benefici\u00e1rios de \u00c1guas Lindas e Aparecida nesta segunda (Foto: Octac\u00edlio Queiroz)<\/p>\n\n\n\n<p>A&nbsp;<a href=\"https:\/\/www.agehab.go.gov.br\/\">Ag\u00eancia Goiana de Habita\u00e7\u00e3o<\/a>&nbsp;(Agehab) e&nbsp;<a href=\"https:\/\/www.seinfra.go.gov.br\/\">Secretaria da Infraestrutura<\/a>&nbsp;(Seinfra) entregam mais 930 novos cart\u00f5es do Programa Pra Ter Onde Morar \u2013 Aluguel Social para fam\u00edlias de \u00c1guas Lindas e Aparecida de Goi\u00e2nia, nesta segunda-feira (14\/08).<\/p>\n\n\n\n<p>A entrega de 820 cart\u00f5es de \u00c1guas Lindas ser\u00e1 \u00e0s 9 horas, no Gin\u00e1sio do Instituto Federal de Goi\u00e1s. Em Aparecida, ser\u00e3o entregues 110 cart\u00f5es, \u00e0s 14 horas, no Centro de Ensino em Per\u00edodo Integral Cruzeiro do Sul (Cepi).<\/p>\n\n\n\n<h2 class=\"wp-block-heading\">ALUGUEL SOCIAL<\/h2>\n\n\n\n<p>Os eventos contar\u00e3o com a presen\u00e7a do presidente da Agehab, Alexandre Baldy. As listas de convoca\u00e7\u00e3o dos novos contemplados do Aluguel Social j\u00e1 est\u00e3o dispon\u00edveis no&nbsp;<a href=\"https:\/\/www.agehab.go.gov.br\/\">site<\/a>, no banner \u201cAluguel Social\u201d e \u201cListas e Editais por Cidade\u201d.<\/p>\n\n\n\n<p>Os benefici\u00e1rios tamb\u00e9m s\u00e3o avisados por meio de liga\u00e7\u00f5es telef\u00f4nicas e mensagens de texto. Os convocados que comparecerem recebem os cart\u00f5es do programa junto com as instru\u00e7\u00f5es para usar o aplicativo do programa.<\/p>\n\n\n\n<p>O Aluguel Social disponibiliza o valor de R$ 350 mensais, durante 18 meses. Os repasses s\u00e3o realizados pelo Governo de Goi\u00e1s ao aplicativo instalado no celular do benefici\u00e1rio, que por sua vez dever\u00e1 transferir o valor direto \u00e0 conta do locador.<\/p>\n\n\n\n<blockquote class=\"wp-block-quote is-layout-flow wp-block-quote-is-layout-flow\">\n<p><strong>\u201cAl\u00e9m de apresentar o contrato de loca\u00e7\u00e3o, todos os meses a fam\u00edlia tamb\u00e9m precisa fazer a presta\u00e7\u00e3o de contas. O objetivo \u00e9 comprovar que o dinheiro est\u00e1 sendo utilizado realmente para loca\u00e7\u00e3o do im\u00f3vel\u201d, explica o presidente Alexandre Baldy.<\/strong><\/p>\n<\/blockquote>\n\n\n\n<p>O secret\u00e1rio de Infraestrututura Pedro Sales lembra que o Aluguel Social se revelou uma grande ajuda emergencial para garantir dignidade habitacional para 40 mil fam\u00edlias simultaneamente.<\/p>\n\n\n\n<blockquote class=\"wp-block-quote is-layout-flow wp-block-quote-is-layout-flow\">\n<p><strong>\u201cMas o Governo de Goi\u00e1s deseja mesmo \u00e9 ver essas pessoas em uma casa pr\u00f3pria. Estamos trabalhando para isso, com outras linhas de atendimento como as casas a custo zero e com o Cr\u00e9dito Parceria\u201d, exemplifica.<\/strong><\/p>\n<\/blockquote>\n\n\n\n<p>Os eventos em \u00c1guas Lindas e Aparecida contar\u00e3o com parceria da&nbsp;<a href=\"https:\/\/www.retomada.go.gov.br\/\">Secretaria da Retomada<\/a>, que levar\u00e1 aos locais dos eventos o Programa Mais Empregos. Haver\u00e1 inscri\u00e7\u00f5es para vagas e cursos profissionais.<\/p>\n\n\n\n<blockquote class=\"wp-block-quote is-layout-flow wp-block-quote-is-layout-flow\">\n<p>\u201c<strong>A ideia \u00e9 possibilitar que essas fam\u00edlias saiam da condi\u00e7\u00e3o de depend\u00eancia econ\u00f4mica\u201d, assinala Baldy<\/strong>.<\/p>\n<\/blockquote>\n\n\n\n<p><strong>Servi\u00e7o 1<\/strong><\/p>\n\n\n\n<p>Assunto:<strong>&nbsp;Entrega de cart\u00f5es em \u00c1guas Lindas<\/strong><br>Quando: Segunda-feira (14\/08), \u00e0s 9h<br>Onde: Gin\u00e1sio do Instituto Federal de Goi\u00e1s (IFG), Rua 21, \u00c1rea Especial 4, Jardim Quer\u00eancia, \u00c1guas Lindas de Goi\u00e1s (GO)<\/p>\n\n\n\n<p>Servi\u00e7o 2<\/p>\n\n\n\n<p>Assunto:&nbsp;<strong>Entrega de cart\u00f5es em Aparecida de Goi\u00e2nia<\/strong><br>Hor\u00e1rio: Segunda-feira (14\/08), \u00e0s 14h<br>Onde: Centro de Ensino em Per\u00edodo Integral Cruzeiro do Sul (Cepi), Avenida das Rosas, Quadra 3, Conjunto Cruzeiro Do Sul, Aparecida de Goi\u00e2nia (GO)<\/p>\n\n\n\n<p><strong>Fonte: <a href=\"https:\/\/agenciacoradenoticias.go.gov.br\/92551-familias-de-aguas-lindas-e-aparecida-recebem-aluguel-social\" target=\"_blank\" rel=\"noreferrer noopener\">Ag\u00eancia Goiana de Habita\u00e7\u00e3o e Secretaria da Infraestrutura \u2013 Governo de Goi\u00e1s<\/a><\/strong><\/p>\n","protected":false},"excerpt":{"rendered":"<p>Fam\u00edlias recebem cart\u00f5es em evento do Aluguel Social: programa chega para novos benefici\u00e1rios de \u00c1guas Lindas e Aparecida nesta segunda (Foto: Octac\u00edlio Queiroz) A&nbsp;Ag\u00eancia Goiana de Habita\u00e7\u00e3o&nbsp;(Agehab) e&nbsp;Secretaria da Infraestrutura&nbsp;(Seinfra) entregam mais 930 novos cart\u00f5es do Programa Pra Ter Onde Morar \u2013 Aluguel Social para fam\u00edlias de \u00c1guas Lindas e Aparecida de Goi\u00e2nia, nesta segunda-feira [&hellip;]<\/p>\n","protected":false},"author":1,"featured_media":6357,"comment_status":"open","ping_status":"open","sticky":false,"template":"","format":"standard","meta":{"footnotes":""},"categories":[2,63,4],"tags":[16,62,19],"class_list":["post-6356","post","type-post","status-publish","format-standard","has-post-thumbnail","hentry","category-aguaslindas","category-aparecida-de-goiania","category-goias","tag-aguaslindas","tag-aparecida-de-goiania","tag-goias"],"_links":{"self":[{"href":"https:\/\/aguaslindasnoticias.com.br\/index.php\/wp-json\/wp\/v2\/posts\/6356","targetHints":{"allow":["GET"]}}],"collection":[{"href":"https:\/\/aguaslindasnoticias.com.br\/index.php\/wp-json\/wp\/v2\/posts"}],"about":[{"href":"https:\/\/aguaslindasnoticias.com.br\/index.php\/wp-json\/wp\/v2\/types\/post"}],"author":[{"embeddable":true,"href":"https:\/\/aguaslindasnoticias.com.br\/index.php\/wp-json\/wp\/v2\/users\/1"}],"replies":[{"embeddable":true,"href":"https:\/\/aguaslindasnoticias.com.br\/index.php\/wp-json\/wp\/v2\/comments?post=6356"}],"version-history":[{"count":2,"href":"https:\/\/aguaslindasnoticias.com.br\/index.php\/wp-json\/wp\/v2\/posts\/6356\/revisions"}],"predecessor-version":[{"id":6359,"href":"https:\/\/aguaslindasnoticias.com.br\/index.php\/wp-json\/wp\/v2\/posts\/6356\/revisions\/6359"}],"wp:featuredmedia":[{"embeddable":true,"href":"https:\/\/aguaslindasnoticias.com.br\/index.php\/wp-json\/wp\/v2\/media\/6357"}],"wp:attachment":[{"href":"https:\/\/aguaslindasnoticias.com.br\/index.php\/wp-json\/wp\/v2\/media?parent=6356"}],"wp:term":[{"taxonomy":"category","embeddable":true,"href":"https:\/\/aguaslindasnoticias.com.br\/index.php\/wp-json\/wp\/v2\/categories?post=6356"},{"taxonomy":"post_tag","embeddable":true,"href":"https:\/\/aguaslindasnoticias.com.br\/index.php\/wp-json\/wp\/v2\/tags?post=6356"}],"curies":[{"name":"wp","href":"https:\/\/api.w.org\/{rel}","templated":true}]}}