{"id":6336,"date":"2023-08-12T22:56:55","date_gmt":"2023-08-13T01:56:55","guid":{"rendered":"https:\/\/aguaslindasnoticias.com.br\/?p=6336"},"modified":"2023-08-12T22:57:00","modified_gmt":"2023-08-13T01:57:00","slug":"caminhoneiro-de-sinop-morre-em-acidente-em-rodovia-de-goias","status":"publish","type":"post","link":"https:\/\/aguaslindasnoticias.com.br\/index.php\/2023\/08\/12\/caminhoneiro-de-sinop-morre-em-acidente-em-rodovia-de-goias\/","title":{"rendered":"Caminhoneiro de Sinop morre em acidente em rodovia de Goi\u00e1s"},"content":{"rendered":"\n<p>O tombamento da carreta Scania foi registrado, esta madrugada, na BR-070 no munic\u00edpio de Santa F\u00e9 de Goi\u00e1s, cerca de 30 quil\u00f4metros de Jussara (226 quil\u00f4metros de Goi\u00e2nia). O motorista identificado como Giovani Seger, morador de Sinop, faleceu no local. A informa\u00e7\u00e3o foi confirmada ao S\u00f3 Not\u00edcias pela Pol\u00edcia Rodovi\u00e1ria Federal.<\/p>\n\n\n\n<p>A din\u00e2mica apurada \u00e9 que houve sa\u00edda de pista e a carreta tombou. O ve\u00edculo estava carregado com caixas vazias de cerveja e boa parte do material caiu na pista e \u00e0s margens.<\/p>\n\n\n\n<p>O local foi isolado para per\u00edcia. O corpo foi encaminhado ao Instituto M\u00e9dico Legal da Pol\u00edcia Cientifica de Ipor\u00e1 para exames de necropsia. Ainda n\u00e3o h\u00e1 informa\u00e7\u00f5es sobre o translado.<\/p>\n\n\n\n<p>Amigos e familiares lamentaram nas redes sociais. \u201cVai deixar muitas saudades, obrigado por tudo, sei que Deus vai te colocar em um bom lugar\u201d, disse um amigo.<\/p>\n\n\n\n<p>Conforme S\u00f3 Not\u00edcias j\u00e1 informou,&nbsp;<a href=\"https:\/\/www.sonoticias.com.br\/geral\/morador-de-sorriso-morre-em-acidente-em-rodovia-estadual\/\">um morador de Sorriso morreu em acidente<\/a>, nesta sexta-feira, na regi\u00e3o de Confresa. Na BR-163 em&nbsp;<a href=\"https:\/\/www.sonoticias.com.br\/geral\/motorista-de-carro-morre-em-colisao-com-carreta-na-br-163-em-nova-mutum\/\">Nova Mutum houve colis\u00e3o entre carreta&nbsp;<\/a>e carro com uma morte.<\/p>\n\n\n\n<p><\/p>\n\n\n\n<figure class=\"wp-block-image\"><img decoding=\"async\" src=\"https:\/\/www.sonoticias.com.br\/wp-content\/uploads\/2023\/08\/WhatsApp-Image-2023-08-12-at-15.08.36.jpeg\" alt=\"\" class=\"wp-image-1060154\"\/><\/figure>\n\n\n\n<p><em>S\u00f3 Not\u00edcias\/Kelvin Ramirez (foto: reprodu\u00e7\u00e3o e arquivo pessoal)<\/em><\/p>\n\n\n\n<p><strong><a href=\"S\u00f3 Not\u00edcias\" target=\"_blank\" rel=\"noreferrer noopener\">Fonte: S\u00f3 Not\u00edcias<\/a><\/strong><\/p>\n","protected":false},"excerpt":{"rendered":"<p>O tombamento da carreta Scania foi registrado, esta madrugada, na BR-070 no munic\u00edpio de Santa F\u00e9 de Goi\u00e1s, cerca de 30 quil\u00f4metros de Jussara (226 quil\u00f4metros de Goi\u00e2nia). O motorista identificado como Giovani Seger, morador de Sinop, faleceu no local. A informa\u00e7\u00e3o foi confirmada ao S\u00f3 Not\u00edcias pela Pol\u00edcia Rodovi\u00e1ria Federal. A din\u00e2mica apurada \u00e9 [&hellip;]<\/p>\n","protected":false},"author":1,"featured_media":6337,"comment_status":"open","ping_status":"open","sticky":false,"template":"","format":"standard","meta":{"footnotes":""},"categories":[4],"tags":[77,19],"class_list":["post-6336","post","type-post","status-publish","format-standard","has-post-thumbnail","hentry","category-goias","tag-acidente-em-rodovia","tag-goias"],"_links":{"self":[{"href":"https:\/\/aguaslindasnoticias.com.br\/index.php\/wp-json\/wp\/v2\/posts\/6336","targetHints":{"allow":["GET"]}}],"collection":[{"href":"https:\/\/aguaslindasnoticias.com.br\/index.php\/wp-json\/wp\/v2\/posts"}],"about":[{"href":"https:\/\/aguaslindasnoticias.com.br\/index.php\/wp-json\/wp\/v2\/types\/post"}],"author":[{"embeddable":true,"href":"https:\/\/aguaslindasnoticias.com.br\/index.php\/wp-json\/wp\/v2\/users\/1"}],"replies":[{"embeddable":true,"href":"https:\/\/aguaslindasnoticias.com.br\/index.php\/wp-json\/wp\/v2\/comments?post=6336"}],"version-history":[{"count":1,"href":"https:\/\/aguaslindasnoticias.com.br\/index.php\/wp-json\/wp\/v2\/posts\/6336\/revisions"}],"predecessor-version":[{"id":6338,"href":"https:\/\/aguaslindasnoticias.com.br\/index.php\/wp-json\/wp\/v2\/posts\/6336\/revisions\/6338"}],"wp:featuredmedia":[{"embeddable":true,"href":"https:\/\/aguaslindasnoticias.com.br\/index.php\/wp-json\/wp\/v2\/media\/6337"}],"wp:attachment":[{"href":"https:\/\/aguaslindasnoticias.com.br\/index.php\/wp-json\/wp\/v2\/media?parent=6336"}],"wp:term":[{"taxonomy":"category","embeddable":true,"href":"https:\/\/aguaslindasnoticias.com.br\/index.php\/wp-json\/wp\/v2\/categories?post=6336"},{"taxonomy":"post_tag","embeddable":true,"href":"https:\/\/aguaslindasnoticias.com.br\/index.php\/wp-json\/wp\/v2\/tags?post=6336"}],"curies":[{"name":"wp","href":"https:\/\/api.w.org\/{rel}","templated":true}]}}