{"id":6332,"date":"2023-08-12T22:49:49","date_gmt":"2023-08-13T01:49:49","guid":{"rendered":"https:\/\/aguaslindasnoticias.com.br\/?p=6332"},"modified":"2023-08-12T23:28:49","modified_gmt":"2023-08-13T02:28:49","slug":"novo-museu-na-cidade-de-goias-homenageia-frei-confaloni","status":"publish","type":"post","link":"https:\/\/aguaslindasnoticias.com.br\/index.php\/2023\/08\/12\/novo-museu-na-cidade-de-goias-homenageia-frei-confaloni\/","title":{"rendered":"Novo museu na cidade de Goi\u00e1s homenageia Frei Confaloni"},"content":{"rendered":"\n<p><a href=\"https:\/\/www.paieterno.com.br\/wp-content\/uploads\/2023\/08\/9.jpg\"><\/a><\/p>\n\n\n\n<p id=\"caption-attachment-451253\">Tela de 1966: cruzamento de elementos extra\u00eddos de contextos rurais com t\u00e9cnicas modernas de representa\u00e7\u00e3o<\/p>\n\n\n\n<p>No pr\u00f3ximo s\u00e1bado (12), come\u00e7a a exposi\u00e7\u00e3o de longa dura\u00e7\u00e3o \u201cFrei Confaloni\u201d, no museu hist\u00f3rico Dominicano Frei Nazareno Confaloni, na cidade de Goi\u00e1s. A mostra conta com a coordena\u00e7\u00e3o de Frei Cristiano Bhering e curadoria de Px Silveira, que trazem um acervo de 80 obras do artista.<\/p>\n\n\n\n<p>S\u00e3o pe\u00e7as com diversas t\u00e9cnicas que marcaram a trajet\u00f3ria do Frei por quase tr\u00eas d\u00e9cadas de vida em Goi\u00e1s. O Frei \u00e9 considerado marco zero da modernidade art\u00edstica goiana, com grande influ\u00eancia no estado e no pa\u00eds. Segundo Px Silveira, \u201calgumas pe\u00e7as prov\u00eam do acervo da Pontif\u00edcia Universidade Cat\u00f3lica de Goi\u00e1s (PUCGO), outras s\u00e3o de cole\u00e7\u00f5es particulares. Tamb\u00e9m ser\u00e3o exibidas cole\u00e7\u00f5es renomadas como \u2018O Mist\u00e9rio do Ros\u00e1rio e a Via-Sacra\u2019. S\u00e3o muitos desenhos, gravuras e at\u00e9 a primeira obra feita por Frei Confaloni, em 1935\u201d, informou o curador.<\/p>\n\n\n\n<p>A abertura da exposi\u00e7\u00e3o acontece simultaneamente com a inaugura\u00e7\u00e3o do Museu Hist\u00f3rico Dominicano Frei Nazareno Confaloni, com uma missa celebrada por frei Cristiano Bhering, \u00e0s 19h, seguida pela abertura da exposi\u00e7\u00e3o, \u00e0s 20h, no museu localizado na cidade de Goi\u00e1s, a 142 quil\u00f4metros da capital goiana.<\/p>\n\n\n\n<p><strong>Frei Confaloni<\/strong><br>Giuseppe Confaloni, pintor, muralista, desenhista e professor nascido em Viterbo, It\u00e1lia, em 1917. Ele se tornou frei dominicano em Floren\u00e7a, It\u00e1lia. Em 1950, a convite do bispo C\u00e2ndido Penzo, vai \u00e0 cidade de Vila Boa (atual Cidade de Goi\u00e1s) para pintar 15 afrescos na Igreja do Ros\u00e1rio, conhecidos como Mist\u00e9rios de Ros\u00e1rio. Giuseppe permaneceu na cidade como p\u00e1roco e introduziu a t\u00e9cnica do afresco. Em 1952, mudou-se para Goi\u00e2nia, onde, al\u00e9m de suas atividades religiosas, dedicou-se \u00e0 pintura de temas religiosos. Ele foi um dos idealizadores da Escola Goiana de Belas Artes (EGBA), onde lecionou pintura e desenho. Tamb\u00e9m foi professor fundador da Faculdade de Arquitetura da Universidade Cat\u00f3lica de Goi\u00e1s, ensinando desenho e pl\u00e1stica. Confaloni conheceu Siron Franco e emprestou a ele um est\u00fadio para pintar, al\u00e9m de fornecer todo o material necess\u00e1rio. Em 1977, ele pintou madonas com o artista no ateli\u00ea do Convento S\u00e3o Judas de Goi\u00e2nia, ano em que faleceu de enfisema pulmonar.<\/p>\n\n\n\n<p><strong>Confira a programa\u00e7\u00e3o<\/strong><\/p>\n\n\n\n<ul class=\"wp-block-list\">\n<li>19h \u2013 Missa celebrada por Frei Cristiano Bhering<\/li>\n\n\n\n<li>20h \u2013 Abertura da Exposi\u00e7\u00e3o<\/li>\n\n\n\n<li>Visita\u00e7\u00e3o: de 12 de agosto a 30 de outubro<\/li>\n<\/ul>\n\n\n\n<p><a href=\"Pai Eterno\" target=\"_blank\" rel=\"noreferrer noopener\">Fonte: Pai Eterno<\/a><\/p>\n","protected":false},"excerpt":{"rendered":"<p>Tela de 1966: cruzamento de elementos extra\u00eddos de contextos rurais com t\u00e9cnicas modernas de representa\u00e7\u00e3o No pr\u00f3ximo s\u00e1bado (12), come\u00e7a a exposi\u00e7\u00e3o de longa dura\u00e7\u00e3o \u201cFrei Confaloni\u201d, no museu hist\u00f3rico Dominicano Frei Nazareno Confaloni, na cidade de Goi\u00e1s. A mostra conta com a coordena\u00e7\u00e3o de Frei Cristiano Bhering e curadoria de Px Silveira, que trazem [&hellip;]<\/p>\n","protected":false},"author":1,"featured_media":6333,"comment_status":"open","ping_status":"open","sticky":false,"template":"","format":"standard","meta":{"footnotes":""},"categories":[8,4],"tags":[12],"class_list":["post-6332","post","type-post","status-publish","format-standard","has-post-thumbnail","hentry","category-cultura","category-goias","tag-cultura"],"_links":{"self":[{"href":"https:\/\/aguaslindasnoticias.com.br\/index.php\/wp-json\/wp\/v2\/posts\/6332","targetHints":{"allow":["GET"]}}],"collection":[{"href":"https:\/\/aguaslindasnoticias.com.br\/index.php\/wp-json\/wp\/v2\/posts"}],"about":[{"href":"https:\/\/aguaslindasnoticias.com.br\/index.php\/wp-json\/wp\/v2\/types\/post"}],"author":[{"embeddable":true,"href":"https:\/\/aguaslindasnoticias.com.br\/index.php\/wp-json\/wp\/v2\/users\/1"}],"replies":[{"embeddable":true,"href":"https:\/\/aguaslindasnoticias.com.br\/index.php\/wp-json\/wp\/v2\/comments?post=6332"}],"version-history":[{"count":2,"href":"https:\/\/aguaslindasnoticias.com.br\/index.php\/wp-json\/wp\/v2\/posts\/6332\/revisions"}],"predecessor-version":[{"id":6343,"href":"https:\/\/aguaslindasnoticias.com.br\/index.php\/wp-json\/wp\/v2\/posts\/6332\/revisions\/6343"}],"wp:featuredmedia":[{"embeddable":true,"href":"https:\/\/aguaslindasnoticias.com.br\/index.php\/wp-json\/wp\/v2\/media\/6333"}],"wp:attachment":[{"href":"https:\/\/aguaslindasnoticias.com.br\/index.php\/wp-json\/wp\/v2\/media?parent=6332"}],"wp:term":[{"taxonomy":"category","embeddable":true,"href":"https:\/\/aguaslindasnoticias.com.br\/index.php\/wp-json\/wp\/v2\/categories?post=6332"},{"taxonomy":"post_tag","embeddable":true,"href":"https:\/\/aguaslindasnoticias.com.br\/index.php\/wp-json\/wp\/v2\/tags?post=6332"}],"curies":[{"name":"wp","href":"https:\/\/api.w.org\/{rel}","templated":true}]}}