{"id":6329,"date":"2023-08-12T22:43:43","date_gmt":"2023-08-13T01:43:43","guid":{"rendered":"https:\/\/aguaslindasnoticias.com.br\/?p=6329"},"modified":"2023-08-12T23:21:24","modified_gmt":"2023-08-13T02:21:24","slug":"cnj-premia-justicas-de-rs-e-go-por-diversidade-na-gestao-da-memoria","status":"publish","type":"post","link":"https:\/\/aguaslindasnoticias.com.br\/index.php\/2023\/08\/12\/cnj-premia-justicas-de-rs-e-go-por-diversidade-na-gestao-da-memoria\/","title":{"rendered":"CNJ premia justi\u00e7as de RS e GO por diversidade na gest\u00e3o da mem\u00f3ria"},"content":{"rendered":"\n<p>A forma\u00e7\u00e3o de equipes multidisciplinares, para fazer a hist\u00f3ria da Justi\u00e7a chegar \u00e0 comunidade e, assim, promover a aproxima\u00e7\u00e3o da popula\u00e7\u00e3o com as institui\u00e7\u00f5es, rendeu distin\u00e7\u00e3o a um tribunal do Rio Grande do Sul e outro de Goi\u00e1s. As duas a\u00e7\u00f5es para preserva\u00e7\u00e3o da mem\u00f3ria do Poder Judici\u00e1rio que receberam destaque na edi\u00e7\u00e3o de 2022 do&nbsp;Pr\u00eamio CNJ da Mem\u00f3ria do Judici\u00e1rio&nbsp;apostam na atua\u00e7\u00e3o de profissionais com diferentes forma\u00e7\u00f5es para se tornarem mais conhecidas pela sociedade e, desse modo, no presente, usarem o passado como ferramenta de transforma\u00e7\u00e3o da realidade.<\/p>\n\n\n\n<p>Na Se\u00e7\u00e3o Judici\u00e1ria do Rio Grande do Sul, o&nbsp;<a href=\"https:\/\/memoria.jfrs.jus.br\/\" rel=\"noreferrer noopener\" target=\"_blank\">N\u00facleo de Documenta\u00e7\u00e3o e Mem\u00f3ria da Justi\u00e7a Federal do estado (NDOC)<\/a>&nbsp;conta com nove pessoas, entre arquivista, publicit\u00e1rio, profissionais do direito e das letras, arquiteto, estagi\u00e1rios de hist\u00f3ria e de biblioteconomia.<\/p>\n\n\n\n<p>E, no Tribunal Regional Eleitoral de Goi\u00e1s, 13 profissionais integram a&nbsp;<a href=\"https:\/\/apps.tre-go.jus.br\/memorial\/\" rel=\"noreferrer noopener\" target=\"_blank\">Comiss\u00e3o da Mem\u00f3ria da corte<\/a>: jornalista, profissionais de TI e do direito, bibliotec\u00e1rio, arquivista e um historiador. A uni\u00e3o de diferentes qualifica\u00e7\u00f5es distingue as duas equipes.<\/p>\n\n\n\n<p>\u201cCom a diversidade de pessoas, conseguimos levar adiante a\u00e7\u00f5es diferentes\u201d, explica a diretora do N\u00facleo de Documenta\u00e7\u00e3o e Mem\u00f3ria da Comiss\u00e3o de Gest\u00e3o da Mem\u00f3ria da Justi\u00e7a Federal do Rio Grande do Sul, Tassiara Kich. O trabalho em conjunto com a participa\u00e7\u00e3o de especialistas tamb\u00e9m \u00e9 visto como raz\u00e3o para o avan\u00e7o que TRE-GO conseguiu na gest\u00e3o documental.<\/p>\n\n\n\n<p>\u201cO Pr\u00eamio CNJ da Mem\u00f3ria do Judici\u00e1rio, al\u00e9m de nos honrar, traz responsabilidade\u201d, comenta o juiz que \u00e9 o atual presidente da Comiss\u00e3o de Mem\u00f3ria da corte, M\u00e1rcio Ant\u00f4nio de Sousa Moraes J\u00fanior.<\/p>\n\n\n\n<p>Os representantes das equipes respons\u00e1veis pelas iniciativas que alcan\u00e7aram destaque nas subcategorias justi\u00e7a federal e justi\u00e7a eleitoral creditam os pr\u00eamios ao respeito \u00e0s resolu\u00e7\u00f5es do Conselho Nacional de Justi\u00e7a.<\/p>\n\n\n\n<p>\u201cFoi um diferencial, realmente, seguirmos \u00e0 risca as orienta\u00e7\u00f5es do CNJ, especialmente no tocante ao entabulamento de parcerias e \u00e0s contrata\u00e7\u00f5es de profissionais ligados \u00e0 gest\u00e3o de mem\u00f3ria\u201d, avalia o juiz Moraes J\u00fanior. \u201cConseguimos distinguir, no edital do certame, a refer\u00eancia ao envolvimento dos recursos humanos na gest\u00e3o da mem\u00f3ria\u201d, relembra Tassiara.<\/p>\n\n\n\n<p><strong>Crit\u00e9rios de avalia\u00e7\u00e3o<\/strong><br>A gest\u00e3o da mem\u00f3ria na Se\u00e7\u00e3o Judici\u00e1ria do Rio Grande do Sul mostra resultados que sustentam a escolha dos jurados do Pr\u00eamio CNJ da Mem\u00f3ria do Judici\u00e1rio. O n\u00facleo de documenta\u00e7\u00e3o e mem\u00f3ria conta com acervo que re\u00fane 1,5 milh\u00e3o de processos judiciais em papel, todos devidamente catalogados e classificados conforme crit\u00e9rios de import\u00e2ncia. Tamb\u00e9m disp\u00f5e de biblioteca que re\u00fane 18 mil exemplares de obras sobre temas jur\u00eddicos.<\/p>\n\n\n\n<p>\u201cA ideia n\u00e3o \u00e9 guardar tudo, mas escolher de acordo com a relev\u00e2ncia t\u00e9cnica\u201d, explica a diretora, que h\u00e1 dez anos participa do trabalho.<\/p>\n\n\n\n<p>A sede da Justi\u00e7a Federal do Rio Grande do Sul, em Porto Alegre, permite visita a um memorial que abriga mostra permanente sobre a hist\u00f3ria da institui\u00e7\u00e3o. Outra exposi\u00e7\u00e3o, tempor\u00e1ria, no mesmo edif\u00edcio, a &#8220;20 Anos de Concilia\u00e7\u00f5es, Di\u00e1logos e Escuta na Justi\u00e7a Federal&#8221;, exibe neste m\u00eas de julho acervo que tem a ver com a iniciativa pioneira de buscar a solu\u00e7\u00e3o dos processos por meio do est\u00edmulo ao entendimento entre os envolvidos. O NDOC funciona sob a orienta\u00e7\u00e3o da Comiss\u00e3o de Gest\u00e3o da Mem\u00f3ria, que tem como presidente a Ju\u00edza Andr\u00e9ia Moreira.<\/p>\n\n\n\n<p>\u201cQuando o cidad\u00e3o conhece a hist\u00f3ria do \u00f3rg\u00e3o, h\u00e1 uma identifica\u00e7\u00e3o, vem a percep\u00e7\u00e3o de que a institui\u00e7\u00e3o existe em fun\u00e7\u00e3o da comunidade\u201d, diz Tassiara Kich. \u201cPor isso \u00e9 uma preocupa\u00e7\u00e3o do trabalho ir al\u00e9m da nossa pr\u00f3pria casa, fazer que as nossas a\u00e7\u00f5es de preserva\u00e7\u00e3o da mem\u00f3ria alcancem toda a sociedade e isso, especialmente no atual contexto, \u00e9 important\u00edssimo na luta contra a desinforma\u00e7\u00e3o, contra as&nbsp;<em>fake news<\/em>\u201d. O n\u00facleo planeja, hoje, trabalho para forma\u00e7\u00e3o da mem\u00f3ria digital do tempo presente, para organiza\u00e7\u00e3o do material j\u00e1 digital.<\/p>\n\n\n\n<p><strong>Trof\u00e9u comemorado<\/strong><br>Em Goi\u00e2nia, na sede do TRE-GO, o trabalho come\u00e7ou em 2021. \u201cEm um primeiro momento, era sem nenhum tipo de gasto, contando com o servidor, que \u00e9 apaixonado pela justi\u00e7a eleitoral\u201d, comenta o juiz Moraes J\u00fanior. A equipe inicial, de sete pessoas, passou para 11, em 2022, at\u00e9 chegar aos 13 integrantes atuais.<\/p>\n\n\n\n<p>No come\u00e7o, o trabalho teve como rotina a reuni\u00e3o de informa\u00e7\u00f5es por meio de entrevistas com servidores aposentados do tribunal, o que rendeu o que pode ser chamado de trof\u00e9u: faz parte do acervo a via original de um dos primeiros t\u00edtulos de eleitor emitido pela corte.<\/p>\n\n\n\n<p>A equipe que cuida da gest\u00e3o da mem\u00f3ria no tribunal goiano lida, no dia a dia, com tarefas que t\u00eam a ver com parceria que a Comiss\u00e3o de Gest\u00e3o da Mem\u00f3ria mant\u00e9m com escolas. Faz parte do trabalho cotidiano a recep\u00e7\u00e3o de estudantes na sede da corte, crian\u00e7as e adolescentes que participam de elei\u00e7\u00f5es simuladas e t\u00eam a oportunidade de acompanhar, no plen\u00e1rio, ao vivo, uma sess\u00e3o.<\/p>\n\n\n\n<p>\u201cPor causa da presen\u00e7a dos alunos, os ju\u00edzes ajustam os seus discursos, tornam as suas falas mais compreens\u00edveis, explicam as causas que est\u00e3o em julgamento\u201d, conta Moraes J\u00fanior.<\/p>\n\n\n\n<p>A estrat\u00e9gia de atua\u00e7\u00e3o da Comiss\u00e3o de Mem\u00f3ria do TRE-GO rendeu a constru\u00e7\u00e3o de parcerias que refor\u00e7am o acervo e a gest\u00e3o documental. \u201cFizemos acordos de coopera\u00e7\u00e3o com o arquivo hist\u00f3rico do estado de Goi\u00e1s e com a Funda\u00e7\u00e3o Cultural Frei Sim\u00e3o Dorvi que foram fundamentais porque conseguimos muitos documentos de import\u00e2ncia hist\u00f3rica para a nossa Justi\u00e7a Eleitoral\u201d, explica o juiz.<\/p>\n\n\n\n<p>\u201cA hist\u00f3ria precisa, necessariamente, ir al\u00e9m das pessoas que a vivenciaram, \u00e9 por meio da valoriza\u00e7\u00e3o da mem\u00f3ria que se consegue evitar a repeti\u00e7\u00e3o de erros.\u201d<\/p>\n\n\n\n<p>A diretora e o juiz t\u00eam planos para aperfei\u00e7oar o trabalho das equipes que comandam. Tassiara Kich, al\u00e9m de planejar a forma\u00e7\u00e3o da mem\u00f3ria digital do tempo presente, busca envolver na gest\u00e3o documental mais servidores, mais magistrados e mais pessoas da sociedade em geral. \u201cPrincipalmente crian\u00e7as e jovens, gente em idade escolar\u201d.<\/p>\n\n\n\n<p>Moraes J\u00fanior est\u00e1 empenhado em ampliar o acesso ao conte\u00fado que a comiss\u00e3o conseguiu reunir nos primeiros dois anos de trabalho e planeja a veicula\u00e7\u00e3o de um&nbsp;<em>podcast<\/em>. E j\u00e1 pensa em repetir, em 2032, o que fez no ano passado no TRE-GO: organizar uma segunda c\u00e1psula do tempo.&nbsp;<em>Com informa\u00e7\u00f5es da assessoria de imprensa do CNJ.<\/em><\/p>\n\n\n\n<p><a href=\"Revista\u00a0Consultor Jur\u00eddico, 11 de agosto de 2023, 21h59\" target=\"_blank\" rel=\"noreferrer noopener\">Fonte: Revista\u00a0<strong>Consultor Jur\u00eddico<\/strong>, 11 de agosto de 2023, 21h59<\/a><\/p>\n","protected":false},"excerpt":{"rendered":"<p>A forma\u00e7\u00e3o de equipes multidisciplinares, para fazer a hist\u00f3ria da Justi\u00e7a chegar \u00e0 comunidade e, assim, promover a aproxima\u00e7\u00e3o da popula\u00e7\u00e3o com as institui\u00e7\u00f5es, rendeu distin\u00e7\u00e3o a um tribunal do Rio Grande do Sul e outro de Goi\u00e1s. As duas a\u00e7\u00f5es para preserva\u00e7\u00e3o da mem\u00f3ria do Poder Judici\u00e1rio que receberam destaque na edi\u00e7\u00e3o de 2022 [&hellip;]<\/p>\n","protected":false},"author":1,"featured_media":6330,"comment_status":"open","ping_status":"open","sticky":false,"template":"","format":"standard","meta":{"footnotes":""},"categories":[4,1],"tags":[78],"class_list":["post-6329","post","type-post","status-publish","format-standard","has-post-thumbnail","hentry","category-goias","category-sem-categoria","tag-cnj"],"_links":{"self":[{"href":"https:\/\/aguaslindasnoticias.com.br\/index.php\/wp-json\/wp\/v2\/posts\/6329","targetHints":{"allow":["GET"]}}],"collection":[{"href":"https:\/\/aguaslindasnoticias.com.br\/index.php\/wp-json\/wp\/v2\/posts"}],"about":[{"href":"https:\/\/aguaslindasnoticias.com.br\/index.php\/wp-json\/wp\/v2\/types\/post"}],"author":[{"embeddable":true,"href":"https:\/\/aguaslindasnoticias.com.br\/index.php\/wp-json\/wp\/v2\/users\/1"}],"replies":[{"embeddable":true,"href":"https:\/\/aguaslindasnoticias.com.br\/index.php\/wp-json\/wp\/v2\/comments?post=6329"}],"version-history":[{"count":4,"href":"https:\/\/aguaslindasnoticias.com.br\/index.php\/wp-json\/wp\/v2\/posts\/6329\/revisions"}],"predecessor-version":[{"id":6342,"href":"https:\/\/aguaslindasnoticias.com.br\/index.php\/wp-json\/wp\/v2\/posts\/6329\/revisions\/6342"}],"wp:featuredmedia":[{"embeddable":true,"href":"https:\/\/aguaslindasnoticias.com.br\/index.php\/wp-json\/wp\/v2\/media\/6330"}],"wp:attachment":[{"href":"https:\/\/aguaslindasnoticias.com.br\/index.php\/wp-json\/wp\/v2\/media?parent=6329"}],"wp:term":[{"taxonomy":"category","embeddable":true,"href":"https:\/\/aguaslindasnoticias.com.br\/index.php\/wp-json\/wp\/v2\/categories?post=6329"},{"taxonomy":"post_tag","embeddable":true,"href":"https:\/\/aguaslindasnoticias.com.br\/index.php\/wp-json\/wp\/v2\/tags?post=6329"}],"curies":[{"name":"wp","href":"https:\/\/api.w.org\/{rel}","templated":true}]}}