{"id":6326,"date":"2023-08-12T22:36:57","date_gmt":"2023-08-13T01:36:57","guid":{"rendered":"https:\/\/aguaslindasnoticias.com.br\/?p=6326"},"modified":"2023-08-12T22:37:02","modified_gmt":"2023-08-13T01:37:02","slug":"antt-reajusta-em-15-preco-das-passagens-de-onibus-do-entorno-do-df","status":"publish","type":"post","link":"https:\/\/aguaslindasnoticias.com.br\/index.php\/2023\/08\/12\/antt-reajusta-em-15-preco-das-passagens-de-onibus-do-entorno-do-df\/","title":{"rendered":"ANTT reajusta em 15% pre\u00e7o das passagens de \u00f4nibus do Entorno do DF"},"content":{"rendered":"\n<p>Novas tarifas come\u00e7am a valer no pr\u00f3ximo domingo (13). Medida foi publicada no Di\u00e1rio Oficial da Uni\u00e3o desta sexta-feira (11).<\/p>\n\n\n\n<p>A Ag\u00eancia Nacional de Transportes Terrestres (<a class=\"\" href=\"https:\/\/g1.globo.com\/tudo-sobre\/antt\/\">ANTT<\/a>) oficializou um reajuste de&nbsp;<strong>15%<\/strong>&nbsp;no pre\u00e7o das passagens de \u00f4nibus entre o Distrito Federal e o Entorno.&nbsp;<strong>O aumento come\u00e7a a valer no domingo (13)<\/strong>.<\/p>\n\n\n\n<p>A medida foi publicada no Di\u00e1rio Oficial da Uni\u00e3o desta sexta-feira (11). De acordo com a ANTT, o aumento &#8220;visa evitar a paralisa\u00e7\u00e3o total do sistema, que enfrentou quase dois anos com as passagens congeladas&#8221;.&nbsp;<a class=\"\" href=\"https:\/\/g1.globo.com\/df\/distrito-federal\/noticia\/2023\/03\/03\/antt-reajusta-em-12percent-preco-das-passagens-de-onibus-do-entorno.ghtml\">O \u00faltimo aumento nas tarifas de \u00f4nibus do Entorno foi de 12% e ocorreu em mar\u00e7o desse ano<\/a>.<\/p>\n\n\n\n<p>No entanto, segundo a ANTT, q<a class=\"\" href=\"https:\/\/g1.globo.com\/df\/distrito-federal\/noticia\/2022\/12\/06\/antt-diz-que-vai-assumir-gestao-do-transporte-do-entorno-apos-desistencia-do-governo-do-df.ghtml\">uando a gest\u00e3o do transporte interestadual estava com Governo do Distrito Federal (GDF)<\/a>, entre 2021 e 2022, as empresas n\u00e3o receberam reajuste. &#8220;Situa\u00e7\u00e3o que gerou defasagem e preju\u00edzos financeiros acumulados&#8221;, afirma a ag\u00eancia.<\/p>\n\n\n\n<p>A ANTT cita ainda o pre\u00e7o do combust\u00edvel, do \u00f3leo lubrificante e dos pneus como alguns dos motivos para o reajuste tarif\u00e1rio. &#8220;Contribu\u00edram para a complexidade do cen\u00e1rio&#8221;.<\/p>\n\n\n\n<p><strong>Veja os novos valores para o transporte do entorno:<\/strong><\/p>\n\n\n\n<ul class=\"wp-block-list\">\n<li><strong>Luzi\u00e2nia:\u00a0<\/strong>de R$ 8,35 para R$ 8,55<\/li>\n\n\n\n<li><strong>Novo Gama:\u00a0<\/strong>de R$ 7,85 para R$ 9<\/li>\n\n\n\n<li><strong>Planaltina:&nbsp;<\/strong>de R$ 8,85 para R$ 10,15<\/li>\n\n\n\n<li><strong>\u00c1guas Lindas:<\/strong>&nbsp;de R$ 8,65 para R$ 10<\/li>\n\n\n\n<li><strong>Santo Ant\u00f4nio do Descoberto:&nbsp;<\/strong>de R$ 8,15 para R$ 9,35<\/li>\n\n\n\n<li><strong>C\u00e9u Azul:<\/strong>&nbsp;de R$ 5,60 para R$ 6,40<\/li>\n\n\n\n<li><strong>Valpara\u00edso:&nbsp;<\/strong>de R$ 6,10 para R$ 6,95<\/li>\n\n\n\n<li><strong>Cidade Ocidental:<\/strong>\u00a0de R$ 6,75 para R$ 7,75<\/li>\n<\/ul>\n\n\n\n<p><\/p>\n\n\n\n<p><a href=\"G1\" target=\"_blank\" rel=\"noreferrer noopener\">Fonte: G1<\/a><\/p>\n","protected":false},"excerpt":{"rendered":"<p>Novas tarifas come\u00e7am a valer no pr\u00f3ximo domingo (13). Medida foi publicada no Di\u00e1rio Oficial da Uni\u00e3o desta sexta-feira (11). A Ag\u00eancia Nacional de Transportes Terrestres (ANTT) oficializou um reajuste de&nbsp;15%&nbsp;no pre\u00e7o das passagens de \u00f4nibus entre o Distrito Federal e o Entorno.&nbsp;O aumento come\u00e7a a valer no domingo (13). A medida foi publicada no [&hellip;]<\/p>\n","protected":false},"author":1,"featured_media":6327,"comment_status":"open","ping_status":"open","sticky":false,"template":"","format":"standard","meta":{"footnotes":""},"categories":[2,3,4],"tags":[76,58],"class_list":["post-6326","post","type-post","status-publish","format-standard","has-post-thumbnail","hentry","category-aguaslindas","category-brasilia","category-goias","tag-entorno","tag-transporte-publico"],"_links":{"self":[{"href":"https:\/\/aguaslindasnoticias.com.br\/index.php\/wp-json\/wp\/v2\/posts\/6326","targetHints":{"allow":["GET"]}}],"collection":[{"href":"https:\/\/aguaslindasnoticias.com.br\/index.php\/wp-json\/wp\/v2\/posts"}],"about":[{"href":"https:\/\/aguaslindasnoticias.com.br\/index.php\/wp-json\/wp\/v2\/types\/post"}],"author":[{"embeddable":true,"href":"https:\/\/aguaslindasnoticias.com.br\/index.php\/wp-json\/wp\/v2\/users\/1"}],"replies":[{"embeddable":true,"href":"https:\/\/aguaslindasnoticias.com.br\/index.php\/wp-json\/wp\/v2\/comments?post=6326"}],"version-history":[{"count":1,"href":"https:\/\/aguaslindasnoticias.com.br\/index.php\/wp-json\/wp\/v2\/posts\/6326\/revisions"}],"predecessor-version":[{"id":6328,"href":"https:\/\/aguaslindasnoticias.com.br\/index.php\/wp-json\/wp\/v2\/posts\/6326\/revisions\/6328"}],"wp:featuredmedia":[{"embeddable":true,"href":"https:\/\/aguaslindasnoticias.com.br\/index.php\/wp-json\/wp\/v2\/media\/6327"}],"wp:attachment":[{"href":"https:\/\/aguaslindasnoticias.com.br\/index.php\/wp-json\/wp\/v2\/media?parent=6326"}],"wp:term":[{"taxonomy":"category","embeddable":true,"href":"https:\/\/aguaslindasnoticias.com.br\/index.php\/wp-json\/wp\/v2\/categories?post=6326"},{"taxonomy":"post_tag","embeddable":true,"href":"https:\/\/aguaslindasnoticias.com.br\/index.php\/wp-json\/wp\/v2\/tags?post=6326"}],"curies":[{"name":"wp","href":"https:\/\/api.w.org\/{rel}","templated":true}]}}