{"id":6303,"date":"2023-08-12T22:16:26","date_gmt":"2023-08-13T01:16:26","guid":{"rendered":"https:\/\/aguaslindasnoticias.com.br\/?p=6303"},"modified":"2023-08-12T22:16:32","modified_gmt":"2023-08-13T01:16:32","slug":"canto-da-primavera-tera-zeca-baleiro-maneva-e-almir-sater","status":"publish","type":"post","link":"https:\/\/aguaslindasnoticias.com.br\/index.php\/2023\/08\/12\/canto-da-primavera-tera-zeca-baleiro-maneva-e-almir-sater\/","title":{"rendered":"Canto da Primavera ter\u00e1 Zeca Baleiro, Maneva e Almir Sater"},"content":{"rendered":"\n<p>Mostra de M\u00fasica de Piren\u00f3polis ser\u00e1 de 19 a 24 de setembro, com shows, oficinas de capacita\u00e7\u00e3o na \u00e1rea de m\u00fasica e o Est\u00fadio Primavera. Durante seis dias, o p\u00fablico poder\u00e1 conferir 58 shows&nbsp;Publicado: 09 Agosto 2023&nbsp;\u00daltima Atualiza\u00e7\u00e3o: 09 Agosto 2023<\/p>\n\n\n\n<p><\/p>\n\n\n\n<p>Durante seis dias, o p\u00fablico poder\u00e1 conferir 58 shows, sendo 55 deles de artistas goianos, em quatro palcos espalhados pela cidade (Foto: Divulga\u00e7\u00e3o)<\/p>\n\n\n\n<p>A 22\u00aa edi\u00e7\u00e3o do Canto da Primavera \u2013 Mostra de M\u00fasica de Piren\u00f3polis, que ser\u00e1 realizada de 19 a 24 de setembro, contar\u00e1 com shows gratuitos de Zeca Baleiro, Banda Maneva e Almir Sater. O Canto da Primavera ainda ter\u00e1 oficinas de capacita\u00e7\u00e3o na \u00e1rea de m\u00fasica e o Est\u00fadio Primavera, que vai oferecer grava\u00e7\u00f5es gratuitas para os m\u00fasicos.<\/p>\n\n\n\n<p>Durante seis dias, o p\u00fablico poder\u00e1 conferir 58 shows, sendo 55 deles de artistas goianos, em quatro palcos espalhados pela cidade.<\/p>\n\n\n\n<h2 class=\"wp-block-heading\">Canto da Primavera<\/h2>\n\n\n\n<blockquote class=\"wp-block-quote is-layout-flow wp-block-quote-is-layout-flow\">\n<p><strong>\u201cEstamos investindo R$ 500 mil em cach\u00ea para os nossos artistas de Goi\u00e1s tocarem nesse evento, que se tornou a vitrine musical de Goi\u00e1s. A cidade de Piren\u00f3polis j\u00e1 recebe turistas de todo o pa\u00eds e do mundo, e essa \u00e9 uma excelente oportunidade para os goianos divulgarem o seu trabalho\u201d, destaca a secret\u00e1ria de Estado da Cultura, Yara Nunes.<\/strong><\/p>\n<\/blockquote>\n\n\n\n<h2 class=\"wp-block-heading\">Banda Maneva<\/h2>\n\n\n\n<p>Os shows nacionais come\u00e7am na sexta-feira (22\/9) com a Banda Maneva. Sucesso em todo o pa\u00eds, o grupo tem 17 anos de carreira e possui 11 certifica\u00e7\u00f5es, incluindo um single de diamante, al\u00e9m da indica\u00e7\u00e3o ao Grammy Latino com \u201cL\u00e1grimas de Alegria\u201d, na categoria \u201cmelhor can\u00e7\u00e3o em l\u00edngua portuguesa\u201d.<\/p>\n\n\n\n<p>Formada pelos amigos Tales de Polli (voz e viol\u00e3o), Felipe Sousa (guitarra), Fernando Gato (baixo), Diego Andrade (percuss\u00e3o) e Fabinho Ara\u00fajo (bateria), a banda ocupou a 36\u00aa posi\u00e7\u00e3o no ranking Brasil, e, no segmento reggae, o segundo lugar.<\/p>\n\n\n\n<h2 class=\"wp-block-heading\">Releituras e surpresas<\/h2>\n\n\n\n<p>Comemorando 26 anos de carreira, Zeca Baleiro far\u00e1 um passeio pela discografia no s\u00e1bado (23\/9). Ele trar\u00e1 um repert\u00f3rio que re\u00fane can\u00e7\u00f5es consagradas em novos arranjos e alguns lados B, entre m\u00fasicas de seus \u00e1lbuns mais recentes.<\/p>\n\n\n\n<p>O show tamb\u00e9m reserva surpresas, j\u00e1 que o artista prepara uma s\u00e9rie de lan\u00e7amentos para marcar os anos de trajet\u00f3ria, incluindo singles, um EP e um disco de samba autoral, um \u00e1lbum com Chico C\u00e9sar, um talk show e um livro de mem\u00f3rias.<\/p>\n\n\n\n<p>Zeca Baleiro (voz e viol\u00e3o) ser\u00e1 acompanhado por sua banda, formada por Tuco Marcondes (guitarras e vocais), Pedro Cunha (teclados, samplers e vocais), Fernando Nunes (baixo) e Kuki Stolarski (bateria e percuss\u00e3o).<\/p>\n\n\n\n<h2 class=\"wp-block-heading\">Violeiro raiz<\/h2>\n\n\n\n<p>Cantor, compositor, ator, violeiro e instrumentista brasileiro, Almir Sater \u00e9 tamb\u00e9m um dos maiores nomes do sertanejo raiz e a grande atra\u00e7\u00e3o do \u00faltimo dia do festival, domingo (24\/9).<\/p>\n\n\n\n<p>Acompanhado de sua viola em um show interativo, que re\u00fane bons causos, o p\u00fablico ser\u00e1 brindado com um repert\u00f3rio de composi\u00e7\u00f5es conhecidas, como \u201cTocando em Frente\u201d, \u201cChalana\u201d, \u201cTrem do Pantanal\u201d e de projetos em parceria com Renato Teixeira.<\/p>\n\n\n\n<p>A mostra \u00e9 promovida pelo Governo de Goi\u00e1s, por meio da&nbsp;<a href=\"https:\/\/www.cultura.go.gov.br\/\">Secretaria da Cultura<\/a>&nbsp;(Secult), com correaliza\u00e7\u00e3o da Universidade Federal de Goi\u00e1s (UFG), por meio da Funda\u00e7\u00e3o R\u00e1dio e Televis\u00e3o Educativa (FRTVE).<\/p>\n\n\n\n<p>O evento tamb\u00e9m conta com parceria do Sesc Goi\u00e1s, Prefeitura de Piren\u00f3polis, Goi\u00e1s Social e&nbsp;<a href=\"https:\/\/www.retomada.go.gov.br\/\">Secretaria da Retomada.<\/a><\/p>\n\n\n\n<p><a href=\"Fonte: Secretaria da Cultura - Governo de Goi\u00e1s\"><strong>Fonte: Secretaria da Cultura &#8211; Governo de Goi\u00e1s<\/strong><\/a><\/p>\n","protected":false},"excerpt":{"rendered":"<p>Mostra de M\u00fasica de Piren\u00f3polis ser\u00e1 de 19 a 24 de setembro, com shows, oficinas de capacita\u00e7\u00e3o na \u00e1rea de m\u00fasica e o Est\u00fadio Primavera. Durante seis dias, o p\u00fablico poder\u00e1 conferir 58 shows&nbsp;Publicado: 09 Agosto 2023&nbsp;\u00daltima Atualiza\u00e7\u00e3o: 09 Agosto 2023 Durante seis dias, o p\u00fablico poder\u00e1 conferir 58 shows, sendo 55 deles de artistas [&hellip;]<\/p>\n","protected":false},"author":1,"featured_media":6304,"comment_status":"open","ping_status":"open","sticky":false,"template":"","format":"standard","meta":{"footnotes":""},"categories":[8,4],"tags":[12,19],"class_list":["post-6303","post","type-post","status-publish","format-standard","has-post-thumbnail","hentry","category-cultura","category-goias","tag-cultura","tag-goias"],"_links":{"self":[{"href":"https:\/\/aguaslindasnoticias.com.br\/index.php\/wp-json\/wp\/v2\/posts\/6303","targetHints":{"allow":["GET"]}}],"collection":[{"href":"https:\/\/aguaslindasnoticias.com.br\/index.php\/wp-json\/wp\/v2\/posts"}],"about":[{"href":"https:\/\/aguaslindasnoticias.com.br\/index.php\/wp-json\/wp\/v2\/types\/post"}],"author":[{"embeddable":true,"href":"https:\/\/aguaslindasnoticias.com.br\/index.php\/wp-json\/wp\/v2\/users\/1"}],"replies":[{"embeddable":true,"href":"https:\/\/aguaslindasnoticias.com.br\/index.php\/wp-json\/wp\/v2\/comments?post=6303"}],"version-history":[{"count":1,"href":"https:\/\/aguaslindasnoticias.com.br\/index.php\/wp-json\/wp\/v2\/posts\/6303\/revisions"}],"predecessor-version":[{"id":6305,"href":"https:\/\/aguaslindasnoticias.com.br\/index.php\/wp-json\/wp\/v2\/posts\/6303\/revisions\/6305"}],"wp:featuredmedia":[{"embeddable":true,"href":"https:\/\/aguaslindasnoticias.com.br\/index.php\/wp-json\/wp\/v2\/media\/6304"}],"wp:attachment":[{"href":"https:\/\/aguaslindasnoticias.com.br\/index.php\/wp-json\/wp\/v2\/media?parent=6303"}],"wp:term":[{"taxonomy":"category","embeddable":true,"href":"https:\/\/aguaslindasnoticias.com.br\/index.php\/wp-json\/wp\/v2\/categories?post=6303"},{"taxonomy":"post_tag","embeddable":true,"href":"https:\/\/aguaslindasnoticias.com.br\/index.php\/wp-json\/wp\/v2\/tags?post=6303"}],"curies":[{"name":"wp","href":"https:\/\/api.w.org\/{rel}","templated":true}]}}