{"id":6286,"date":"2023-05-31T19:43:47","date_gmt":"2023-05-31T22:43:47","guid":{"rendered":"https:\/\/aguaslindasnoticias.com.br\/?p=6286"},"modified":"2023-05-31T19:43:54","modified_gmt":"2023-05-31T22:43:54","slug":"james-farias-o-vereador-linha-de-frente-do-governo-na-camara-municipal-de-aguas-lindas","status":"publish","type":"post","link":"https:\/\/aguaslindasnoticias.com.br\/index.php\/2023\/05\/31\/james-farias-o-vereador-linha-de-frente-do-governo-na-camara-municipal-de-aguas-lindas\/","title":{"rendered":"James Farias \u2013 O vereador linha de frente do governo na C\u00e2mara Municipal de \u00c1guas Lindas"},"content":{"rendered":"\n<p>O vereador\u00a0<strong>James Farias<\/strong>\u00a0tem se destacado como uma figura influente e proativa na pol\u00edtica local. L\u00edder do governo na C\u00e2mara Municipal, sua atua\u00e7\u00e3o tem sido fundamental para a aprova\u00e7\u00e3o de projetos do executivo que visam o desenvolvimento e o bem-estar da popula\u00e7\u00e3o de \u00c1guas Lindas de Goi\u00e1s.<br>Com uma trajet\u00f3ria marcada pelo comprometimento com a comunidade e a busca por solu\u00e7\u00f5es efetivas para os problemas enfrentados pela cidade, James Farias tem feito a diferen\u00e7a no parlamento municipal.<\/p>\n\n\n<div class=\"wp-block-image\">\n<figure class=\"alignleft\"><img decoding=\"async\" src=\"https:\/\/www.novogoias.com.br\/wp-content\/uploads\/2023\/05\/IMG-20221128-WA0228-960x640-1.jpg\" alt=\"\" class=\"wp-image-29046\"\/><\/figure><\/div>\n\n\n<p>Sua habilidade em liderar e articular com os demais vereadores tem sido essencial para a aprova\u00e7\u00e3o de propostas que visam o progresso da regi\u00e3o.<\/p>\n\n\n\n<p>A posi\u00e7\u00e3o de l\u00edder do governo confere a James Farias a responsabilidade de representar o executivo na C\u00e2mara Municipal, defendendo e buscando apoio para os projetos propostos pelo prefeito e sua equipe. Sua habilidade de di\u00e1logo e capacidade de articula\u00e7\u00e3o t\u00eam sido fundamentais para construir consensos e garantir o avan\u00e7o das pautas importantes para o munic\u00edpio. A aprova\u00e7\u00e3o de projetos do executivo \u00e9 um aspecto crucial para o desenvolvimento de qualquer cidade. Nesse sentido, James Farias tem demonstrado sua compet\u00eancia ao apresentar argumentos s\u00f3lidos e convencer<br>seus colegas vereadores sobre a import\u00e2ncia e os benef\u00edcios dessas iniciativas. Sua atua\u00e7\u00e3o \u00e9 pautada pelo interesse coletivo e pelo compromisso em melhorar<br>a qualidade de vida dos mun\u00edcipes.<\/p>\n\n\n\n<p>Al\u00e9m de sua atua\u00e7\u00e3o no parlamento, James Farias tamb\u00e9m tem buscado se aproximar da popula\u00e7\u00e3o, ouvindo suas demandas<br>e necessidades.<\/p>\n\n\n\n<p>Sua proximidade com a comunidade permite que ele compreenda de forma mais precisa os desafios enfrentados pelos cidad\u00e3os e, assim, possa<br>atuar de maneira mais eficaz na defesa de seus interesses.<\/p>\n\n\n\n<p>Por Alyson Lemos Jornalista \u2013 DRT 0004383\/GO<\/p>\n","protected":false},"excerpt":{"rendered":"<p>O vereador\u00a0James Farias\u00a0tem se destacado como uma figura influente e proativa na pol\u00edtica local. L\u00edder do governo na C\u00e2mara Municipal, sua atua\u00e7\u00e3o tem sido fundamental para a aprova\u00e7\u00e3o de projetos do executivo que visam o desenvolvimento e o bem-estar da popula\u00e7\u00e3o de \u00c1guas Lindas de Goi\u00e1s.Com uma trajet\u00f3ria marcada pelo comprometimento com a comunidade e [&hellip;]<\/p>\n","protected":false},"author":1,"featured_media":6287,"comment_status":"open","ping_status":"open","sticky":false,"template":"","format":"standard","meta":{"footnotes":""},"categories":[2,4],"tags":[16,74],"class_list":["post-6286","post","type-post","status-publish","format-standard","has-post-thumbnail","hentry","category-aguaslindas","category-goias","tag-aguaslindas","tag-vereador-james-faria"],"_links":{"self":[{"href":"https:\/\/aguaslindasnoticias.com.br\/index.php\/wp-json\/wp\/v2\/posts\/6286","targetHints":{"allow":["GET"]}}],"collection":[{"href":"https:\/\/aguaslindasnoticias.com.br\/index.php\/wp-json\/wp\/v2\/posts"}],"about":[{"href":"https:\/\/aguaslindasnoticias.com.br\/index.php\/wp-json\/wp\/v2\/types\/post"}],"author":[{"embeddable":true,"href":"https:\/\/aguaslindasnoticias.com.br\/index.php\/wp-json\/wp\/v2\/users\/1"}],"replies":[{"embeddable":true,"href":"https:\/\/aguaslindasnoticias.com.br\/index.php\/wp-json\/wp\/v2\/comments?post=6286"}],"version-history":[{"count":1,"href":"https:\/\/aguaslindasnoticias.com.br\/index.php\/wp-json\/wp\/v2\/posts\/6286\/revisions"}],"predecessor-version":[{"id":6288,"href":"https:\/\/aguaslindasnoticias.com.br\/index.php\/wp-json\/wp\/v2\/posts\/6286\/revisions\/6288"}],"wp:featuredmedia":[{"embeddable":true,"href":"https:\/\/aguaslindasnoticias.com.br\/index.php\/wp-json\/wp\/v2\/media\/6287"}],"wp:attachment":[{"href":"https:\/\/aguaslindasnoticias.com.br\/index.php\/wp-json\/wp\/v2\/media?parent=6286"}],"wp:term":[{"taxonomy":"category","embeddable":true,"href":"https:\/\/aguaslindasnoticias.com.br\/index.php\/wp-json\/wp\/v2\/categories?post=6286"},{"taxonomy":"post_tag","embeddable":true,"href":"https:\/\/aguaslindasnoticias.com.br\/index.php\/wp-json\/wp\/v2\/tags?post=6286"}],"curies":[{"name":"wp","href":"https:\/\/api.w.org\/{rel}","templated":true}]}}