{"id":6265,"date":"2023-05-18T16:38:06","date_gmt":"2023-05-18T19:38:06","guid":{"rendered":"https:\/\/aguaslindasnoticias.com.br\/?p=6265"},"modified":"2023-05-18T17:04:39","modified_gmt":"2023-05-18T20:04:39","slug":"deputado-anderson-teodoro-e-dr-lucas-promovem-reuniao-com-gestores-de-escolas-estaduais","status":"publish","type":"post","link":"https:\/\/aguaslindasnoticias.com.br\/index.php\/2023\/05\/18\/deputado-anderson-teodoro-e-dr-lucas-promovem-reuniao-com-gestores-de-escolas-estaduais\/","title":{"rendered":"Deputado Anderson Teodoro e Dr. Lucas promovem reuni\u00e3o com gestores de escolas estaduais"},"content":{"rendered":"\n<p><em>Di\u00e1logo e a\u00e7\u00e3o<\/em><\/p>\n\n\n\n<p>Na manh\u00e3 desta quinta, 18, o Prefeito Dr. Lucas, o Deputado Estadual Anderson Teodoro (Avante), e coordenador regional de educa\u00e7\u00e3o estadual em \u00c1guas Lindas, Francisco Wagner, estiveram em uma reuni\u00e3o com gestores das escolas estaduais.<\/p>\n\n\n\n<div class=\"wp-block-columns is-layout-flex wp-container-core-columns-is-layout-1 wp-block-columns-is-layout-flex\">\n<div class=\"wp-block-column is-layout-flow wp-block-column-is-layout-flow\" style=\"flex-basis:100%\">\n<figure class=\"wp-block-gallery has-nested-images columns-default is-cropped wp-block-gallery-1 is-layout-flex wp-block-gallery-is-layout-flex\">\n<figure class=\"wp-block-image size-large\"><img decoding=\"async\" width=\"1024\" height=\"461\" src=\"https:\/\/aguaslindasnoticias.com.br\/wp-content\/uploads\/2023\/05\/PHOTO-2023-05-18-13-10-26-1024x461.jpg\" alt=\"\" class=\"wp-image-6269\" srcset=\"https:\/\/aguaslindasnoticias.com.br\/wp-content\/uploads\/2023\/05\/PHOTO-2023-05-18-13-10-26-1024x461.jpg 1024w, https:\/\/aguaslindasnoticias.com.br\/wp-content\/uploads\/2023\/05\/PHOTO-2023-05-18-13-10-26-300x135.jpg 300w, https:\/\/aguaslindasnoticias.com.br\/wp-content\/uploads\/2023\/05\/PHOTO-2023-05-18-13-10-26-768x346.jpg 768w, https:\/\/aguaslindasnoticias.com.br\/wp-content\/uploads\/2023\/05\/PHOTO-2023-05-18-13-10-26-1536x691.jpg 1536w, https:\/\/aguaslindasnoticias.com.br\/wp-content\/uploads\/2023\/05\/PHOTO-2023-05-18-13-10-26.jpg 1600w\" sizes=\"(max-width: 1024px) 100vw, 1024px\" \/><\/figure>\n<\/figure>\n<\/div>\n<\/div>\n\n\n\n<p>O objetivo do encontro foi estreitar os la\u00e7os entre as coordena\u00e7\u00f5es de ensino municipal e estadual como forma de beneficiar toda trajet\u00f3ria escolar do aluno desde a pr\u00e9-escola at\u00e9 ensino m\u00e9dio.<\/p>\n\n\n\n<div class=\"wp-block-group\"><div class=\"wp-block-group__inner-container is-layout-constrained wp-block-group-is-layout-constrained\">\n<div class=\"wp-block-columns is-layout-flex wp-container-core-columns-is-layout-2 wp-block-columns-is-layout-flex\">\n<div class=\"wp-block-column is-layout-flow wp-block-column-is-layout-flow\" style=\"flex-basis:100%\">\n<figure class=\"wp-block-gallery has-nested-images columns-default is-cropped wp-block-gallery-2 is-layout-flex wp-block-gallery-is-layout-flex\">\n<figure class=\"wp-block-image size-large\"><img decoding=\"async\" width=\"1024\" height=\"461\" src=\"https:\/\/aguaslindasnoticias.com.br\/wp-content\/uploads\/2023\/05\/PHOTO-2023-05-18-13-10-25-1024x461.jpg\" alt=\"\" class=\"wp-image-6270\" srcset=\"https:\/\/aguaslindasnoticias.com.br\/wp-content\/uploads\/2023\/05\/PHOTO-2023-05-18-13-10-25-1024x461.jpg 1024w, https:\/\/aguaslindasnoticias.com.br\/wp-content\/uploads\/2023\/05\/PHOTO-2023-05-18-13-10-25-300x135.jpg 300w, https:\/\/aguaslindasnoticias.com.br\/wp-content\/uploads\/2023\/05\/PHOTO-2023-05-18-13-10-25-768x346.jpg 768w, https:\/\/aguaslindasnoticias.com.br\/wp-content\/uploads\/2023\/05\/PHOTO-2023-05-18-13-10-25-1536x691.jpg 1536w, https:\/\/aguaslindasnoticias.com.br\/wp-content\/uploads\/2023\/05\/PHOTO-2023-05-18-13-10-25.jpg 1600w\" sizes=\"(max-width: 1024px) 100vw, 1024px\" \/><\/figure>\n<\/figure>\n<\/div>\n<\/div>\n<\/div><\/div>\n\n\n\n<p>Como destacou o deputado,  a educa\u00e7\u00e3o abre portas e possibilita que os jovens possam explorar novos horizontes:  \u201cEsse di\u00e1logo \u00e9 muito importante para o crescimento do munic\u00edpio. Temos uma miss\u00e3o com essas crian\u00e7as e jovens, sabemos da import\u00e2ncia e dos deveres que temos. Temos que oferecer para eles oportunidades,\u201d afirmou.<\/p>\n\n\n\n<p>Dr. Lucas destacou a import\u00e2ncia de garantir uma base consistente ao estudante e tamb\u00e9m a forma\u00e7\u00e3o dele enquanto cidad\u00e3o, consciente de suas responsabilidades: \u201cApesar de estar em um cargo pol\u00edtico, acredito que a educa\u00e7\u00e3o deve caminhar de maneira independente,\u201d enfatizou.<\/p>\n\n\n\n<p>Segundo informa\u00e7\u00f5es do INEP de 2022, \u00c1guas Lindas tem cerca de 35 mil alunos matriculados em 64 escolas, considerando todas as etapas de ensino.<\/p>\n","protected":false},"excerpt":{"rendered":"<p>Di\u00e1logo e a\u00e7\u00e3o Na manh\u00e3 desta quinta, 18, o Prefeito Dr. Lucas, o Deputado Estadual Anderson Teodoro (Avante), e coordenador regional de educa\u00e7\u00e3o estadual em \u00c1guas Lindas, Francisco Wagner, estiveram em uma reuni\u00e3o com gestores das escolas estaduais. O objetivo do encontro foi estreitar os la\u00e7os entre as coordena\u00e7\u00f5es de ensino municipal e estadual como [&hellip;]<\/p>\n","protected":false},"author":1,"featured_media":6266,"comment_status":"open","ping_status":"open","sticky":false,"template":"","format":"standard","meta":{"footnotes":""},"categories":[2,5,50,4],"tags":[16,21,52],"class_list":["post-6265","post","type-post","status-publish","format-standard","has-post-thumbnail","hentry","category-aguaslindas","category-brasil","category-educacao","category-goias","tag-aguaslindas","tag-deputado-anderson-teodoro","tag-prefeito-dr-lucas"],"_links":{"self":[{"href":"https:\/\/aguaslindasnoticias.com.br\/index.php\/wp-json\/wp\/v2\/posts\/6265","targetHints":{"allow":["GET"]}}],"collection":[{"href":"https:\/\/aguaslindasnoticias.com.br\/index.php\/wp-json\/wp\/v2\/posts"}],"about":[{"href":"https:\/\/aguaslindasnoticias.com.br\/index.php\/wp-json\/wp\/v2\/types\/post"}],"author":[{"embeddable":true,"href":"https:\/\/aguaslindasnoticias.com.br\/index.php\/wp-json\/wp\/v2\/users\/1"}],"replies":[{"embeddable":true,"href":"https:\/\/aguaslindasnoticias.com.br\/index.php\/wp-json\/wp\/v2\/comments?post=6265"}],"version-history":[{"count":4,"href":"https:\/\/aguaslindasnoticias.com.br\/index.php\/wp-json\/wp\/v2\/posts\/6265\/revisions"}],"predecessor-version":[{"id":6275,"href":"https:\/\/aguaslindasnoticias.com.br\/index.php\/wp-json\/wp\/v2\/posts\/6265\/revisions\/6275"}],"wp:featuredmedia":[{"embeddable":true,"href":"https:\/\/aguaslindasnoticias.com.br\/index.php\/wp-json\/wp\/v2\/media\/6266"}],"wp:attachment":[{"href":"https:\/\/aguaslindasnoticias.com.br\/index.php\/wp-json\/wp\/v2\/media?parent=6265"}],"wp:term":[{"taxonomy":"category","embeddable":true,"href":"https:\/\/aguaslindasnoticias.com.br\/index.php\/wp-json\/wp\/v2\/categories?post=6265"},{"taxonomy":"post_tag","embeddable":true,"href":"https:\/\/aguaslindasnoticias.com.br\/index.php\/wp-json\/wp\/v2\/tags?post=6265"}],"curies":[{"name":"wp","href":"https:\/\/api.w.org\/{rel}","templated":true}]}}