{"id":6250,"date":"2023-05-16T21:03:01","date_gmt":"2023-05-17T00:03:01","guid":{"rendered":"https:\/\/aguaslindasnoticias.com.br\/?p=6250"},"modified":"2023-05-16T21:03:09","modified_gmt":"2023-05-17T00:03:09","slug":"com-investimento-de-r-114-milhoes-governo-de-goias-entrega-onibus-escolares-a-35-municipios","status":"publish","type":"post","link":"https:\/\/aguaslindasnoticias.com.br\/index.php\/2023\/05\/16\/com-investimento-de-r-114-milhoes-governo-de-goias-entrega-onibus-escolares-a-35-municipios\/","title":{"rendered":"Com investimento de R$ 11,4 milh\u00f5es, Governo de Goi\u00e1s entrega \u00f4nibus escolares a 35 munic\u00edpios"},"content":{"rendered":"\n<p class=\"has-text-align-center\">Desde 2019, o Governo de Goi\u00e1s entregou mais de 500 ve\u00edculos ao transporte escolar<\/p>\n\n\n\n<p>Escolas das redes estadual e municipal receberam nesta ter\u00e7a-feira, 21, o refor\u00e7o de 36 \u00f4nibus para o transporte de estudantes. Em cerim\u00f4nia realizada na Secretaria de Estado da Educa\u00e7\u00e3o (Seduc), em Goi\u00e2nia, o governador Ronaldo Caiado entregou a chave simb\u00f3lica dos ve\u00edculos a prefeitos de 35 cidades. \u201cN\u00f3s precisamos cuidar de tudo: col\u00e9gio, alimenta\u00e7\u00e3o, uniformes, professores e tamb\u00e9m do transporte de todos esses estudantes\u201d, afirmou.<\/p>\n\n\n\n<p>Zero quil\u00f4metro, os \u00f4nibus possuem capacidade para 59 estudantes sentados e dispositivo de embarque e desembarque para pessoa com defici\u00eancia. O governador lembrou que a renova\u00e7\u00e3o da frota \u00e9 essencial para a seguran\u00e7a dos alunos e, por isso, \u00e9 uma prioridade. A compra foi poss\u00edvel gra\u00e7as a um investimento de R$ 13,9 milh\u00f5es, sendo que R$ 11,4 milh\u00f5es s\u00e3o recursos de emendas de deputados federais goianos.<\/p>\n\n\n\n<p>L\u00edder da bancada goiana na C\u00e2mara dos Deputados, a deputada federal Fl\u00e1via Morais salientou que foi realizada consulta aos munic\u00edpios para beneficiar aqueles que mais precisam, a partir de uma vis\u00e3o municipalista dos mandatos. A secret\u00e1ria da Educa\u00e7\u00e3o, F\u00e1tima Gavioli, lembrou encontro promovido pelo governador entre deputados federais e secret\u00e1rios de Estado para dizer que a entrega dos \u00f4nibus j\u00e1 \u00e9 um dos frutos desse di\u00e1logo.<\/p>\n\n\n\n<p>\u201cOs deputados federais nos perguntam do que \u00e9 que os prefeitos precisam, do que as prefeituras precisam. A a\u00e7\u00e3o \u00e9 coordenada. Al\u00e9m da lista dos deputados, o governador faz uma complementa\u00e7\u00e3o para atender outros prefeitos. Estamos juntos para melhorar a qualidade da aprendizagem em Goi\u00e1s\u201d, disse F\u00e1tima Gavioli.<\/p>\n\n\n\n<p>Desde 2019, o Governo de Goi\u00e1s entregou mais de 500 ve\u00edculos ao transporte escolar. Al\u00e9m da frota, os munic\u00edpios recebem repasses mensais para aplica\u00e7\u00e3o em combust\u00edvel e manuten\u00e7\u00e3o, entre outros itens. No evento desta manh\u00e3, tamb\u00e9m estiveram presentes o vice-governador Daniel Vilela; os deputados federais Glaustin da Fokus, Professor Alcides, Daniel da Agrobom, Adriano do Baldy e Rubens Otoni, al\u00e9m de prefeitos e outras autoridades.<\/p>\n\n\n\n<p><strong>Munic\u00edpios<\/strong><\/p>\n\n\n\n<p>Os \u00f4nibus ser\u00e3o encaminhados aos munic\u00edpios de Abadia de Goi\u00e1s, Alto Para\u00edso de Goi\u00e1s, Alvorada do Norte, Ara\u00e7u, Aragoi\u00e2nia, Caldazinha, Campinorte, Cristalina, Damian\u00f3polis, Edealina, Formoso, Goiandira, Goianira, Guarani, Inaciol\u00e2ndia, Israel\u00e2ndia, Itarum\u00e3, Jaupaci, Mairipotaba, Moipor\u00e1, Montividiu do Norte, Mozarl\u00e2ndia, Mutun\u00f3polis, Novo Gama, Novo Planalto, Perol\u00e2ndia, Porangatu, Santa Rita do Araguaia, Santa Rosa de Goi\u00e1s, S\u00e3o Francisco de Goi\u00e1s, S\u00e3o Patr\u00edcio, Simol\u00e2ndia, Vian\u00f3polis, Vicentin\u00f3polis e Vila Prop\u00edcio.<\/p>\n","protected":false},"excerpt":{"rendered":"<p>Desde 2019, o Governo de Goi\u00e1s entregou mais de 500 ve\u00edculos ao transporte escolar Escolas das redes estadual e municipal receberam nesta ter\u00e7a-feira, 21, o refor\u00e7o de 36 \u00f4nibus para o transporte de estudantes. Em cerim\u00f4nia realizada na Secretaria de Estado da Educa\u00e7\u00e3o (Seduc), em Goi\u00e2nia, o governador Ronaldo Caiado entregou a chave simb\u00f3lica dos [&hellip;]<\/p>\n","protected":false},"author":1,"featured_media":6251,"comment_status":"open","ping_status":"open","sticky":false,"template":"","format":"standard","meta":{"footnotes":""},"categories":[50,4],"tags":[19],"class_list":["post-6250","post","type-post","status-publish","format-standard","has-post-thumbnail","hentry","category-educacao","category-goias","tag-goias"],"_links":{"self":[{"href":"https:\/\/aguaslindasnoticias.com.br\/index.php\/wp-json\/wp\/v2\/posts\/6250","targetHints":{"allow":["GET"]}}],"collection":[{"href":"https:\/\/aguaslindasnoticias.com.br\/index.php\/wp-json\/wp\/v2\/posts"}],"about":[{"href":"https:\/\/aguaslindasnoticias.com.br\/index.php\/wp-json\/wp\/v2\/types\/post"}],"author":[{"embeddable":true,"href":"https:\/\/aguaslindasnoticias.com.br\/index.php\/wp-json\/wp\/v2\/users\/1"}],"replies":[{"embeddable":true,"href":"https:\/\/aguaslindasnoticias.com.br\/index.php\/wp-json\/wp\/v2\/comments?post=6250"}],"version-history":[{"count":1,"href":"https:\/\/aguaslindasnoticias.com.br\/index.php\/wp-json\/wp\/v2\/posts\/6250\/revisions"}],"predecessor-version":[{"id":6252,"href":"https:\/\/aguaslindasnoticias.com.br\/index.php\/wp-json\/wp\/v2\/posts\/6250\/revisions\/6252"}],"wp:featuredmedia":[{"embeddable":true,"href":"https:\/\/aguaslindasnoticias.com.br\/index.php\/wp-json\/wp\/v2\/media\/6251"}],"wp:attachment":[{"href":"https:\/\/aguaslindasnoticias.com.br\/index.php\/wp-json\/wp\/v2\/media?parent=6250"}],"wp:term":[{"taxonomy":"category","embeddable":true,"href":"https:\/\/aguaslindasnoticias.com.br\/index.php\/wp-json\/wp\/v2\/categories?post=6250"},{"taxonomy":"post_tag","embeddable":true,"href":"https:\/\/aguaslindasnoticias.com.br\/index.php\/wp-json\/wp\/v2\/tags?post=6250"}],"curies":[{"name":"wp","href":"https:\/\/api.w.org\/{rel}","templated":true}]}}