{"id":6247,"date":"2023-05-16T04:40:52","date_gmt":"2023-05-16T07:40:52","guid":{"rendered":"https:\/\/aguaslindasnoticias.com.br\/?p=6247"},"modified":"2023-05-16T04:41:00","modified_gmt":"2023-05-16T07:41:00","slug":"governo-de-goias-lanca-o-circuito-cavalhadas-2023","status":"publish","type":"post","link":"https:\/\/aguaslindasnoticias.com.br\/index.php\/2023\/05\/16\/governo-de-goias-lanca-o-circuito-cavalhadas-2023\/","title":{"rendered":"Governo de Goi\u00e1s lan\u00e7a o Circuito Cavalhadas 2023"},"content":{"rendered":"\n<p><em>Evento re\u00fane o governador e representantes dos 15 munic\u00edpios participantes, para an\u00fancio do calend\u00e1rio oficial de 2023<\/em><\/p>\n\n\n\n<p>O Governo de Goi\u00e1s, por meio da Secretaria de Estado da Cultura (Secult), lan\u00e7a o Circuito Cavalhadas 2023 na nesta&nbsp;segunda-feira (15\/5), \u00e0s 9h. A solenidade ir\u00e1 reunir representantes dos 15 munic\u00edpios participantes no Pal\u00e1cio das Esmeraldas, em Goi\u00e2nia.<\/p>\n\n\n\n<p>O roteiro inclui 15 cidades, sendo 13 que ter\u00e3o os festejos, e mais duas que ser\u00e3o preparadas para o resgate do evento em seus munic\u00edpios em 2024. A exemplo das edi\u00e7\u00f5es de 2022, o Governo do Estado, por meio da Secult, continuar\u00e1 investindo no tradicional festejo. Para isso ser\u00e3o destinados este ano R$ 3 milh\u00f5es para a realiza\u00e7\u00e3o das Cavalhadas, uma das mais importantes manifesta\u00e7\u00f5es culturais do Estado. Al\u00e9m dos munic\u00edpios que j\u00e1 realizam as festividades em 2023, incluindo a cidade de Goi\u00e1s, a tradi\u00e7\u00e3o ser\u00e1 resgatada no munic\u00edpio de Luzi\u00e2nia, que passa a integrar o roteiro este ano.<\/p>\n\n\n\n<p>Outra novidade \u00e9 que mais duas cidades goianas, Silv\u00e2nia e Niquel\u00e2ndia, tamb\u00e9m entrar\u00e3o no circuito. Para isso, a Secult j\u00e1 trabalha com a\u00e7\u00f5es e estudos, contando com a parceria da comunidade local, para resgatar a tradi\u00e7\u00e3o nesses munic\u00edpios para que eles possam realizar as Cavalhadas em 2024.<\/p>\n\n\n\n<p><strong>Confira o calend\u00e1rio completo:<\/strong><\/p>\n\n\n\n<p>Santa Cruz &#8211; 27 a 28\/05<\/p>\n\n\n\n<p>Posse &#8211; 27 a 28\/05<\/p>\n\n\n\n<p>Jaragu\u00e1 &#8211; 27 a 29\/05<\/p>\n\n\n\n<p>Piren\u00f3polis &#8211; 28 a 30\/05<\/p>\n\n\n\n<p>Luzi\u00e2nia &#8211; 03\/06<\/p>\n\n\n\n<p>Palmeiras de Goi\u00e1s &#8211; 09 a 11\/06<\/p>\n\n\n\n<p>Hidrolina &#8211; 09 a 11\/06<\/p>\n\n\n\n<p>S\u00e3o Francisco de Goi\u00e1s &#8211; 17 e 18\/06<\/p>\n\n\n\n<p>Crix\u00e1s &#8211; 24 e 25\/06<\/p>\n\n\n\n<p>Santa Terezinha de Goi\u00e1s (Cedrolina) &#8211; 15 e 16\/07<\/p>\n\n\n\n<p>Pilar de Goi\u00e1s &#8211; 09 e 10\/09<\/p>\n\n\n\n<p>Corumb\u00e1 de Goi\u00e1s &#8211; 08 a 10\/09<\/p>\n\n\n\n<p>Cidade de Goi\u00e1s &#8211; 14 e 15\/10<\/p>\n\n\n\n<p>Fonte: <a href=\"https:\/\/www.cultura.go.gov.br\/noticias\/3790-governo-de-goi%C3%A1s-lan%C3%A7a-o-circuito-cavalhadas-2023.html\" target=\"_blank\" rel=\"noreferrer noopener\">Secult Goi\u00e1s<\/a><\/p>\n","protected":false},"excerpt":{"rendered":"<p>Evento re\u00fane o governador e representantes dos 15 munic\u00edpios participantes, para an\u00fancio do calend\u00e1rio oficial de 2023 O Governo de Goi\u00e1s, por meio da Secretaria de Estado da Cultura (Secult), lan\u00e7a o Circuito Cavalhadas 2023 na nesta&nbsp;segunda-feira (15\/5), \u00e0s 9h. A solenidade ir\u00e1 reunir representantes dos 15 munic\u00edpios participantes no Pal\u00e1cio das Esmeraldas, em Goi\u00e2nia. [&hellip;]<\/p>\n","protected":false},"author":1,"featured_media":6248,"comment_status":"open","ping_status":"open","sticky":false,"template":"","format":"standard","meta":{"footnotes":""},"categories":[5,8,4],"tags":[12,19],"class_list":["post-6247","post","type-post","status-publish","format-standard","has-post-thumbnail","hentry","category-brasil","category-cultura","category-goias","tag-cultura","tag-goias"],"_links":{"self":[{"href":"https:\/\/aguaslindasnoticias.com.br\/index.php\/wp-json\/wp\/v2\/posts\/6247","targetHints":{"allow":["GET"]}}],"collection":[{"href":"https:\/\/aguaslindasnoticias.com.br\/index.php\/wp-json\/wp\/v2\/posts"}],"about":[{"href":"https:\/\/aguaslindasnoticias.com.br\/index.php\/wp-json\/wp\/v2\/types\/post"}],"author":[{"embeddable":true,"href":"https:\/\/aguaslindasnoticias.com.br\/index.php\/wp-json\/wp\/v2\/users\/1"}],"replies":[{"embeddable":true,"href":"https:\/\/aguaslindasnoticias.com.br\/index.php\/wp-json\/wp\/v2\/comments?post=6247"}],"version-history":[{"count":1,"href":"https:\/\/aguaslindasnoticias.com.br\/index.php\/wp-json\/wp\/v2\/posts\/6247\/revisions"}],"predecessor-version":[{"id":6249,"href":"https:\/\/aguaslindasnoticias.com.br\/index.php\/wp-json\/wp\/v2\/posts\/6247\/revisions\/6249"}],"wp:featuredmedia":[{"embeddable":true,"href":"https:\/\/aguaslindasnoticias.com.br\/index.php\/wp-json\/wp\/v2\/media\/6248"}],"wp:attachment":[{"href":"https:\/\/aguaslindasnoticias.com.br\/index.php\/wp-json\/wp\/v2\/media?parent=6247"}],"wp:term":[{"taxonomy":"category","embeddable":true,"href":"https:\/\/aguaslindasnoticias.com.br\/index.php\/wp-json\/wp\/v2\/categories?post=6247"},{"taxonomy":"post_tag","embeddable":true,"href":"https:\/\/aguaslindasnoticias.com.br\/index.php\/wp-json\/wp\/v2\/tags?post=6247"}],"curies":[{"name":"wp","href":"https:\/\/api.w.org\/{rel}","templated":true}]}}