{"id":6237,"date":"2023-05-15T18:37:53","date_gmt":"2023-05-15T21:37:53","guid":{"rendered":"https:\/\/aguaslindasnoticias.com.br\/?p=6237"},"modified":"2023-05-15T18:38:01","modified_gmt":"2023-05-15T21:38:01","slug":"secult-goias-tem-programacao-especial-na-21a-semana-nacional-de-museus","status":"publish","type":"post","link":"https:\/\/aguaslindasnoticias.com.br\/index.php\/2023\/05\/15\/secult-goias-tem-programacao-especial-na-21a-semana-nacional-de-museus\/","title":{"rendered":"Secult Goi\u00e1s tem programa\u00e7\u00e3o especial na 21\u00aa Semana Nacional de Museus"},"content":{"rendered":"\n<p><em>Um dos destaques \u00e9 aula aberta sobre m\u00fasica preta brasileira, com audi\u00e7\u00e3o de discos de vinil; exposi\u00e7\u00e3o virtual abre espa\u00e7o no site da pasta para fotografias autorais<\/em><\/p>\n\n\n\n<p>A Secretaria de Estado da Cultura (Secult) realiza, a partir desta segunda-feira (15\/05), uma programa\u00e7\u00e3o especial dentro da 21\u00aa Semana Nacional de Museus. &nbsp;As atividades s\u00e3o gratuitas e v\u00e3o at\u00e9 s\u00e1bado (20\/05). &nbsp;<\/p>\n\n\n\n<p>O Museu da Imagem e do Som (MIS) oferece exposi\u00e7\u00e3o virtual, mesa redonda e aula aberta com audi\u00e7\u00e3o de discos de vinil. J\u00e1 o Museu Pedro Ludovico realiza, no s\u00e1bado (20\/05), uma roda de conversa sobre museologia.&nbsp;<\/p>\n\n\n\n<p>A 21\u00aa Semana Nacional de Museus \u00e9 uma iniciativa do Instituto Brasileiro de Museus &#8211; Ibram, em parceria com as institui\u00e7\u00f5es museol\u00f3gicas de todo pa\u00eds.&nbsp;<\/p>\n\n\n\n<p><strong>Exposi\u00e7\u00e3o virtual<\/strong><br>A Secult Goi\u00e1s tamb\u00e9m exibe, no site oficial da pasta (www.cultura.go.gov.br), uma exposi\u00e7\u00e3o virtual e participativa de fotografias. Os registros est\u00e3o ligados ao tema da Semana: \u201cMuseus: Sustentabilidade e Bem-Estar\u201d e foram previamente selecionados por uma curadoria.&nbsp;<\/p>\n\n\n\n<p>Confira a programa\u00e7\u00e3o completa da 21\u00aa Semana Nacional de Museu da Secult Goi\u00e1s:<\/p>\n\n\n\n<p><strong>Museu da Imagem e do Som (MIS)<\/strong><br>15\/05 &#8211; 9h \u00e0s 17h<br>Exposi\u00e7\u00e3o \u2013 Sustentabilidade e Bem-estar (virtual e participativa)<\/p>\n\n\n\n<p>15\/05 &nbsp;&#8211; &nbsp;19h \u00e0s 21h<br>Mesa redonda \u2013 Os Museus e suas contribui\u00e7\u00f5es para a sustentabilidade e o bem-estar, com Camila Wichers e B\u00e1rbara Yanara, mediados por Vit\u00f3ria Bandeira<\/p>\n\n\n\n<p>17\/05 \u2013 9h \u00e0s 11h<br>A\u00e7\u00e3o Educativa \u2013 Aula aberta: m\u00fasica preta brasileira com audi\u00e7\u00e3o de discos de vinil com a Prof\u00aa. Dr\u00aa. Ge\u00f3rgia Cynara<\/p>\n\n\n\n<p>19\/05 \u2013 9h \u00e0s 11h<br>A\u00e7\u00e3o Educativa \u2013 Aula aberta: Mulheres na m\u00fasica brasileira com audi\u00e7\u00e3o de discos de vinil. Prof\u00aa. Dr\u00aa. Ge\u00f3rgia Cynara<\/p>\n\n\n\n<p><strong>Museu Pedro Ludovico<\/strong><br>20\/05 &#8211; &nbsp;10h \u00e0s 12h<br>Roda de Conversa &#8211; &#8220;As a\u00e7\u00f5es museol\u00f3gicas na promo\u00e7\u00e3o da sustentabilidade social e cultural\u201d com a Prof\u00aa. Ma. B\u00e1rbara Yanara (FCS\/UFG)<\/p>\n\n\n\n<p><em>Fotos: Secult<\/em><\/p>\n\n\n\n<p>Legenda: Com audi\u00e7\u00e3o de discos de vinil, m\u00fasica brasileira \u00e9 tema de aula aberta durante 21\u00aa Semana Nacional de Museus<\/p>\n\n\n\n<p>Fonte: <strong><a href=\"https:\/\/www.cultura.go.gov.br\/noticias\/3791-secult-goi%C3%A1s-tem-programa%C3%A7%C3%A3o-especial-na-21%C2%AA-semana-nacional-de-museus.html\" target=\"_blank\" rel=\"noreferrer noopener\">Secretaria de Estado de Cultura \u2013 Governo de Goi\u00e1s<\/a><\/strong><\/p>\n","protected":false},"excerpt":{"rendered":"<p>Um dos destaques \u00e9 aula aberta sobre m\u00fasica preta brasileira, com audi\u00e7\u00e3o de discos de vinil; exposi\u00e7\u00e3o virtual abre espa\u00e7o no site da pasta para fotografias autorais A Secretaria de Estado da Cultura (Secult) realiza, a partir desta segunda-feira (15\/05), uma programa\u00e7\u00e3o especial dentro da 21\u00aa Semana Nacional de Museus. &nbsp;As atividades s\u00e3o gratuitas e [&hellip;]<\/p>\n","protected":false},"author":1,"featured_media":6238,"comment_status":"open","ping_status":"open","sticky":false,"template":"","format":"standard","meta":{"footnotes":""},"categories":[5,8,4],"tags":[12,19],"class_list":["post-6237","post","type-post","status-publish","format-standard","has-post-thumbnail","hentry","category-brasil","category-cultura","category-goias","tag-cultura","tag-goias"],"_links":{"self":[{"href":"https:\/\/aguaslindasnoticias.com.br\/index.php\/wp-json\/wp\/v2\/posts\/6237","targetHints":{"allow":["GET"]}}],"collection":[{"href":"https:\/\/aguaslindasnoticias.com.br\/index.php\/wp-json\/wp\/v2\/posts"}],"about":[{"href":"https:\/\/aguaslindasnoticias.com.br\/index.php\/wp-json\/wp\/v2\/types\/post"}],"author":[{"embeddable":true,"href":"https:\/\/aguaslindasnoticias.com.br\/index.php\/wp-json\/wp\/v2\/users\/1"}],"replies":[{"embeddable":true,"href":"https:\/\/aguaslindasnoticias.com.br\/index.php\/wp-json\/wp\/v2\/comments?post=6237"}],"version-history":[{"count":1,"href":"https:\/\/aguaslindasnoticias.com.br\/index.php\/wp-json\/wp\/v2\/posts\/6237\/revisions"}],"predecessor-version":[{"id":6239,"href":"https:\/\/aguaslindasnoticias.com.br\/index.php\/wp-json\/wp\/v2\/posts\/6237\/revisions\/6239"}],"wp:featuredmedia":[{"embeddable":true,"href":"https:\/\/aguaslindasnoticias.com.br\/index.php\/wp-json\/wp\/v2\/media\/6238"}],"wp:attachment":[{"href":"https:\/\/aguaslindasnoticias.com.br\/index.php\/wp-json\/wp\/v2\/media?parent=6237"}],"wp:term":[{"taxonomy":"category","embeddable":true,"href":"https:\/\/aguaslindasnoticias.com.br\/index.php\/wp-json\/wp\/v2\/categories?post=6237"},{"taxonomy":"post_tag","embeddable":true,"href":"https:\/\/aguaslindasnoticias.com.br\/index.php\/wp-json\/wp\/v2\/tags?post=6237"}],"curies":[{"name":"wp","href":"https:\/\/api.w.org\/{rel}","templated":true}]}}