{"id":6221,"date":"2023-05-12T13:33:58","date_gmt":"2023-05-12T16:33:58","guid":{"rendered":"https:\/\/aguaslindasnoticias.com.br\/?p=6221"},"modified":"2023-05-12T13:33:58","modified_gmt":"2023-05-12T16:33:58","slug":"oito-sao-resgatados-de-trabalho-analogo-ao-de-escravo-em-fazenda-de-goias","status":"publish","type":"post","link":"https:\/\/aguaslindasnoticias.com.br\/index.php\/2023\/05\/12\/oito-sao-resgatados-de-trabalho-analogo-ao-de-escravo-em-fazenda-de-goias\/","title":{"rendered":"Oito s\u00e3o resgatados de trabalho an\u00e1logo ao de escravo em fazenda de Goi\u00e1s"},"content":{"rendered":"\n<p>Trabalhadores em condi\u00e7\u00f5es an\u00e1logas \u00e0 escravid\u00e3o dormiam em colch\u00e3os velhos num abrigo sujo em Nova Gl\u00f3ria (GO)Imagem: Divulga\u00e7\u00e3o\/Minist\u00e9rio do Trabalho e Emprego<\/p>\n\n\n\n<p>Uma opera\u00e7\u00e3o do Minist\u00e9rio do Trabalho resgatou oito trabalhadores em condi\u00e7\u00e3o an\u00e1loga \u00e0 escravid\u00e3o de uma fazenda de bambu em Goi\u00e1s. <\/p>\n\n\n\n<p>O que aconteceu:<\/p>\n\n\n\n<ul class=\"wp-block-list\">\n<li><strong> As v\u00edtimas trabalhavam na extra\u00e7\u00e3o de varas de bambu na cidade de Nova Gl\u00f3ria.<\/strong><\/li>\n<\/ul>\n\n\n\n<ul class=\"wp-block-list\">\n<li><strong>A fiscaliza\u00e7\u00e3o encontrou os trabalhadores em condi\u00e7\u00f5es subumanas.<\/strong> Os alojamentos n\u00e3o tinham camas, roupas de cama, arm\u00e1rios individuais nem locais adequados para o preparo de refei\u00e7\u00f5es. <\/li>\n<\/ul>\n\n\n\n<ul class=\"wp-block-list\">\n<li><strong>Os trabalhadores estavam a meses sem receber sal\u00e1rio e sobreviviam com pequenas quantias de R$ 10 a R$ 50. <\/strong><\/li>\n<\/ul>\n\n\n\n<ul class=\"wp-block-list\">\n<li><strong>Tudo o que eles tinham, como acesso \u00e0 \u00e1gua, alimentos e equipamentos de prote\u00e7\u00e3o, era descontado do sal\u00e1rio indevidamente pelo empregador. <\/strong>Quando pediam para ir embora, o patr\u00e3o dizia que eles estavam devendo e tinham que acertar as contas.  <\/li>\n<\/ul>\n\n\n\n<ul class=\"wp-block-list\">\n<li><strong>O MTE diz que o empregador tinha um caderno com todas as anota\u00e7\u00f5es de despesas.<\/strong> Se deixassem a fazenda, os trabalhadores eram obrigados a assinar notas promiss\u00f3rios das d\u00edvidas, afirmou o auditor fiscal Afonso Borges, chefe de fiscaliza\u00e7\u00e3o da Superintend\u00eancia Regional do Trabalho em Goi\u00e1s.<\/li>\n<\/ul>\n\n\n\n<ul class=\"wp-block-list\">\n<li><strong>Nenhum trabalhador da fazenda era registrado.<\/strong> No local de trabalho, n\u00e3o havia espa\u00e7o para refei\u00e7\u00f5es nem banheiro.<\/li>\n<\/ul>\n\n\n\n<ul class=\"wp-block-list\">\n<li><strong>O empregador foi preso pela Pol\u00edcia Federal.<\/strong> Al\u00e9m de submeter funcion\u00e1rios a trabalho an\u00e1logo ao de escravo, h\u00e1 evid\u00eancias de que o homem cometeu crimes de aliciamento, reten\u00e7\u00e3o indevida de sal\u00e1rio e tr\u00e1fico de pessoas.<\/li>\n<\/ul>\n\n\n\n<ul class=\"wp-block-list\">\n<li><strong>Ele se recusou a pagar a rescis\u00e3o contratual, incluindo o sal\u00e1rio de todo o per\u00edodo trabalhado, e passagens para que os trabalhadores voltassem aos seus estados de origem. <\/strong>Segundo Borges, o patr\u00e3o alegou falta de condi\u00e7\u00f5es financeiras.<\/li>\n<\/ul>\n\n\n\n<ul class=\"wp-block-list\">\n<li><strong>A Uni\u00e3o bancou a passagem dos oito trabalhadores e kit de alimentos para a viagem.<\/strong> Cinco deles eram de S\u00e3o Miguel do Guam\u00e1 (PA), dois de An\u00e1polis (GO) e um de Barra do Gar\u00e7as (MT).<\/li>\n<\/ul>\n\n\n\n<p>A opera\u00e7\u00e3o do MTE foi feita em conjunto com a Pol\u00edcia Federal e MPT entre os dias 8 e 10 de maio. Den\u00fancias de trabalho an\u00e1logo ao de escravo podem ser feitas, de forma an\u00f4nima, pelo Sistema Ip\u00ea. Desde 1\u00ba de maio, pelo menos 33 trabalhadores foram resgatados de condi\u00e7\u00f5es an\u00e1logas \u00e0 escravid\u00e3o em opera\u00e7\u00f5es do MTE.<\/p>\n\n\n\n<p>Fonte: <a href=\"https:\/\/noticias.uol.com.br\/cotidiano\/ultimas-noticias\/2023\/05\/11\/trabalhadores-em-condicao-analoga-a-g-em-goias.htm\" data-type=\"URL\" data-id=\"https:\/\/noticias.uol.com.br\/cotidiano\/ultimas-noticias\/2023\/05\/11\/trabalhadores-em-condicao-analoga-a-g-em-goias.htm\" target=\"_blank\" rel=\"noreferrer noopener\">https:\/\/noticias.uol.com.br\/cotidiano\/ultimas-noticias\/2023\/05\/11\/trabalhadores-em-condicao-analoga-a-g-em-goias.htm<\/a><\/p>\n","protected":false},"excerpt":{"rendered":"<p>Trabalhadores em condi\u00e7\u00f5es an\u00e1logas \u00e0 escravid\u00e3o dormiam em colch\u00e3os velhos num abrigo sujo em Nova Gl\u00f3ria (GO)Imagem: Divulga\u00e7\u00e3o\/Minist\u00e9rio do Trabalho e Emprego Uma opera\u00e7\u00e3o do Minist\u00e9rio do Trabalho resgatou oito trabalhadores em condi\u00e7\u00e3o an\u00e1loga \u00e0 escravid\u00e3o de uma fazenda de bambu em Goi\u00e1s. O que aconteceu: A opera\u00e7\u00e3o do MTE foi feita em conjunto com [&hellip;]<\/p>\n","protected":false},"author":1,"featured_media":6222,"comment_status":"open","ping_status":"open","sticky":false,"template":"","format":"standard","meta":{"footnotes":""},"categories":[68,4],"tags":[19,69],"class_list":["post-6221","post","type-post","status-publish","format-standard","has-post-thumbnail","hentry","category-direitos-humanos","category-goias","tag-goias","tag-mte"],"_links":{"self":[{"href":"https:\/\/aguaslindasnoticias.com.br\/index.php\/wp-json\/wp\/v2\/posts\/6221","targetHints":{"allow":["GET"]}}],"collection":[{"href":"https:\/\/aguaslindasnoticias.com.br\/index.php\/wp-json\/wp\/v2\/posts"}],"about":[{"href":"https:\/\/aguaslindasnoticias.com.br\/index.php\/wp-json\/wp\/v2\/types\/post"}],"author":[{"embeddable":true,"href":"https:\/\/aguaslindasnoticias.com.br\/index.php\/wp-json\/wp\/v2\/users\/1"}],"replies":[{"embeddable":true,"href":"https:\/\/aguaslindasnoticias.com.br\/index.php\/wp-json\/wp\/v2\/comments?post=6221"}],"version-history":[{"count":1,"href":"https:\/\/aguaslindasnoticias.com.br\/index.php\/wp-json\/wp\/v2\/posts\/6221\/revisions"}],"predecessor-version":[{"id":6223,"href":"https:\/\/aguaslindasnoticias.com.br\/index.php\/wp-json\/wp\/v2\/posts\/6221\/revisions\/6223"}],"wp:featuredmedia":[{"embeddable":true,"href":"https:\/\/aguaslindasnoticias.com.br\/index.php\/wp-json\/wp\/v2\/media\/6222"}],"wp:attachment":[{"href":"https:\/\/aguaslindasnoticias.com.br\/index.php\/wp-json\/wp\/v2\/media?parent=6221"}],"wp:term":[{"taxonomy":"category","embeddable":true,"href":"https:\/\/aguaslindasnoticias.com.br\/index.php\/wp-json\/wp\/v2\/categories?post=6221"},{"taxonomy":"post_tag","embeddable":true,"href":"https:\/\/aguaslindasnoticias.com.br\/index.php\/wp-json\/wp\/v2\/tags?post=6221"}],"curies":[{"name":"wp","href":"https:\/\/api.w.org\/{rel}","templated":true}]}}