{"id":6212,"date":"2023-05-11T13:28:13","date_gmt":"2023-05-11T16:28:13","guid":{"rendered":"https:\/\/aguaslindasnoticias.com.br\/?p=6212"},"modified":"2023-05-11T13:28:13","modified_gmt":"2023-05-11T16:28:13","slug":"aparecida-de-goiania-101-anos","status":"publish","type":"post","link":"https:\/\/aguaslindasnoticias.com.br\/index.php\/2023\/05\/11\/aparecida-de-goiania-101-anos\/","title":{"rendered":"Aparecida de Goi\u00e2nia &#8211; 101 anos"},"content":{"rendered":"\n<p class=\"has-text-align-left\">Anivers\u00e1rio de Aparecida de Goi\u00e2nia<a href=\"https:\/\/portal.al.go.leg.br\/galerias\/16371\/2023-05-11-aniversario-de-aparecida-de-goiania\"><\/a>Aparecida de Goi\u00e2nia, segunda maior cidade de Goi\u00e1s, comemora nesta quinta-feira, 11, 101 anos de funda\u00e7\u00e3o. De cidade dormit\u00f3rio, Aparecida se transformou em um dos maiores polos industriais do Estado.<\/p>\n\n\n\n<p class=\"has-text-align-left\">Segundo munic\u00edpio mais populoso e terceiro no ranking da economia do estado, Aparecida de Goi\u00e2nia tamb\u00e9m se destaca no cen\u00e1rio nacional. Em 2018, a cidade passou a figurar no top 100 do PIB dos munic\u00edpios brasileiros, ocupando a 81\u00aa posi\u00e7\u00e3o e, j\u00e1 no ano seguinte, pulou para a 79\u00aa posi\u00e7\u00e3o.&nbsp; Representante da cidade, deputado Veter Martins (Patriota) acredita que o crescimento \u00e9 um processo que ainda vai continuar se desenrolando. \u201cEu vejo Aparecida como a cidade das oportunidades\u201d.<\/p>\n\n\n\n<p class=\"has-text-align-left\">S\u00e3o 101 anos de uma hist\u00f3ria que come\u00e7a na for\u00e7a da religiosidade, passa por d\u00e9cadas como um lugarejo esquecido no interior do Brasil, segue como cidade dormit\u00f3rio de uma capital erguida nas suas imedia\u00e7\u00f5es, passa por grandes transforma\u00e7\u00f5es e chega ao status de terceira economia e uma das cidades mais industrializadas do estado.<\/p>\n\n\n\n<p class=\"has-text-align-left\">O ano era 1922. O Brasil ainda era um pa\u00eds essencialmente agr\u00e1rio, com 80% da popula\u00e7\u00e3o vivendo na zona rural. Goi\u00e1s era um estado sem nenhuma express\u00e3o no cen\u00e1rio nacional. A ent\u00e3o Goi\u00e1s Velho, hoje, Cidade de Goi\u00e1s, era a capital do estado.<\/p>\n\n\n\n<p class=\"has-text-align-left\">Na \u00e9poca, Campininha das Flores era o munic\u00edpio mais pr\u00f3ximo da regi\u00e3o onde, mais tarde, surgiria Aparecida de Goi\u00e2nia. Era de l\u00e1 que padres redentoristas sa\u00edam para realizarem missas, batizados, casamentos e outras cerim\u00f4nias religiosas, as chamadas desobrigas, nas fazendas e povoados pr\u00f3ximos.<\/p>\n\n\n\n<p class=\"has-text-align-left\">No m\u00eas de mar\u00e7o daquele ano, o padre Jos\u00e9 Francisco Wand, esteve na fazenda Santo Ant\u00f4nio, de propriedade de Jos\u00e9 C\u00e2ndido Queiroz, para a celebra\u00e7\u00e3o de uma missa. Na oportunidade, o mission\u00e1rio redentorista sugeriu que fosse constru\u00edda uma igreja nas cercanias para a realiza\u00e7\u00e3o dos ritos religiosos.&nbsp;<\/p>\n\n\n\n<p class=\"has-text-align-left\">Segundo conta a historiadora Nilda Simone, Jos\u00e9 C\u00e2ndido e outros tr\u00eas fazendeiros, Abr\u00e3o Louren\u00e7o de Carvalho, Ant\u00f4nio Barbosa Sandoval Jo\u00e3o Batista de Toledo, doaram glebas de suas terras para a forma\u00e7\u00e3o do patrim\u00f4nio da Igreja.<\/p>\n\n\n\n<p class=\"has-text-align-left\">Dois meses depois, uma cruz de aroeira era erguida na fazenda Santo Ant\u00f4nio, onde foi rezada a primeira missa campal, no comecinho do m\u00eas de maio. Nesse local, no dia 11 de maio, outra celebra\u00e7\u00e3o eucar\u00edstica foi realizada. Dessa vez, debaixo de um rancho de madeira roli\u00e7a e coberta com palha de bacuri. Nascia ali, o que viria a ser o Santu\u00e1rio de Nossa Senhora Aparecida. E a data, foi considerada, como de funda\u00e7\u00e3o da cidade.<\/p>\n\n\n\n<p class=\"has-text-align-left\">Assim como aconteceu com v\u00e1rias outras cidades, a constru\u00e7\u00e3o da Igreja acabou levando pessoas a fixarem resid\u00eancia ali por perto. Depois vieram os comerciantes e, assim, teve in\u00edcio o pequeno povoado.<\/p>\n\n\n\n<p class=\"has-text-align-left\">Em 1932, j\u00e1 contando com um bom n\u00famero de moradores, se torna Arraial de Aparecida. Dezesseis anos depois \u00e9 elevada a distrito, com o nome de Goial\u00e2ndia, por estar localizada entre Goi\u00e2nia e Hidrol\u00e2ndia. Nesse per\u00edodo, experimenta um bom desenvolvimento, com a chegada de servi\u00e7os b\u00e1sicos, como a instala\u00e7\u00e3o de energia el\u00e9trica e de uma escola estadual.<\/p>\n\n\n\n<p class=\"has-text-align-left\">No in\u00edcio da segunda metade do s\u00e9culo XX, a Assembleia Legislativa aprova o projeto de Lei&nbsp;<strong>n\u00ba 784\/63<\/strong>, que se torna a Lei n\u00ba 4.927, de 14 de novembro de 1963, criando o munic\u00edpio de Aparecida de Goi\u00e2nia.<\/p>\n\n\n\n<p class=\"has-text-align-left\">Mas a emancipa\u00e7\u00e3o n\u00e3o significou desenvolvimento para a cidade rec\u00e9m-criada. Pelo contr\u00e1rio, por muitos e muitos anos, Aparecida foi uma cidade paup\u00e9rrima, com pouqu\u00edssimos servi\u00e7os de infraestrutura, como \u00e1gua tratada, asfalto e esgotamento sanit\u00e1rio.<\/p>\n\n\n\n<p class=\"has-text-align-left\">A maioria da popula\u00e7\u00e3o se tornava moradora da cidade, por n\u00e3o ter condi\u00e7\u00f5es de residir em Goi\u00e2nia. Mas toda a vida das pessoas acontecia na capital. A cidade n\u00e3o oferecia oportunidades de trabalho, estudo, divers\u00e3o, de compras. As pessoas sa\u00edam de casa todos os dias cedo para trabalhar em Goi\u00e2nia e s\u00f3 voltavam \u00e0 noite. Por isso, Aparecida tinha o t\u00edtulo de \u201ccidade-dormit\u00f3rio\u201d.<\/p>\n\n\n\n<p class=\"has-text-align-left\">Entre as d\u00e9cadas de 70 e 80 a cidade passou por um processo forte de parcelamento de \u00e1reas e cria\u00e7\u00e3o de dezenas de bairros. Por\u00e9m, sem a oferta de servi\u00e7os b\u00e1sicos, os loteamentos se tornaram grandes vazios urbanos, somente com ruas abertas e raros habitantes, que sofriam com a falta de estrutura.<\/p>\n\n\n\n<p class=\"has-text-align-left\">Segundo Nilda Simone, que tem livros publicados sobre a hist\u00f3ria do munic\u00edpio, essa realidade s\u00f3 come\u00e7a a ser mudada a partir do final dos anos 90, in\u00edcio dos anos 2000, com a tomada de decis\u00e3o dos gestores, de promover a valoriza\u00e7\u00e3o da cidade. A historiadora explica que a popula\u00e7\u00e3o tamb\u00e9m percebeu a import\u00e2ncia e apoiou a iniciativa, dando in\u00edcio ao processo de transforma\u00e7\u00e3o. \u201cAssim fizemos uma campanha chamada \u2018Ame mais Aparecida\u2019, onde o prefeito na \u00e9poca, Ademir Menezes, incentivou as pessoas emplacarem os carros aqui, comprarem na cidade. Ent\u00e3o toda popula\u00e7\u00e3o foi engajada nesse movimento e Aparecida deixou de ser cidade-dormit\u00f3rio e passou a ser uma cidade que crescia, gradativamente, onde se morava aqui e se comprava aqui tamb\u00e9m\u201d, explica.<\/p>\n\n\n\n<p class=\"has-text-align-left\">O representante da cidade na Assembleia Legislativa de Goi\u00e1s (Alego), deputado Veter Martins, tamb\u00e9m foi testemunha desse momento de transforma\u00e7\u00e3o, pelo qual Aparecida passou. Ele credita esse crescimento acima da m\u00e9dia da maioria de cidades brasileiras, \u00e0 localiza\u00e7\u00e3o geogr\u00e1fica estrat\u00e9gica do munic\u00edpio, mas acima de tudo ao processo de industrializa\u00e7\u00e3o, iniciado h\u00e1 alguns anos, pelas gest\u00f5es municipais.<\/p>\n\n\n\n<p class=\"has-text-align-left\">Para o parlamentar, apesar de todo o desenvolvimento experimentado pela cidade, Aparecida ainda tem todas as condi\u00e7\u00f5es de continuar o ciclo de crescimento. E acredita que o momento atual \u00e9 um dos melhores para o munic\u00edpio. \u201cN\u00f3s temos hoje a parceria efetiva do governo do Estado, atrav\u00e9s do governador Ronaldo Caiado e do vice-governador, Daniel Vilela, n\u00f3s temos apoio do presidente da Assembleia Legislativa, Bruno Peixoto, para que a gente fa\u00e7a cada vez mais de Aparecida, essa cidade grande. N\u00f3s vamos inaugurar mais um polo industrial, o polo estadual, que \u00e9 a verdadeira voca\u00e7\u00e3o da cidade, uma cidade industrializada, vamos continuar industrializando Aparecida para que ela continue gerando mais oportunidades para o povo que l\u00e1 vive\u201d,<\/p>\n\n\n\n<p class=\"has-text-align-left\">O prefeito da cidade, Vilmar Mariano \u00e9 outro que enxerga no incentivo \u00e0 industrializa\u00e7\u00e3o, o caminho natural para que o ciclo de desenvolvimento de Aparecida de Goi\u00e2nia continue. Para ele, a chegada do mais um polo, dessa vez implantado em parceria com o governo o Estado, deve representar um salto no crescimento econ\u00f4mico para a cidade.<\/p>\n\n\n\n<p class=\"has-text-align-left\">O novo distrito industrial vai ser constru\u00eddo no terreno onde fica hoje a Col\u00f4nia Agroindustrial do Regime Semiaberto, que ser\u00e1 transferida para uma \u00e1rea ao lado do Complexo Prisional. O documento que autoriza as constru\u00e7\u00f5es foi assinado no m\u00eas de abril por representantes da Justi\u00e7a, Pol\u00edcia Penal, MP, Governo de Goi\u00e1s, empres\u00e1rios, prefeitura municipal, Companhia de Desenvolvimento Econ\u00f4mico de Goi\u00e1s (Codego) e Ordem dos Advogados do Brasil (OAB).<\/p>\n\n\n\n<p class=\"has-text-align-left\">Mariano revela que a previs\u00e3o \u00e9 de que mais de 300 empresas, inclusive de grande porte, se instale no novo polo, que tem uma \u00e1rea de 1.100.000 mil m\u00b2. \u201cIsso traz gera\u00e7\u00e3o de emprego e renda e estamos fazendo em parceria com o governo do estado, isso \u00e9 de grande valia para a cidade. Ao lado disso tamb\u00e9m continuamos trabalhando em todos os bairros, lan\u00e7ando v\u00e1rias frentes de asfalto, reformando escolas, fazendo recapeamento. Aparecida comemora muito esses 101 anos\u201d, avalia o prefeito.<\/p>\n\n\n\n<p class=\"has-text-align-left\">Al\u00e9m de historiadora, Nilda Simone tamb\u00e9m \u00e9 moradora e uma apaixonada por Aparecida. Como cidad\u00e3, ela v\u00ea que a cidade ainda tem muitos problemas para serem resolvidos, mas, como quem estudou e viveu parte do passado da cidade, ela v\u00ea um futuro brilhante para o munic\u00edpio. \u201cA cada dia que passa estamos nos transformando em uma cidade mais inteligente, mais promissa, mais rica. E meu sentimento com rela\u00e7\u00e3o \u00e0 Aparecida \u00e9 somente de gratid\u00e3o, porque foi aqui que eu criei meus filhos, onde eu vivo, sou respeitada, onde eu posso dizer que sou uma cidad\u00e3, que vive e ama Aparecida de Goi\u00e2nia\u201d, sintetiza.<\/p>\n\n\n\n<p class=\"has-text-align-left\">Em poucas palavras, o deputado Veter Martins resume o crescimento de Aparecida nesses 101 anos. \u201cAparecida deixou de ser uma cidade problema, para ser uma cidade solu\u00e7\u00e3o\u201d.<\/p>\n\n\n\n<p>Fonte: <strong><a href=\"https:\/\/portal.al.go.leg.br\/noticias\/132780\/aparecida-de-goiania-101-anos\" data-type=\"URL\" data-id=\"https:\/\/portal.al.go.leg.br\/noticias\/132780\/aparecida-de-goiania-101-anos\" target=\"_blank\" rel=\"noreferrer noopener\">Alego<\/a><\/strong><\/p>\n\n\n\n<p><\/p>\n","protected":false},"excerpt":{"rendered":"<p>Anivers\u00e1rio de Aparecida de Goi\u00e2niaAparecida de Goi\u00e2nia, segunda maior cidade de Goi\u00e1s, comemora nesta quinta-feira, 11, 101 anos de funda\u00e7\u00e3o. De cidade dormit\u00f3rio, Aparecida se transformou em um dos maiores polos industriais do Estado. Segundo munic\u00edpio mais populoso e terceiro no ranking da economia do estado, Aparecida de Goi\u00e2nia tamb\u00e9m se destaca no cen\u00e1rio nacional. [&hellip;]<\/p>\n","protected":false},"author":1,"featured_media":6214,"comment_status":"open","ping_status":"open","sticky":false,"template":"","format":"standard","meta":{"footnotes":""},"categories":[63,4],"tags":[62,19],"class_list":["post-6212","post","type-post","status-publish","format-standard","has-post-thumbnail","hentry","category-aparecida-de-goiania","category-goias","tag-aparecida-de-goiania","tag-goias"],"_links":{"self":[{"href":"https:\/\/aguaslindasnoticias.com.br\/index.php\/wp-json\/wp\/v2\/posts\/6212","targetHints":{"allow":["GET"]}}],"collection":[{"href":"https:\/\/aguaslindasnoticias.com.br\/index.php\/wp-json\/wp\/v2\/posts"}],"about":[{"href":"https:\/\/aguaslindasnoticias.com.br\/index.php\/wp-json\/wp\/v2\/types\/post"}],"author":[{"embeddable":true,"href":"https:\/\/aguaslindasnoticias.com.br\/index.php\/wp-json\/wp\/v2\/users\/1"}],"replies":[{"embeddable":true,"href":"https:\/\/aguaslindasnoticias.com.br\/index.php\/wp-json\/wp\/v2\/comments?post=6212"}],"version-history":[{"count":1,"href":"https:\/\/aguaslindasnoticias.com.br\/index.php\/wp-json\/wp\/v2\/posts\/6212\/revisions"}],"predecessor-version":[{"id":6215,"href":"https:\/\/aguaslindasnoticias.com.br\/index.php\/wp-json\/wp\/v2\/posts\/6212\/revisions\/6215"}],"wp:featuredmedia":[{"embeddable":true,"href":"https:\/\/aguaslindasnoticias.com.br\/index.php\/wp-json\/wp\/v2\/media\/6214"}],"wp:attachment":[{"href":"https:\/\/aguaslindasnoticias.com.br\/index.php\/wp-json\/wp\/v2\/media?parent=6212"}],"wp:term":[{"taxonomy":"category","embeddable":true,"href":"https:\/\/aguaslindasnoticias.com.br\/index.php\/wp-json\/wp\/v2\/categories?post=6212"},{"taxonomy":"post_tag","embeddable":true,"href":"https:\/\/aguaslindasnoticias.com.br\/index.php\/wp-json\/wp\/v2\/tags?post=6212"}],"curies":[{"name":"wp","href":"https:\/\/api.w.org\/{rel}","templated":true}]}}