{"id":6180,"date":"2023-05-10T07:40:43","date_gmt":"2023-05-10T10:40:43","guid":{"rendered":"https:\/\/aguaslindasnoticias.com.br\/?p=6180"},"modified":"2023-05-10T07:40:44","modified_gmt":"2023-05-10T10:40:44","slug":"vereador-thiago-bala-e-morto-a-tiros-em-zona-rural-de-goias","status":"publish","type":"post","link":"https:\/\/aguaslindasnoticias.com.br\/index.php\/2023\/05\/10\/vereador-thiago-bala-e-morto-a-tiros-em-zona-rural-de-goias\/","title":{"rendered":"Vereador \u2018Thiago Bala\u2019 \u00e9 morto a tiros em zona rural de Goi\u00e1s"},"content":{"rendered":"\n<p>O vereador Thiago Vieira Lopes (PDT), conhecido como \u201cThiago Bala\u201d, foi morto a tiros na tarde desta segunda-feira (8) em Itaguaru (GO)\u00a0\u2014 Foto: Reprodu\u00e7\u00e3o\/Rede social<a rel=\"noreferrer noopener\" href=\"https:\/\/api.whatsapp.com\/send?text=https:\/\/www.otempo.com.br\/brasilia\/vereador-thiago-bala-e-morto-a-tiros-em-zona-rural-de-goias-1.2865577&amp;utm_source=whatsapp&amp;utm_medium=share-button\" target=\"_blank\"><\/a><\/p>\n\n\n\n<p>A Pol\u00edcia Civil trabalha com a hip\u00f3tese de o vereador ter sido executado por dois homens que estavam em uma motocicleta, pois as testemunhas relataram o som do ve\u00edculo<a rel=\"noreferrer noopener\" href=\"https:\/\/facebook.com\/sharer.php?u=https:\/\/www.otempo.com.br\/brasilia\/vereador-thiago-bala-e-morto-a-tiros-em-zona-rural-de-goias-1.2865577&amp;utm_source=facebook&amp;utm_medium=share-button\" target=\"_blank\"><\/a><\/p>\n\n\n\n<p><a rel=\"noreferrer noopener\" href=\"https:\/\/twitter.com\/share?text=Vereador%20%E2%80%98Thiago%20Bala%E2%80%99%20%C3%A9%20morto%20a%20tiros%20em%20zona%20rural%20de%20Goi%C3%A1s&amp;url=https:\/\/www.otempo.com.br\/brasilia\/vereador-thiago-bala-e-morto-a-tiros-em-zona-rural-de-goias-1.2865577?utm_source=twitter&amp;utm_medium=share-button&amp;via=otempo\" target=\"_blank\"><\/a>O vereador Thiago Vieira Lopes (PDT), conhecido como \u201cThiago Bala\u201d, foi morto a tiros na tarde desta segunda-feira (8) em Itaguaru, na regi\u00e3o Centro-Oeste de Goi\u00e1s. O corpo da v\u00edtima, que tinha 37 anos, foi encontrado na zona rural do munic\u00edpio, a 129 quil\u00f4metros de Goi\u00e2nia, capital do estado.<\/p>\n\n\n\n<p>De acordo com a Pol\u00edcia Militar, testemunhas contaram que Thiago estava construindo uma cerca com mais duas pessoas e em certo momento elas ouviram disparos vindos de um milharal e perceberam que o vereador havia sido atingido.&nbsp;<\/p>\n\n\n\n<p>A Pol\u00edcia Civil trabalha com a hip\u00f3tese de o vereador ter sido executado por dois homens que estavam em uma motocicleta, pois as testemunhas relataram o som do ve\u00edculo.\u00a0<\/p>\n\n\n\n<p>Elas dizem ter sa\u00eddo correndo ap\u00f3s ouvir os primeiros tiros e ouvido mais outros disparos vindo do milharal, de onde garantem ter sa\u00eddo uma moto. Mas ningu\u00e9m soube informar o modelo.<\/p>\n\n\n\n<p>At\u00e9 a publica\u00e7\u00e3o desta reportagem, nenhum suspeito havia sido identificado nem havia sido informada a motiva\u00e7\u00e3o do crime. A hip\u00f3tese de latroc\u00ednio (roubo com morte) foi descartada porque nada foi levado.<\/p>\n\n\n\n<p>\u201cEm raz\u00e3o da necessidade de se manter o sigilo para que o trabalho investigativo seja realizado a contento, n\u00e3o ser\u00e3o repassados mais detalhes\u201d, diz nota da Pol\u00edcia Civil.<\/p>\n\n\n\n<p>Thiago Bala estava em seu segundo mandato como vereador. Em 2016, ele foi eleito com 300 votos (6,34%) e reeleito em 2020 com 324 (7,30%), sendo o mais votado da cidade.&nbsp;<\/p>\n\n\n\n<p>Em uma rede social, o prefeito de Itaguaru, Fernando Ara\u00fajo, lamentou a morte do pol\u00edtico. A prefeitura decretou luto oficial de tr\u00eas dias.<\/p>\n\n\n\n<p>\u201cRespeitado por todos os colegas, foi um grande profissional e ser humano. Sua falta j\u00e1 est\u00e1 sendo sentida por todos n\u00f3s\u201d, escreveu Ara\u00fajo.<\/p>\n\n\n\n<p>O presidente do PDT de Goi\u00e1s, George Morais, tamb\u00e9m se manifestou sobre a morte do vereador.&nbsp;<\/p>\n\n\n\n<p>\u201cEu e a Fl\u00e1via [Morais, esposa dele] estamos muito tristes com a not\u00edcia do falecimento do nosso amigo e vereador de Itaguaru, Thiago Bala. [\u2026] Thiago lutou ao nosso lado, defendendo nossos projetos e contribuindo para a constru\u00e7\u00e3o de um futuro melhor para todos, especialmente para popula\u00e7\u00e3o de Itaguaru. [\u2026] Seguiremos honrando a mem\u00f3ria do Thiago, mantendo vivos seus ideais e sua luta por justi\u00e7a e igualdade\u201d, escreveu George em suas redes sociais.<\/p>\n\n\n\n<p>Fonte: <strong><a href=\"https:\/\/www.otempo.com.br\/brasilia\/vereador-thiago-bala-e-morto-a-tiros-em-zona-rural-de-goias-1.2865577\" data-type=\"URL\" data-id=\"https:\/\/www.otempo.com.br\/brasilia\/vereador-thiago-bala-e-morto-a-tiros-em-zona-rural-de-goias-1.2865577\" target=\"_blank\" rel=\"noreferrer noopener\">O Tempo<\/a><\/strong><\/p>\n","protected":false},"excerpt":{"rendered":"<p>O vereador Thiago Vieira Lopes (PDT), conhecido como \u201cThiago Bala\u201d, foi morto a tiros na tarde desta segunda-feira (8) em Itaguaru (GO)\u00a0\u2014 Foto: Reprodu\u00e7\u00e3o\/Rede social A Pol\u00edcia Civil trabalha com a hip\u00f3tese de o vereador ter sido executado por dois homens que estavam em uma motocicleta, pois as testemunhas relataram o som do ve\u00edculo O [&hellip;]<\/p>\n","protected":false},"author":1,"featured_media":6181,"comment_status":"open","ping_status":"open","sticky":false,"template":"","format":"standard","meta":{"footnotes":""},"categories":[5,4],"tags":[19,61],"class_list":["post-6180","post","type-post","status-publish","format-standard","has-post-thumbnail","hentry","category-brasil","category-goias","tag-goias","tag-vereador-thiago-bala"],"_links":{"self":[{"href":"https:\/\/aguaslindasnoticias.com.br\/index.php\/wp-json\/wp\/v2\/posts\/6180","targetHints":{"allow":["GET"]}}],"collection":[{"href":"https:\/\/aguaslindasnoticias.com.br\/index.php\/wp-json\/wp\/v2\/posts"}],"about":[{"href":"https:\/\/aguaslindasnoticias.com.br\/index.php\/wp-json\/wp\/v2\/types\/post"}],"author":[{"embeddable":true,"href":"https:\/\/aguaslindasnoticias.com.br\/index.php\/wp-json\/wp\/v2\/users\/1"}],"replies":[{"embeddable":true,"href":"https:\/\/aguaslindasnoticias.com.br\/index.php\/wp-json\/wp\/v2\/comments?post=6180"}],"version-history":[{"count":1,"href":"https:\/\/aguaslindasnoticias.com.br\/index.php\/wp-json\/wp\/v2\/posts\/6180\/revisions"}],"predecessor-version":[{"id":6182,"href":"https:\/\/aguaslindasnoticias.com.br\/index.php\/wp-json\/wp\/v2\/posts\/6180\/revisions\/6182"}],"wp:featuredmedia":[{"embeddable":true,"href":"https:\/\/aguaslindasnoticias.com.br\/index.php\/wp-json\/wp\/v2\/media\/6181"}],"wp:attachment":[{"href":"https:\/\/aguaslindasnoticias.com.br\/index.php\/wp-json\/wp\/v2\/media?parent=6180"}],"wp:term":[{"taxonomy":"category","embeddable":true,"href":"https:\/\/aguaslindasnoticias.com.br\/index.php\/wp-json\/wp\/v2\/categories?post=6180"},{"taxonomy":"post_tag","embeddable":true,"href":"https:\/\/aguaslindasnoticias.com.br\/index.php\/wp-json\/wp\/v2\/tags?post=6180"}],"curies":[{"name":"wp","href":"https:\/\/api.w.org\/{rel}","templated":true}]}}