{"id":6138,"date":"2023-05-04T19:46:31","date_gmt":"2023-05-04T22:46:31","guid":{"rendered":"https:\/\/aguaslindasnoticias.com.br\/?p=6138"},"modified":"2023-05-04T19:46:31","modified_gmt":"2023-05-04T22:46:31","slug":"deputado-anderson-teodoro-e-prefeito-acompanham-vice-governador-em-visita-as-obras-do-hospital-estadual","status":"publish","type":"post","link":"https:\/\/aguaslindasnoticias.com.br\/index.php\/2023\/05\/04\/deputado-anderson-teodoro-e-prefeito-acompanham-vice-governador-em-visita-as-obras-do-hospital-estadual\/","title":{"rendered":"Deputado Anderson Teodoro e prefeito acompanham vice governador em visita \u00e0s obras do Hospital Estadual"},"content":{"rendered":"\n<p>\u00c1guas Lindas recebeu hoje, 4, a visita do vice governador, Daniel Vilela, juntamente com o Secret\u00e1rio de Infraestrutura, Pedro Sales, que vieram acompanhar o andamento das obras do Hospital Estadual.<\/p>\n\n\n\n<p>A visita foi acompanhada pelo deputado estadual Anderson Teodoro, pelo prefeito Dr Lucas, al\u00e9m de vereadores e secret\u00e1rios.<\/p>\n\n\n\n<p>A obra ficou parada por muitos anos, mas com apoio do governo, foi retomada no ano passado. O Hospital tem uma \u00e1rea de 15 mil metros quadrados, com 200 homens trabalhando para entregar o servi\u00e7o em tempo recorde.<\/p>\n\n\n\n<p>O deputado estadual Anderson Teodoro j\u00e1 garantiu R$ 2 milh\u00f5es para a Sa\u00fade de \u00c1guas Lindas, e parte desse valor vai para a compra de equipamentos do Hospital Estadual.<\/p>\n\n\n\n<p>O vice governador conheceu a sede nova do SAMU, que ser\u00e1 inaugurada amanh\u00e3.<\/p>\n\n\n\n<figure class=\"wp-block-image size-large\"><img decoding=\"async\" width=\"1024\" height=\"769\" src=\"https:\/\/aguaslindasnoticias.com.br\/wp-content\/uploads\/2023\/05\/PHOTO-2023-05-04-19-02-03-1024x769.jpg\" alt=\"\" class=\"wp-image-6139\" srcset=\"https:\/\/aguaslindasnoticias.com.br\/wp-content\/uploads\/2023\/05\/PHOTO-2023-05-04-19-02-03-1024x769.jpg 1024w, https:\/\/aguaslindasnoticias.com.br\/wp-content\/uploads\/2023\/05\/PHOTO-2023-05-04-19-02-03-300x225.jpg 300w, https:\/\/aguaslindasnoticias.com.br\/wp-content\/uploads\/2023\/05\/PHOTO-2023-05-04-19-02-03-768x576.jpg 768w, https:\/\/aguaslindasnoticias.com.br\/wp-content\/uploads\/2023\/05\/PHOTO-2023-05-04-19-02-03-1536x1153.jpg 1536w, https:\/\/aguaslindasnoticias.com.br\/wp-content\/uploads\/2023\/05\/PHOTO-2023-05-04-19-02-03.jpg 1600w\" sizes=\"(max-width: 1024px) 100vw, 1024px\" \/><\/figure>\n\n\n\n<p>A comitiva tamb\u00e9m participou da assinatura da ordem de servi\u00e7o da UBS do Solar da Barragem.<\/p>\n\n\n\n<figure class=\"wp-block-image size-full\"><img decoding=\"async\" width=\"799\" height=\"533\" src=\"https:\/\/aguaslindasnoticias.com.br\/wp-content\/uploads\/2023\/05\/52870376790_5f4b87d4da_c.jpg\" alt=\"\" class=\"wp-image-6141\" srcset=\"https:\/\/aguaslindasnoticias.com.br\/wp-content\/uploads\/2023\/05\/52870376790_5f4b87d4da_c.jpg 799w, https:\/\/aguaslindasnoticias.com.br\/wp-content\/uploads\/2023\/05\/52870376790_5f4b87d4da_c-300x200.jpg 300w, https:\/\/aguaslindasnoticias.com.br\/wp-content\/uploads\/2023\/05\/52870376790_5f4b87d4da_c-768x512.jpg 768w\" sizes=\"(max-width: 799px) 100vw, 799px\" \/><\/figure>\n\n\n\n<p><a href=\"https:\/\/aguaslindasnoticias.com.br\/\" data-type=\"URL\" data-id=\"https:\/\/aguaslindasnoticias.com.br\/\" target=\"_blank\" rel=\"noreferrer noopener\">Fonte: \u00c1guas Lindas Not\u00edcias<\/a><\/p>\n","protected":false},"excerpt":{"rendered":"<p>\u00c1guas Lindas recebeu hoje, 4, a visita do vice governador, Daniel Vilela, juntamente com o Secret\u00e1rio de Infraestrutura, Pedro Sales, que vieram acompanhar o andamento das obras do Hospital Estadual. A visita foi acompanhada pelo deputado estadual Anderson Teodoro, pelo prefeito Dr Lucas, al\u00e9m de vereadores e secret\u00e1rios. A obra ficou parada por muitos anos, [&hellip;]<\/p>\n","protected":false},"author":1,"featured_media":6140,"comment_status":"open","ping_status":"open","sticky":false,"template":"","format":"standard","meta":{"footnotes":""},"categories":[2,5,43],"tags":[16,21,20,52,22,54],"class_list":["post-6138","post","type-post","status-publish","format-standard","has-post-thumbnail","hentry","category-aguaslindas","category-brasil","category-saude","tag-aguaslindas","tag-deputado-anderson-teodoro","tag-goias-2","tag-prefeito-dr-lucas","tag-prefeitura-municipal-de-aguas-lindas-de-goias","tag-saude-publica-2"],"_links":{"self":[{"href":"https:\/\/aguaslindasnoticias.com.br\/index.php\/wp-json\/wp\/v2\/posts\/6138","targetHints":{"allow":["GET"]}}],"collection":[{"href":"https:\/\/aguaslindasnoticias.com.br\/index.php\/wp-json\/wp\/v2\/posts"}],"about":[{"href":"https:\/\/aguaslindasnoticias.com.br\/index.php\/wp-json\/wp\/v2\/types\/post"}],"author":[{"embeddable":true,"href":"https:\/\/aguaslindasnoticias.com.br\/index.php\/wp-json\/wp\/v2\/users\/1"}],"replies":[{"embeddable":true,"href":"https:\/\/aguaslindasnoticias.com.br\/index.php\/wp-json\/wp\/v2\/comments?post=6138"}],"version-history":[{"count":1,"href":"https:\/\/aguaslindasnoticias.com.br\/index.php\/wp-json\/wp\/v2\/posts\/6138\/revisions"}],"predecessor-version":[{"id":6142,"href":"https:\/\/aguaslindasnoticias.com.br\/index.php\/wp-json\/wp\/v2\/posts\/6138\/revisions\/6142"}],"wp:featuredmedia":[{"embeddable":true,"href":"https:\/\/aguaslindasnoticias.com.br\/index.php\/wp-json\/wp\/v2\/media\/6140"}],"wp:attachment":[{"href":"https:\/\/aguaslindasnoticias.com.br\/index.php\/wp-json\/wp\/v2\/media?parent=6138"}],"wp:term":[{"taxonomy":"category","embeddable":true,"href":"https:\/\/aguaslindasnoticias.com.br\/index.php\/wp-json\/wp\/v2\/categories?post=6138"},{"taxonomy":"post_tag","embeddable":true,"href":"https:\/\/aguaslindasnoticias.com.br\/index.php\/wp-json\/wp\/v2\/tags?post=6138"}],"curies":[{"name":"wp","href":"https:\/\/api.w.org\/{rel}","templated":true}]}}