{"id":6124,"date":"2023-04-11T17:08:00","date_gmt":"2023-04-11T20:08:00","guid":{"rendered":"https:\/\/aguaslindasnoticias.com.br\/?p=6124"},"modified":"2023-04-12T17:16:19","modified_gmt":"2023-04-12T20:16:19","slug":"prefeitura-de-aguas-lindas-entrega-equipamentos-de-mobilidade-para-pessoas-com-deficiencia","status":"publish","type":"post","link":"https:\/\/aguaslindasnoticias.com.br\/index.php\/2023\/04\/11\/prefeitura-de-aguas-lindas-entrega-equipamentos-de-mobilidade-para-pessoas-com-deficiencia\/","title":{"rendered":"Prefeitura de \u00c1guas Lindas entrega equipamentos de mobilidade para pessoas com defici\u00eancia"},"content":{"rendered":"\n<p><em>A entrega foi feita por meio&nbsp;da Secretaria da Pessoa com Defici\u00eancia e Secretaria de sa\u00fade, mais de 70 pessoas foram beneficiadas com os equipamentos.<\/em><\/p>\n\n\n\n<p>A Prefeitura de \u00c1guas Lindas, por meio da Secretaria da Pessoa com Defici\u00eancia,&nbsp; realizou no \u00faltimo dia 31 de mar\u00e7o, mais uma entrega de cadeiras de rodas, pr\u00f3teses ortop\u00e9dicas e bengalas para pessoas com defici\u00eancia do munic\u00edpio.<\/p>\n\n\n\n<p>A entrega foi realizada na Secretaria Municipal da Pessoa com Defici\u00eancia, e contou com a presen\u00e7a do vice-prefeito Jorge Amaro, o Secret\u00e1rio Municipal da Pessoa com Defici\u00eancia, Luis de Aquino, Secret\u00e1rio de Sa\u00fade, Carlos Barbosa, presidente do Movimento pr\u00f3 acessibilidade, Jos\u00e9 Ribamar, secret\u00e1rios de governo e a comunidade local que foi beneficiada com os equipamentos.<\/p>\n\n\n\n<p>De acordo com o Secret\u00e1rio da pessoa com Defici\u00eancia, Lu\u00eds de Aquino, a parceria com a Villa S\u00e3o Cottolengo permitiu que, desde dezembro do ano passado, mais de 400 mil reais em equipamentos fossem entregues para pessoas com defici\u00eancia na regi\u00e3o.<\/p>\n\n\n\n<blockquote class=\"wp-block-quote is-layout-flow wp-block-quote-is-layout-flow\">\n<p>\u201cQueria agradecer a todos que nos apoiam, em especial o prefeito&nbsp; doutor Lucas Antonietti que abra\u00e7ou essa causa desde o come\u00e7o\u201d, disse o Secret\u00e1rio.<\/p>\n<\/blockquote>\n\n\n\n<p>O vice-prefeito Jorge Amaro tamb\u00e9m ressaltou a import\u00e2ncia da iniciativa e agradeceu o apoio do prefeito. Ele destacou que nunca as pessoas com defici\u00eancia foram t\u00e3o bem cuidadas na cidade:<\/p>\n\n\n\n<blockquote class=\"wp-block-quote is-layout-flow wp-block-quote-is-layout-flow\">\n<p>\u201cA gente se sente muito feliz em poder contribuir para melhorar a qualidade de vida dessas pessoas. A entrega desses equipamentos \u00e9 fundamental para a inclus\u00e3o social e a promo\u00e7\u00e3o dos direitos\u201d, afirmou.&nbsp;<\/p>\n<\/blockquote>\n\n\n\n<p>Ao todo, 79 pessoas foram contempladas com a entrega de cadeiras de rodas, pr\u00f3teses ortop\u00e9dicas e bengalas. A expectativa \u00e9 que em breve haja outra remessa para beneficiar mais pessoas.&nbsp;<\/p>\n\n\n\n<p>O governo \u201cUm Novo Tempo\u201d assumiu o compromisso de oferecer suporte e mais qualidade de vida para as pessoas com defici\u00eancia do munic\u00edpio. Desde o in\u00edcio do mandato, t\u00eam sido realizadas diversas a\u00e7\u00f5es para promover a inclus\u00e3o social, por meio de pol\u00edticas p\u00fablicas que garantam o acesso a servi\u00e7os e equipamentos que melhorem sua mobilidade e autonomia.<\/p>\n\n\n\n<figure class=\"wp-block-embed is-type-photo is-provider-flickr wp-block-embed-flickr\"><div class=\"wp-block-embed__wrapper\">\n<a href=\"https:\/\/www.flickr.com\/photos\/191607153@N07\/52790921540\/in\/album-72177720307216871\"><img decoding=\"async\" src=\"https:\/\/live.staticflickr.com\/65535\/52790921540_18789a2b29_z.jpg\" alt=\"IMG_0905\" width=\"640\" height=\"427\" \/><\/a>\n<\/div><\/figure>\n\n\n\n<p>\u00c9 o Governo Municipal trabalhando para voc\u00ea!<\/p>\n\n\n\n<p>Prefeitura de \u00c1guas Lindas de Goi\u00e1s!<\/p>\n\n\n\n<p>Um novo tempo.<\/p>\n\n\n\n<p><a href=\"https:\/\/aguaslindasdegoias.go.gov.br\/prefeitura-de-aguas-lindas-realiza-a-entrega-de-mais-uma-remessa-de-cadeira-de-rodas-e-proteses\/\" data-type=\"URL\" data-id=\"https:\/\/aguaslindasdegoias.go.gov.br\/prefeitura-de-aguas-lindas-realiza-a-entrega-de-mais-uma-remessa-de-cadeira-de-rodas-e-proteses\/\" target=\"_blank\" rel=\"noreferrer noopener\">Fonte: Secom \u2013 Secretaria Municipal de Comunica\u00e7\u00e3o<\/a><\/p>\n\n\n\n<p>Jornalista: Larissa Nunes (DRT \u2013 0004118\/GO)<\/p>\n\n\n\n<p>Fotos: Beto Castanheiro<\/p>\n","protected":false},"excerpt":{"rendered":"<p>A entrega foi feita por meio&nbsp;da Secretaria da Pessoa com Defici\u00eancia e Secretaria de sa\u00fade, mais de 70 pessoas foram beneficiadas com os equipamentos. A Prefeitura de \u00c1guas Lindas, por meio da Secretaria da Pessoa com Defici\u00eancia,&nbsp; realizou no \u00faltimo dia 31 de mar\u00e7o, mais uma entrega de cadeiras de rodas, pr\u00f3teses ortop\u00e9dicas e bengalas [&hellip;]<\/p>\n","protected":false},"author":1,"featured_media":6125,"comment_status":"open","ping_status":"open","sticky":false,"template":"","format":"standard","meta":{"footnotes":""},"categories":[2,43],"tags":[16,19,22],"class_list":["post-6124","post","type-post","status-publish","format-standard","has-post-thumbnail","hentry","category-aguaslindas","category-saude","tag-aguaslindas","tag-goias","tag-prefeitura-municipal-de-aguas-lindas-de-goias"],"_links":{"self":[{"href":"https:\/\/aguaslindasnoticias.com.br\/index.php\/wp-json\/wp\/v2\/posts\/6124","targetHints":{"allow":["GET"]}}],"collection":[{"href":"https:\/\/aguaslindasnoticias.com.br\/index.php\/wp-json\/wp\/v2\/posts"}],"about":[{"href":"https:\/\/aguaslindasnoticias.com.br\/index.php\/wp-json\/wp\/v2\/types\/post"}],"author":[{"embeddable":true,"href":"https:\/\/aguaslindasnoticias.com.br\/index.php\/wp-json\/wp\/v2\/users\/1"}],"replies":[{"embeddable":true,"href":"https:\/\/aguaslindasnoticias.com.br\/index.php\/wp-json\/wp\/v2\/comments?post=6124"}],"version-history":[{"count":2,"href":"https:\/\/aguaslindasnoticias.com.br\/index.php\/wp-json\/wp\/v2\/posts\/6124\/revisions"}],"predecessor-version":[{"id":6127,"href":"https:\/\/aguaslindasnoticias.com.br\/index.php\/wp-json\/wp\/v2\/posts\/6124\/revisions\/6127"}],"wp:featuredmedia":[{"embeddable":true,"href":"https:\/\/aguaslindasnoticias.com.br\/index.php\/wp-json\/wp\/v2\/media\/6125"}],"wp:attachment":[{"href":"https:\/\/aguaslindasnoticias.com.br\/index.php\/wp-json\/wp\/v2\/media?parent=6124"}],"wp:term":[{"taxonomy":"category","embeddable":true,"href":"https:\/\/aguaslindasnoticias.com.br\/index.php\/wp-json\/wp\/v2\/categories?post=6124"},{"taxonomy":"post_tag","embeddable":true,"href":"https:\/\/aguaslindasnoticias.com.br\/index.php\/wp-json\/wp\/v2\/tags?post=6124"}],"curies":[{"name":"wp","href":"https:\/\/api.w.org\/{rel}","templated":true}]}}