{"id":6120,"date":"2023-03-17T16:08:31","date_gmt":"2023-03-17T19:08:31","guid":{"rendered":"https:\/\/aguaslindasnoticias.com.br\/?p=6120"},"modified":"2023-03-17T16:08:31","modified_gmt":"2023-03-17T19:08:31","slug":"escolas-do-futuro-de-goias-realizam-mais-uma-edicao-do-open-day","status":"publish","type":"post","link":"https:\/\/aguaslindasnoticias.com.br\/index.php\/2023\/03\/17\/escolas-do-futuro-de-goias-realizam-mais-uma-edicao-do-open-day\/","title":{"rendered":"Escolas do Futuro de Goi\u00e1s realizam mais uma edi\u00e7\u00e3o do Open Day"},"content":{"rendered":"\n<p>Com uma programa\u00e7\u00e3o especial, evento abre as unidades escolares para a comunidade<\/p>\n\n\n\n<p>As Escolas do Futuro do Estado de Goi\u00e1s (EFG) realizam, nesta sexta-feira (17) e na ter\u00e7a-feira (21), mais uma edi\u00e7\u00e3o do Open Day. Nestes dias, as unidades estar\u00e3o abertas com o objetivo de apresentar a estrutura das escolas, divulgar os cursos e mostrar como funciona o projeto educativo oferecido para comunidade estudantil e empresarial.<\/p>\n\n\n\n<p>Nesta sexta-feira (17), o Open Day ser\u00e1 realizado simultaneamente em Goi\u00e2nia (EFG Jos\u00e9 Luiz Bittencourt), Aparecida de Goi\u00e2nia (EFG Luiz Rassi), e Santo Ant\u00f4nio do Descoberto (EFG Sara Lu\u00edsa Kubitscheck). J\u00e1 na EFG em Artes Basileu Fran\u00e7a, em Goi\u00e2nia, o Open Day Proje\u00e7\u00e3o Criativa ser\u00e1 na pr\u00f3xima ter\u00e7a-feira (21). Esta ser\u00e1 a primeira edi\u00e7\u00e3o do evento em 2023, outras tr\u00eas est\u00e3o previstas ao longo do ano.<\/p>\n\n\n\n<p>O evento ainda vai proporcionar aos visitantes uma experi\u00eancia diferente com as unidades escolares, por meio de uma programa\u00e7\u00e3o especial, que considera o desenvolvimento de neg\u00f3cios\/empresas e pessoas. Oficinas, palestras, tour interno, momentos interativos, atividades din\u00e2micas, rodadas de neg\u00f3cios, mesas redondas, apresenta\u00e7\u00f5es de casos de sucesso empresariais s\u00e3o algumas das atra\u00e7\u00f5es organizadas para conectar a comunidade com a escola.<\/p>\n\n\n\n<p>A abertura da escola para o p\u00fablico externo \u00e9 mais que uma festa, como costumam pensar as pessoas quando ouvem a express\u00e3o Open Day. Os convidados se inserem na atmosfera da escola, t\u00eam uma ideia melhor sobre a unidade, suas a\u00e7\u00f5es, propostas e resultados. Conhecem informa\u00e7\u00f5es sobre futuros projetos e planos de ensino e, ainda, compartilham ideias com outras pessoas.<\/p>\n\n\n\n<p>No Open Day, a comunidade externa ainda conhece a estrutura f\u00edsica, os laborat\u00f3rios, os ambientes de inova\u00e7\u00e3o e estabelecem contato com professores e colaboradores. \u201c\u00c9 um momento de se ambientar com as vis\u00f5es e conceitos das Escolas do Futuro, que desde quando foram criadas, mant\u00eam o foco na educa\u00e7\u00e3o tecnol\u00f3gica e na transforma\u00e7\u00e3o social de jovens a partir dos 16 anos e outros interessados numa forma\u00e7\u00e3o voltada ao mercado de trabalho\u201d, explica a coordenadora de Inova\u00e7\u00e3o e Tecnologia, Delma Ramalho.<\/p>\n\n\n\n<p><strong>Servi\u00e7o:<\/strong><\/p>\n\n\n\n<p><strong>Assunto:<\/strong>&nbsp;Open Day \u2013 Escolas do Futuro de Goi\u00e1s abrem as unidades escolares para a comunidade<\/p>\n\n\n\n<p><strong>Quando e onde:<\/strong><\/p>\n\n\n\n<p>17 de mar\u00e7o,&nbsp;das 8h30 \u00e0s 22h, nas unidades:<\/p>\n\n\n\n<p>&#8211; EFG Jos\u00e9 Luiz Bittencourt &#8211; Goi\u00e2nia (Rua BF-25, esquina com Avenida JC-15, Bairro Floresta)<\/p>\n\n\n\n<ul class=\"wp-block-list\">\n<li>EFG Luiz Rassi &#8211; Aparecida de Goi\u00e2nia (Rua Rainha Elisabete, s\/n\u00ba, Jardim Buriti Sereno)<\/li>\n\n\n\n<li>EFG Sarah Lu\u00edsa Kubitschek \u2013 Santo Ant\u00f4nio do Descoberto (Rua 14, esquina com a Rua Dom Emanuel, Quadra B2-B, Setor Central)<\/li>\n<\/ul>\n\n\n\n<p>23 de mar\u00e7o,&nbsp;das 8h30 \u00e0s 21h30, na EFG em Artes Basileu Fran\u00e7a (Rua 18, n\u00ba 81, Setor Central &#8211; Goi\u00e2nia\/GO)<\/p>\n\n\n\n<p>Fonte: <strong><a href=\"https:\/\/www.desenvolvimento.go.gov.br\/noticias\/4963-escolas-do-futuro-de-goi%C3%A1s-realizam-mais-uma-edi%C3%A7%C3%A3o-do-open-day.html\" data-type=\"URL\" data-id=\"https:\/\/www.desenvolvimento.go.gov.br\/noticias\/4963-escolas-do-futuro-de-goi%C3%A1s-realizam-mais-uma-edi%C3%A7%C3%A3o-do-open-day.html\" target=\"_blank\" rel=\"noreferrer noopener\">Secretaria de Estado de Ci\u00eancia, Tecnologia e Inova\u00e7\u00e3o &#8211; Governo de Goi\u00e1s<\/a><\/strong><\/p>\n","protected":false},"excerpt":{"rendered":"<p>Com uma programa\u00e7\u00e3o especial, evento abre as unidades escolares para a comunidade As Escolas do Futuro do Estado de Goi\u00e1s (EFG) realizam, nesta sexta-feira (17) e na ter\u00e7a-feira (21), mais uma edi\u00e7\u00e3o do Open Day. Nestes dias, as unidades estar\u00e3o abertas com o objetivo de apresentar a estrutura das escolas, divulgar os cursos e mostrar [&hellip;]<\/p>\n","protected":false},"author":1,"featured_media":6121,"comment_status":"open","ping_status":"open","sticky":false,"template":"","format":"standard","meta":{"footnotes":""},"categories":[5,50,4],"tags":[49,19],"class_list":["post-6120","post","type-post","status-publish","format-standard","has-post-thumbnail","hentry","category-brasil","category-educacao","category-goias","tag-educacao","tag-goias"],"_links":{"self":[{"href":"https:\/\/aguaslindasnoticias.com.br\/index.php\/wp-json\/wp\/v2\/posts\/6120","targetHints":{"allow":["GET"]}}],"collection":[{"href":"https:\/\/aguaslindasnoticias.com.br\/index.php\/wp-json\/wp\/v2\/posts"}],"about":[{"href":"https:\/\/aguaslindasnoticias.com.br\/index.php\/wp-json\/wp\/v2\/types\/post"}],"author":[{"embeddable":true,"href":"https:\/\/aguaslindasnoticias.com.br\/index.php\/wp-json\/wp\/v2\/users\/1"}],"replies":[{"embeddable":true,"href":"https:\/\/aguaslindasnoticias.com.br\/index.php\/wp-json\/wp\/v2\/comments?post=6120"}],"version-history":[{"count":1,"href":"https:\/\/aguaslindasnoticias.com.br\/index.php\/wp-json\/wp\/v2\/posts\/6120\/revisions"}],"predecessor-version":[{"id":6122,"href":"https:\/\/aguaslindasnoticias.com.br\/index.php\/wp-json\/wp\/v2\/posts\/6120\/revisions\/6122"}],"wp:featuredmedia":[{"embeddable":true,"href":"https:\/\/aguaslindasnoticias.com.br\/index.php\/wp-json\/wp\/v2\/media\/6121"}],"wp:attachment":[{"href":"https:\/\/aguaslindasnoticias.com.br\/index.php\/wp-json\/wp\/v2\/media?parent=6120"}],"wp:term":[{"taxonomy":"category","embeddable":true,"href":"https:\/\/aguaslindasnoticias.com.br\/index.php\/wp-json\/wp\/v2\/categories?post=6120"},{"taxonomy":"post_tag","embeddable":true,"href":"https:\/\/aguaslindasnoticias.com.br\/index.php\/wp-json\/wp\/v2\/tags?post=6120"}],"curies":[{"name":"wp","href":"https:\/\/api.w.org\/{rel}","templated":true}]}}