{"id":6117,"date":"2023-03-16T15:59:00","date_gmt":"2023-03-16T18:59:00","guid":{"rendered":"https:\/\/aguaslindasnoticias.com.br\/?p=6117"},"modified":"2023-03-17T16:03:47","modified_gmt":"2023-03-17T19:03:47","slug":"secretaria-municipal-de-meio-ambiente-comemora-dia-nacional-da-conscientizacao-sobre-as-mudancas-climaticas","status":"publish","type":"post","link":"https:\/\/aguaslindasnoticias.com.br\/index.php\/2023\/03\/16\/secretaria-municipal-de-meio-ambiente-comemora-dia-nacional-da-conscientizacao-sobre-as-mudancas-climaticas\/","title":{"rendered":"Secretaria Municipal de Meio Ambiente comemora dia Nacional da Conscientiza\u00e7\u00e3o Sobre as Mudan\u00e7as Clim\u00e1ticas"},"content":{"rendered":"\n<p>No dia 16 de mar\u00e7o \u00e9 celebrado o \u201cDia Nacional da Conscientiza\u00e7\u00e3o sobre as Mudan\u00e7as Clim\u00e1ticas\u201d com o objetivo de promover a conscientiza\u00e7\u00e3o da popula\u00e7\u00e3o sobre a import\u00e2ncia de realizar a\u00e7\u00f5es que possam diminuir o agravamento dos impactos das mudan\u00e7as clim\u00e1ticas. Essa data foi estabelecida pela Lei n\u00ba 12.533\/2011 para viabilizar debates e mobiliza\u00e7\u00f5es em torno de alternativas mais sustent\u00e1veis para as mais diversas \u00e1reas.<\/p>\n\n\n\n<p>J\u00e1 se constatou cientificamente o aumento da temperatura m\u00e9dia da Terra nos \u00faltimos anos, o que levou \u00e0 eleva\u00e7\u00e3o do n\u00edvel do mar, derretimento de geleiras, intensifica\u00e7\u00e3o de tempestades, dos per\u00edodos chuvosos e de secas, entre outros fen\u00f4menos, al\u00e9m do perigo de futuramente comprometer a pr\u00f3pria exist\u00eancia humana e de outros seres vivos.<\/p>\n\n\n\n<figure class=\"wp-block-image\"><img decoding=\"async\" src=\"https:\/\/aguaslindasdegoias.go.gov.br\/wp-content\/uploads\/2023\/03\/2-1024x1024.png\" alt=\"\" class=\"wp-image-33486\"\/><\/figure>\n\n\n\n<p>Considera-se que a principal causa do aquecimento global e das mudan\u00e7as no clima seja o aumento da emiss\u00e3o de gases de efeito estufa, como o di\u00f3xido de carbono (CO2), tanto por queima de combust\u00edveis f\u00f3sseis para gera\u00e7\u00e3o de energia como por desmatamento.<br>No Brasil, a maior parte das emiss\u00f5es de gases de efeito estufa na atmosfera \u00e9 causada pelo desmatamento. Em 2019, o pa\u00eds bateu recordes de queimadas e desmatamento, considerando os \u00faltimos anos, aumentando em 30% em rela\u00e7\u00e3o ao ano anterior, segundo o INPE. Quando se desmata uma floresta, seja por queimadas ou mesmo por corte, h\u00e1 libera\u00e7\u00e3o de uma grande quantidade de carbono na forma de CO2 para a atmosfera. Al\u00e9m disso, a perda de vegeta\u00e7\u00e3o faz com que se percam tamb\u00e9m os chamados \u201cservi\u00e7os ecossist\u00eamicos\u201d prestados pela natureza, como regula\u00e7\u00e3o das chuvas, manuten\u00e7\u00e3o da boa qualidade do ar e produ\u00e7\u00e3o de \u00e1gua em quantidade e qualidade.<\/p>\n\n\n\n<p>Entender que a natureza \u00e9 parte importante do cotidiano \u00e9 o primeiro passo para compreender a necessidade das mudan\u00e7as no comportamento humano frente aos recursos naturais cada vez mais escassos, n\u00e3o s\u00f3 pelas consequ\u00eancias, mas tamb\u00e9m pelos efeitos que essas podem originar. Alguns h\u00e1bitos podem contribuir para reverter este cen\u00e1rio, como o consumo consciente e a prefer\u00eancia por produtos e servi\u00e7os mais sustent\u00e1veis. Cabe a cada pessoa fazer algo pelo planeta, mas como come\u00e7ar? Confira algumas dicas:<br>\u2022 Caminhar, andar de bicicleta ou usar transporte p\u00fablico, sempre que puder;<br>\u2022 Diminuir a temperatura do seu refrigerador, m\u00e1quina de lavar e aquecedor de \u00e1gua;<br>\u2022 Trocar as l\u00e2mpadas amarelas pelas fluorescentes e\/ou l\u00e2mpadas de LED;<br>\u2022 Diminuir o consumo de carne;<br>\u2022 Buscar alternativas de consumo consciente;<br>\u2022 Usar aparelhos que tenham maior efici\u00eancia energ\u00e9tica;<br>\u2022 Informar as pessoas ao seu redor sobre as a\u00e7\u00f5es que podemos realizar;<br>\u2022 E, aproveitar as coisas simples da vida (diminuindo o uso de eletr\u00f4nicos), como ler um livro, passear pela sua cidade, cultivar plantas, entre outros.<\/p>\n\n\n\n<p><strong>mudan\u00e7asclim\u00e1ticas #SEMMA #aguaslindas #meioambiente<\/strong><\/p>\n\n\n\n<p><\/p>\n\n\n\n<p>Fonte: <a href=\"https:\/\/aguaslindasdegoias.go.gov.br\/secretaria-municipal-de-meio-ambiente-comemora-dia-nacional-da-conscientizacao-sobre-as-mudancas-climaticas\/\" data-type=\"URL\" data-id=\"https:\/\/aguaslindasdegoias.go.gov.br\/secretaria-municipal-de-meio-ambiente-comemora-dia-nacional-da-conscientizacao-sobre-as-mudancas-climaticas\/\" target=\"_blank\" rel=\"noreferrer noopener\">Prefeitura de \u00c1guas Lindas de Goi\u00e1s<\/a><\/p>\n","protected":false},"excerpt":{"rendered":"<p>No dia 16 de mar\u00e7o \u00e9 celebrado o \u201cDia Nacional da Conscientiza\u00e7\u00e3o sobre as Mudan\u00e7as Clim\u00e1ticas\u201d com o objetivo de promover a conscientiza\u00e7\u00e3o da popula\u00e7\u00e3o sobre a import\u00e2ncia de realizar a\u00e7\u00f5es que possam diminuir o agravamento dos impactos das mudan\u00e7as clim\u00e1ticas. Essa data foi estabelecida pela Lei n\u00ba 12.533\/2011 para viabilizar debates e mobiliza\u00e7\u00f5es em [&hellip;]<\/p>\n","protected":false},"author":1,"featured_media":6118,"comment_status":"open","ping_status":"open","sticky":false,"template":"","format":"standard","meta":{"footnotes":""},"categories":[2,5,4,47],"tags":[16,19,48],"class_list":["post-6117","post","type-post","status-publish","format-standard","has-post-thumbnail","hentry","category-aguaslindas","category-brasil","category-goias","category-meio-ambiente","tag-aguaslindas","tag-goias","tag-meioambiente"],"_links":{"self":[{"href":"https:\/\/aguaslindasnoticias.com.br\/index.php\/wp-json\/wp\/v2\/posts\/6117","targetHints":{"allow":["GET"]}}],"collection":[{"href":"https:\/\/aguaslindasnoticias.com.br\/index.php\/wp-json\/wp\/v2\/posts"}],"about":[{"href":"https:\/\/aguaslindasnoticias.com.br\/index.php\/wp-json\/wp\/v2\/types\/post"}],"author":[{"embeddable":true,"href":"https:\/\/aguaslindasnoticias.com.br\/index.php\/wp-json\/wp\/v2\/users\/1"}],"replies":[{"embeddable":true,"href":"https:\/\/aguaslindasnoticias.com.br\/index.php\/wp-json\/wp\/v2\/comments?post=6117"}],"version-history":[{"count":1,"href":"https:\/\/aguaslindasnoticias.com.br\/index.php\/wp-json\/wp\/v2\/posts\/6117\/revisions"}],"predecessor-version":[{"id":6119,"href":"https:\/\/aguaslindasnoticias.com.br\/index.php\/wp-json\/wp\/v2\/posts\/6117\/revisions\/6119"}],"wp:featuredmedia":[{"embeddable":true,"href":"https:\/\/aguaslindasnoticias.com.br\/index.php\/wp-json\/wp\/v2\/media\/6118"}],"wp:attachment":[{"href":"https:\/\/aguaslindasnoticias.com.br\/index.php\/wp-json\/wp\/v2\/media?parent=6117"}],"wp:term":[{"taxonomy":"category","embeddable":true,"href":"https:\/\/aguaslindasnoticias.com.br\/index.php\/wp-json\/wp\/v2\/categories?post=6117"},{"taxonomy":"post_tag","embeddable":true,"href":"https:\/\/aguaslindasnoticias.com.br\/index.php\/wp-json\/wp\/v2\/tags?post=6117"}],"curies":[{"name":"wp","href":"https:\/\/api.w.org\/{rel}","templated":true}]}}