{"id":6110,"date":"2023-03-14T15:45:00","date_gmt":"2023-03-14T18:45:00","guid":{"rendered":"https:\/\/aguaslindasnoticias.com.br\/?p=6110"},"modified":"2023-03-17T15:51:14","modified_gmt":"2023-03-17T18:51:14","slug":"aviso-importante-novo-local-de-funcionamento-da-policlinica","status":"publish","type":"post","link":"https:\/\/aguaslindasnoticias.com.br\/index.php\/2023\/03\/14\/aviso-importante-novo-local-de-funcionamento-da-policlinica\/","title":{"rendered":"Aviso importante: novo local de funcionamento da Policl\u00ednica"},"content":{"rendered":"\n<p>A Secretaria Municipal de Sa\u00fade de \u00c1guas Lindas informa que a Policl\u00ednica estar\u00e1 fechada a partir do dia 14\/03 para reformas. Durante este per\u00edodo, os atendimentos que seriam realizados na Policl\u00ednica ser\u00e3o transferidos para o Centro de Refer\u00eancia de Doen\u00e7as Cr\u00f4nicas, localizado na Quadra 03 Lote 11\/19 (Mans\u00f5es \u00c1guas Lindas, antigo CCI).<\/p>\n\n\n\n<p>Pedimos a compreens\u00e3o de todos os pacientes e refor\u00e7amos que estamos trabalhando para garantir que os servi\u00e7os de sa\u00fade continuem a ser oferecidos com qualidade e seguran\u00e7a. Assim que a reforma for conclu\u00edda, avisaremos atrav\u00e9s dos canais oficiais da prefeitura.<\/p>\n\n\n\n<p>Desde j\u00e1, agradecemos a coopera\u00e7\u00e3o de todos.<\/p>\n\n\n\n<p>\u00c9 o Governo Municipal trabalhando para voc\u00ea!<\/p>\n\n\n\n<p>Prefeitura de \u00c1guas Lindas de Goi\u00e1s | UM NOVO TEMPO.<\/p>\n\n\n\n<p>Fonte: <a href=\"https:\/\/aguaslindasdegoias.go.gov.br\/aviso-importante-novo-local-de-funcionamento-da-policlinica\/\" data-type=\"URL\" data-id=\"https:\/\/aguaslindasdegoias.go.gov.br\/aviso-importante-novo-local-de-funcionamento-da-policlinica\/\" target=\"_blank\" rel=\"noreferrer noopener\">SECOM \u2013 Secretaria Municipal de Comunica\u00e7\u00e3o<\/a><\/p>\n","protected":false},"excerpt":{"rendered":"<p>A Secretaria Municipal de Sa\u00fade de \u00c1guas Lindas informa que a Policl\u00ednica estar\u00e1 fechada a partir do dia 14\/03 para reformas. Durante este per\u00edodo, os atendimentos que seriam realizados na Policl\u00ednica ser\u00e3o transferidos para o Centro de Refer\u00eancia de Doen\u00e7as Cr\u00f4nicas, localizado na Quadra 03 Lote 11\/19 (Mans\u00f5es \u00c1guas Lindas, antigo CCI). Pedimos a compreens\u00e3o [&hellip;]<\/p>\n","protected":false},"author":1,"featured_media":6111,"comment_status":"open","ping_status":"open","sticky":false,"template":"","format":"standard","meta":{"footnotes":""},"categories":[2,4,43],"tags":[16,19,44],"class_list":["post-6110","post","type-post","status-publish","format-standard","has-post-thumbnail","hentry","category-aguaslindas","category-goias","category-saude","tag-aguaslindas","tag-goias","tag-saude"],"_links":{"self":[{"href":"https:\/\/aguaslindasnoticias.com.br\/index.php\/wp-json\/wp\/v2\/posts\/6110","targetHints":{"allow":["GET"]}}],"collection":[{"href":"https:\/\/aguaslindasnoticias.com.br\/index.php\/wp-json\/wp\/v2\/posts"}],"about":[{"href":"https:\/\/aguaslindasnoticias.com.br\/index.php\/wp-json\/wp\/v2\/types\/post"}],"author":[{"embeddable":true,"href":"https:\/\/aguaslindasnoticias.com.br\/index.php\/wp-json\/wp\/v2\/users\/1"}],"replies":[{"embeddable":true,"href":"https:\/\/aguaslindasnoticias.com.br\/index.php\/wp-json\/wp\/v2\/comments?post=6110"}],"version-history":[{"count":1,"href":"https:\/\/aguaslindasnoticias.com.br\/index.php\/wp-json\/wp\/v2\/posts\/6110\/revisions"}],"predecessor-version":[{"id":6112,"href":"https:\/\/aguaslindasnoticias.com.br\/index.php\/wp-json\/wp\/v2\/posts\/6110\/revisions\/6112"}],"wp:featuredmedia":[{"embeddable":true,"href":"https:\/\/aguaslindasnoticias.com.br\/index.php\/wp-json\/wp\/v2\/media\/6111"}],"wp:attachment":[{"href":"https:\/\/aguaslindasnoticias.com.br\/index.php\/wp-json\/wp\/v2\/media?parent=6110"}],"wp:term":[{"taxonomy":"category","embeddable":true,"href":"https:\/\/aguaslindasnoticias.com.br\/index.php\/wp-json\/wp\/v2\/categories?post=6110"},{"taxonomy":"post_tag","embeddable":true,"href":"https:\/\/aguaslindasnoticias.com.br\/index.php\/wp-json\/wp\/v2\/tags?post=6110"}],"curies":[{"name":"wp","href":"https:\/\/api.w.org\/{rel}","templated":true}]}}