{"id":6087,"date":"2023-03-02T08:27:42","date_gmt":"2023-03-02T11:27:42","guid":{"rendered":"https:\/\/aguaslindasnoticias.com.br\/?p=6087"},"modified":"2023-03-02T08:27:42","modified_gmt":"2023-03-02T11:27:42","slug":"i-conferencia-municipal-dos-direitos-da-crianca-e-do-adolescente-de-aguas-lindas","status":"publish","type":"post","link":"https:\/\/aguaslindasnoticias.com.br\/index.php\/2023\/03\/02\/i-conferencia-municipal-dos-direitos-da-crianca-e-do-adolescente-de-aguas-lindas\/","title":{"rendered":"I Confer\u00eancia Municipal dos direitos da crian\u00e7a e do Adolescente de \u00c1guas Lindas"},"content":{"rendered":"\n<p><em>&nbsp;As inscri\u00e7\u00f5es para o evento s\u00e3o limitadas a 150 vagas.<\/em><\/p>\n\n\n\n<p>O Conselho Municipal dos Direitos da Crian\u00e7a e do Adolescente em conjunto com a Prefeitura Municipal de \u00c1guas Lindas, realizar\u00e1 no pr\u00f3ximo dia 10 de mar\u00e7o a I Confer\u00eancia Municipal dos Direitos da Crian\u00e7a e do Adolescente de \u00c1guas Lindas. O objetivo do evento \u00e9 refletir e avaliar os reflexos da pandemia do COVID-19 na vida das crian\u00e7as e adolescentes do munic\u00edpio.<\/p>\n\n\n\n<p>A Organiza\u00e7\u00e3o Mundial de Sa\u00fade- OMS, tem alertado para a necessidade de pol\u00edticas p\u00fablicas que possam mitigar os impactos socioecon\u00f4micos da pandemia, especialmente para as crian\u00e7as e adolescentes. Isso inclui medidas para garantir a seguran\u00e7a alimentar, acesso a servi\u00e7os de sa\u00fade e educa\u00e7\u00e3o, al\u00e9m de programas de transfer\u00eancia de renda para as fam\u00edlias mais vulner\u00e1veis.<\/p>\n\n\n\n<p>O intuito \u00e9 debater os desafios para garantir que essas medidas cheguem efetivamente \u00e0s fam\u00edlias mais vulner\u00e1veis e que os direitos das crian\u00e7as e adolescentes sejam protegidos em meio a essa crise sanit\u00e1ria.<\/p>\n\n\n\n<p>Nesse sentido, iniciativas como a realiza\u00e7\u00e3o da Confer\u00eancia Municipal dos Direitos da Crian\u00e7a e do Adolescente de \u00c1guas Lindas podem contribuir para promover o debate e a conscientiza\u00e7\u00e3o sobre a import\u00e2ncia de proteger os direitos desses grupos em meio a um cen\u00e1rio t\u00e3o desafiador.<\/p>\n\n\n\n<p>Com isso, a Confer\u00eancia Municipal dos Direitos da Crian\u00e7a e do Adolescente de \u00c1guas Lindas se torna ainda mais importante, j\u00e1 que visa debater e propor solu\u00e7\u00f5es para garantir os direitos desses grupos em meio a esse cen\u00e1rio dif\u00edcil.<\/p>\n\n\n\n<p>De acordo com o Conselho Municipal dos Direitos da Crian\u00e7a e do Adolescente a realiza\u00e7\u00e3o da confer\u00eancia \u00e9 fundamental para promover a conscientiza\u00e7\u00e3o da popula\u00e7\u00e3o e das autoridades sobre a import\u00e2ncia de garantir os direitos das crian\u00e7as e dos adolescentes em meio a um cen\u00e1rio t\u00e3o desafiador.<\/p>\n\n\n\n<p>O evento contar\u00e1 com a participa\u00e7\u00e3o de representantes de organiza\u00e7\u00f5es da sociedade civil, autoridades municipais e membros da comunidade, que juntos discutir\u00e3o as principais demandas das crian\u00e7as e dos adolescentes em \u00c1guas Lindas.&nbsp;<\/p>\n\n\n\n<p><strong>Eixos tem\u00e1ticos da Confer\u00eancia<\/strong><\/p>\n\n\n\n<p>O evento tem como tema central a \u201cSitua\u00e7\u00e3o dos direitos humanos de crian\u00e7as e adolescentes em tempo de pandemia da COVID-19: viola\u00e7\u00f5es e vulnerabilidades de crian\u00e7as e adolescentes, a\u00e7\u00f5es necess\u00e1rias para repara\u00e7\u00e3o e garantia de pol\u00edticas de prote\u00e7\u00e3o integral, com respeito \u00e0 diversidade\u201d.<\/p>\n\n\n\n<p>Eixo I: Promo\u00e7\u00e3o e garantia dos direitos humanos de crian\u00e7as e adolescentes no contexto pand\u00eamico e p\u00f3s pandemia;<\/p>\n\n\n\n<p>Eixo II: Enfrentamento das viola\u00e7\u00f5es e vulnerabilidades resultantes da pandemia&nbsp; de Covid-19;<\/p>\n\n\n\n<p>Eixo III: Amplia\u00e7\u00e3o e consolida\u00e7\u00e3o da participa\u00e7\u00e3o de crian\u00e7as e adolescentes nos espa\u00e7os de discuss\u00e3o e delibera\u00e7\u00e3o de pol\u00edticas p\u00fablicas de promo\u00e7\u00e3o,&nbsp;<\/p>\n\n\n\n<p>prote\u00e7\u00e3o e defesa dos seus direitos, durante e ap\u00f3s a pandemia;<\/p>\n\n\n\n<p>Eixo IV: Participa\u00e7\u00e3o da sociedade na delibera\u00e7\u00e3o, execu\u00e7\u00e3o, gest\u00e3o e controle&nbsp;<\/p>\n\n\n\n<p>social de pol\u00edticas p\u00fablicas de promo\u00e7\u00e3o, prote\u00e7\u00e3o e defesa dos direitos de crian\u00e7as e adolescentes considerando o cen\u00e1rio pand\u00eamico,<\/p>\n\n\n\n<p>Eixo V: Garantia de recursos para as pol\u00edticas p\u00fablicas voltadas para crian\u00e7as e adolescentes durante e ap\u00f3s a pandemia de Covid-19<\/p>\n\n\n\n<p><strong>Inscri\u00e7\u00f5es<\/strong><\/p>\n\n\n\n<p>A I Confer\u00eancia Municipal dos Direitos da Crian\u00e7a e do Adolescente de \u00c1guas Lindas ser\u00e1 realizada&nbsp; na C\u00e2mara Municipal do Munic\u00edpio, no dia 10 de mar\u00e7o, \u00e0 partir das 8h com programa\u00e7\u00e3o at\u00e9 \u00e0s 17h .<\/p>\n\n\n\n<p>Abaixo link de inscri\u00e7\u00e3o;<\/p>\n\n\n\n<figure class=\"wp-block-embed\"><div class=\"wp-block-embed__wrapper\">\nhttps:\/\/www.even3.com.br\/conferenciamunicipaldcaaguas\/\n<\/div><\/figure>\n\n\n\n<p>\u00c9 o Governo Municipal trabalhando para voc\u00ea!<\/p>\n\n\n\n<p>Prefeitura de \u00c1guas Lindas de Goi\u00e1s!<\/p>\n\n\n\n<p>Um novo tempo.<\/p>\n\n\n\n<p>Secom \u2013 Secretaria Municipal de Comunica\u00e7\u00e3o<\/p>\n\n\n\n<p>Jornalista: Larissa Nunes (DRT \u2013 0004118\/GO)<\/p>\n\n\n\n<p>Fonte: Prefeitura de \u00c1guas Lindas de Goi\u00e1s<a href=\"https:\/\/aguaslindasdegoias.go.gov.br\/i-conferencia-municipal-dos-direitos-da-crianca-e-do-adolescente-de-aguas-lindas%ef%bf%bc\/\" data-type=\"URL\" data-id=\"https:\/\/aguaslindasdegoias.go.gov.br\/i-conferencia-municipal-dos-direitos-da-crianca-e-do-adolescente-de-aguas-lindas%ef%bf%bc\/\" target=\"_blank\" rel=\"noreferrer noopener\">https:\/\/aguaslindasdegoias.go.gov.br\/i-conferencia-municipal-dos-direitos-da-crianca-e-do-adolescente-de-aguas-lindas%ef%bf%bc\/<\/a><\/p>\n","protected":false},"excerpt":{"rendered":"<p>&nbsp;As inscri\u00e7\u00f5es para o evento s\u00e3o limitadas a 150 vagas. O Conselho Municipal dos Direitos da Crian\u00e7a e do Adolescente em conjunto com a Prefeitura Municipal de \u00c1guas Lindas, realizar\u00e1 no pr\u00f3ximo dia 10 de mar\u00e7o a I Confer\u00eancia Municipal dos Direitos da Crian\u00e7a e do Adolescente de \u00c1guas Lindas. O objetivo do evento \u00e9 [&hellip;]<\/p>\n","protected":false},"author":1,"featured_media":6088,"comment_status":"open","ping_status":"open","sticky":false,"template":"","format":"standard","meta":{"footnotes":""},"categories":[2,4],"tags":[16,19],"class_list":["post-6087","post","type-post","status-publish","format-standard","has-post-thumbnail","hentry","category-aguaslindas","category-goias","tag-aguaslindas","tag-goias"],"_links":{"self":[{"href":"https:\/\/aguaslindasnoticias.com.br\/index.php\/wp-json\/wp\/v2\/posts\/6087","targetHints":{"allow":["GET"]}}],"collection":[{"href":"https:\/\/aguaslindasnoticias.com.br\/index.php\/wp-json\/wp\/v2\/posts"}],"about":[{"href":"https:\/\/aguaslindasnoticias.com.br\/index.php\/wp-json\/wp\/v2\/types\/post"}],"author":[{"embeddable":true,"href":"https:\/\/aguaslindasnoticias.com.br\/index.php\/wp-json\/wp\/v2\/users\/1"}],"replies":[{"embeddable":true,"href":"https:\/\/aguaslindasnoticias.com.br\/index.php\/wp-json\/wp\/v2\/comments?post=6087"}],"version-history":[{"count":1,"href":"https:\/\/aguaslindasnoticias.com.br\/index.php\/wp-json\/wp\/v2\/posts\/6087\/revisions"}],"predecessor-version":[{"id":6089,"href":"https:\/\/aguaslindasnoticias.com.br\/index.php\/wp-json\/wp\/v2\/posts\/6087\/revisions\/6089"}],"wp:featuredmedia":[{"embeddable":true,"href":"https:\/\/aguaslindasnoticias.com.br\/index.php\/wp-json\/wp\/v2\/media\/6088"}],"wp:attachment":[{"href":"https:\/\/aguaslindasnoticias.com.br\/index.php\/wp-json\/wp\/v2\/media?parent=6087"}],"wp:term":[{"taxonomy":"category","embeddable":true,"href":"https:\/\/aguaslindasnoticias.com.br\/index.php\/wp-json\/wp\/v2\/categories?post=6087"},{"taxonomy":"post_tag","embeddable":true,"href":"https:\/\/aguaslindasnoticias.com.br\/index.php\/wp-json\/wp\/v2\/tags?post=6087"}],"curies":[{"name":"wp","href":"https:\/\/api.w.org\/{rel}","templated":true}]}}