{"id":6056,"date":"2023-02-22T18:49:37","date_gmt":"2023-02-22T21:49:37","guid":{"rendered":"https:\/\/aguaslindasnoticias.com.br\/?p=6056"},"modified":"2023-02-22T18:49:37","modified_gmt":"2023-02-22T21:49:37","slug":"litoral-de-sp-foi-atingido-por-evento-extremo-com-recorde-de-chuvas-e-elevacao-do-mar","status":"publish","type":"post","link":"https:\/\/aguaslindasnoticias.com.br\/index.php\/2023\/02\/22\/litoral-de-sp-foi-atingido-por-evento-extremo-com-recorde-de-chuvas-e-elevacao-do-mar\/","title":{"rendered":"Litoral de SP foi atingido por &#8216;evento extremo&#8217;, com recorde de chuvas e eleva\u00e7\u00e3o do mar"},"content":{"rendered":"\n<p>SEBASTI\u00c3O MOREIRA\/EPA-EFE\/REX\/SHUTTERSTOCKLegenda da foto,<\/p>\n\n\n\n<p>Destrui\u00e7\u00e3o na regi\u00e3o de Juquehy, em S\u00e3o Sebasti\u00e3o, ap\u00f3s a enchente do fim de semana<\/p>\n\n\n\n<p>Uma combina\u00e7\u00e3o de fatores relacionados \u00e0 chuva, ao vento e ao mar fizeram do litoral norte de S\u00e3o Paulo o alvo de um &#8220;evento absolutamente extremo e hist\u00f3rico&#8221; no \u00faltimo fim de semana, nas palavras do meteorologista Marcelo Seluchi, do Centro Nacional de Monitoramento e Alertas de Desastres Naturais (Cemaden).<\/p>\n\n\n\n<p>Inunda\u00e7\u00f5es e deslizamentos na regi\u00e3o deixaram ao menos 40 mortos, 1.730 desalojados e 766 desabrigados, segundo o governo estadual \u2014 que, no domingo (19), decretou estado de calamidade p\u00fablica nas cidades de S\u00e3o Sebasti\u00e3o, Caraguatatuba, Ubatuba, Ilhabela e Bertioga.<\/p>\n\n\n\n<figure class=\"wp-block-image\"><img decoding=\"async\" src=\"https:\/\/ichef.bbci.co.uk\/news\/640\/cpsprodpb\/799c\/live\/494459b0-b299-11ed-89f4-f3657d2bfa3b.png\" alt=\"Mapa das cidades afetadas pelas chuvas no litoral de SP\"\/><\/figure>\n\n\n\n<p>&#8220;Foi uma frente fria, s\u00f3 que com caracter\u00edsticas muito particulares&#8221;, resume Seluchi, doutor em ci\u00eancias meteorol\u00f3gicas.<\/p>\n\n\n\n<p>&#8220;Primeiro, foi uma frente fria muito intensa, a ponto de levar a temperaturas muito baixas na regi\u00e3o sul do Brasil e em pa\u00edses vizinhos. Quando passou essa frente pela Argentina, se falou na frente fria mais intensa dos \u00faltimos 54 anos. N\u00e3o era qualquer frente fria.&#8221;<\/p>\n\n\n\n<p>&#8220;Mas houve um outro elemento muito importante, porque formou-se uma pequena \u00e1rea de baixa press\u00e3o, que teve papel tamb\u00e9m muito importante para piorar a situa\u00e7\u00e3o.&#8221;<\/p>\n\n\n\n<p>De acordo com o meteorologista, a forma\u00e7\u00e3o de \u00e1reas de baixa press\u00e3o atmosf\u00e9rica \u2014 que, em linhas gerais, costumam propiciar a forma\u00e7\u00e3o de nuvens \u2014 em uma regi\u00e3o relativamente pequena, entre os munic\u00edpios de Santos e Ubatuba, fez aumentar as chuvas. Mas n\u00e3o foi s\u00f3 isso.<\/p>\n\n\n\n<p>&#8220;Essa baixa press\u00e3o tamb\u00e9m provocou o aumento do vento vindo do mar. Ent\u00e3o, esse evento arrastou umidade e aumentou o n\u00edvel do mar. Subindo o n\u00edvel do mar, houve muito mais dificuldade de escoar a \u00e1gua de chuva.&#8221;<\/p>\n\n\n\n<p>Todos esses fatores acarretaram um volume de chuvas recorde registrado em um dia no Brasil: munic\u00edpios como S\u00e3o Sebasti\u00e3o e Bertioga ultrapassaram os 600 mm de chuva em 24 horas.<\/p>\n\n\n\n<figure class=\"wp-block-image\"><img decoding=\"async\" src=\"https:\/\/ichef.bbci.co.uk\/news\/640\/cpsprodpb\/a983\/live\/df3ce100-b2bf-11ed-89f4-f3657d2bfa3b.png\" alt=\"Gr\u00e1fico sobre fatores que levaram ao recorde de chuvas no litoral de SP\"\/><\/figure>\n\n\n\n<p>Segundo levantamento do portal G1, o recorde de chuvas em um dia registrado pelo Cemaden tinha sido em Petr\u00f3polis, no ano passado: 534,4 mm. J\u00e1 o recorde di\u00e1rio registrado pelo Instituto Nacional de Meteorologia (Inmet) havia sido de 404,8 mm, em 1991, em Florian\u00f3polis.<\/p>\n\n\n\n<p>Como&nbsp;<a href=\"https:\/\/www.bbc.com\/portuguese\/articles\/czrmpxdk443o\">mostrou a BBC News Brasil<\/a>, em S\u00e3o Sebasti\u00e3o, o volume de chuva registrado no fim de semana (640 mm de chuva em 24 horas) foi tr\u00eas vezes maior do que o evento mais extremo documentado na cidade at\u00e9 ent\u00e3o \u2014 em 2014, quando choveu 179 mm em dez horas.<\/p>\n\n\n\n<p>Entrevistado pela reportagem, Fabr\u00edcio Ara\u00fajo Mirandola, do Instituto de Pesquisas Tecnol\u00f3gicas (IPT), afirmou que a m\u00e9dia de chuvas para o m\u00eas de fevereiro inteiro na regi\u00e3o \u00e9 de 225 mm \u2014 ou seja, em um dia choveu tr\u00eas vezes mais do que o esperado para 28 dias.<\/p>\n\n\n\n<figure class=\"wp-block-image\"><img decoding=\"async\" src=\"https:\/\/ichef.bbci.co.uk\/news\/640\/cpsprodpb\/a789\/live\/a6ca2a20-b18f-11ed-9a90-19284bb4be46.jpg\" alt=\"Foto a\u00e9rea mostra praia e encostas com deslizamentos\"\/><figcaption class=\"wp-element-caption\">Legenda da foto,Praia de S\u00e3o Sebasti\u00e3o repleta por lama e com deslizamentos nas encostas<\/figcaption><\/figure>\n\n\n\n<h2 class=\"wp-block-heading\" id=\"Avisos-pr\u00e9vios\">Avisos pr\u00e9vios<\/h2>\n\n\n\n<p>Outro exemplo de quanto o ocorrido no fim de semana surpreendeu foi um&nbsp;<a href=\"http:\/\/www.defesacivil.sp.gov.br\/defesa-civil-alerta-para-chuvas-intensas-e-orienta-sobre-cuidados-para-o-feriado-de-carnaval\/\">texto publicado na quinta-feira (16) no site da Defesa Civil de S\u00e3o Paulo<\/a>, alertando para a previs\u00e3o de fortes chuvas no fim de semana.<\/p>\n\n\n\n<p>&#8220;Destaque e aten\u00e7\u00e3o para o Litoral Norte que pode registrar acumulado de at\u00e9 250mm&#8221;, diz o texto.<\/p>\n\n\n\n<p>N\u00e3o foi apenas esse o aviso de que algo at\u00edpico \u2014 embora subestimado diante do que realmente ocorreu \u2014 poderia acontecer no fim de semana carnavalesco no tur\u00edstico litoral norte.<\/p>\n\n\n\n<p>O Cemaden emitiu boletins falando do alto risco de &#8220;eventos hidrol\u00f3gicos&#8221; na regi\u00e3o pelo menos desde o dia 13. Em nota, o instituto afirmou que tamb\u00e9m fez alertas sobre o risco de &#8220;chuvas muito intensas com potencial para provocar desastres na por\u00e7\u00e3o leste do Estado de SP&#8221; em reuni\u00f5es no dia 16 com o Centro Nacional de Gerenciamento de Riscos e Desastres (Cenad) e no dia 17 com a Defesa Civil de S\u00e3o Paulo.<\/p>\n\n\n\n<p>&#8220;Somente no dia 18\/02 mais de 60 alertas foram emitidos, entre eles para Ubatuba, Ilhabela, Caraguatatuba e S\u00e3o Sebasti\u00e3o; portanto, desde o dia 16\/02 a regi\u00e3o litor\u00e2nea de SP estava sob aten\u00e7\u00e3o&#8221;, disse o Cemaden.<\/p>\n\n\n\n<p>Marcelo Seluchi, que \u00e9 meteorologista da institui\u00e7\u00e3o, afirma que o epis\u00f3dio foi &#8220;bem previsto e avisado&#8221; aos \u00f3rg\u00e3os competentes e aos governos locais, mas reconhece que a dimens\u00e3o do desastre n\u00e3o era t\u00e3o previs\u00edvel.<\/p>\n\n\n\n<p>&#8220;Quando fazemos uma previs\u00e3o meteorol\u00f3gica, sabemos que o mais dif\u00edcil \u00e9 prever exatamente quanto vai chover. Mas n\u00f3s sab\u00edamos que se tratava de uma chuva muito intensa com potencial de desastres extremos.&#8221;<\/p>\n\n\n\n<p>Sobre o papel das autoridades no desastre, Seluchi diz que ainda \u00e9 cedo para avaliar.<\/p>\n\n\n\n<figure class=\"wp-block-image\"><img decoding=\"async\" src=\"https:\/\/ichef.bbci.co.uk\/news\/640\/cpsprodpb\/9ef4\/live\/288a1e90-b194-11ed-b13f-8b2ab87bcb8e.jpg\" alt=\"Pessoas observando retroescavadeira trabalhando em \u00e1rea cheia de lama\"\/><figcaption class=\"wp-element-caption\">Legenda da foto,Moradores observam opera\u00e7\u00e3o de busca e resgate em S\u00e3o Sebasti\u00e3o (SP)<\/figcaption><\/figure>\n\n\n\n<p>&#8220;Sabemos que \u00e9 uma regi\u00e3o muito muito dif\u00edcil, muito vulner\u00e1vel. Uma grande propor\u00e7\u00e3o da popula\u00e7\u00e3o da regi\u00e3o mora em \u00e1reas de risco \u2014 seja nas encostas ou nas pequenas plan\u00edcies nas partes baixas, que est\u00e3o sujeitas a receber os sedimentos que descem da serra&#8221;, diz o especialista.<\/p>\n\n\n\n<p>&#8220;Vamos precisar avaliar depois, com mais calma, quais foram as medidas de prepara\u00e7\u00e3o da Defesa Civil, considerando que o Cemaden avisou com anteced\u00eancia.&#8221;<\/p>\n\n\n\n<p>A BBC News Brasil pediu mas n\u00e3o recebeu posicionamentos da prefeitura de S\u00e3o Sebasti\u00e3o e do governo estadual de S\u00e3o Paulo.<\/p>\n\n\n\n<p>O Minist\u00e9rio da Integra\u00e7\u00e3o e do Desenvolvimento Regional afirmou que o governo federal tem o papel de comunicar alertas aos governos locais e \u00e0 popula\u00e7\u00e3o e de coordenar a\u00e7\u00f5es de prepara\u00e7\u00e3o.<\/p>\n\n\n\n<p>&#8220;No entanto, quem possui a capacidade e compet\u00eancia de avaliar as a\u00e7\u00f5es necess\u00e1rias e que ser\u00e3o mais eficientes em cada localidade, s\u00e3o as autoridades locais. Estas a\u00e7\u00f5es, sejam de prepara\u00e7\u00e3o, sejam de resposta, devem estar previstas no Plano de Conting\u00eancia local&#8221;, escreveu a assessoria de imprensa do minist\u00e9rio.<\/p>\n\n\n\n<p>&#8220;N\u00e3o nos cabe, nem por compet\u00eancia, nem por capacidade de conhecimento da realidade local, esse tipo de determina\u00e7\u00e3o.&#8221;<\/p>\n\n\n\n<h2 class=\"wp-block-heading\" id=\"Mudan\u00e7as-clim\u00e1ticas\">Mudan\u00e7as clim\u00e1ticas?<\/h2>\n\n\n\n<p>Al\u00e9m do papel das autoridades, ainda \u00e9 preciso tempo \u2014 e estudos cient\u00edficos \u2014 para saber o papel das mudan\u00e7as clim\u00e1ticas no desastre do fim de semana.<\/p>\n\n\n\n<p>Marcelo Seluchi explica que \u00e9 dif\u00edcil determinar a causalidade entre eventos extremos e as mudan\u00e7as clim\u00e1ticas, mas afirma acreditar que possa haver alguma rela\u00e7\u00e3o.<\/p>\n\n\n\n<p>&#8220;Primeiro, porque a frente fria que provocou toda essa chuva foi muito intensa. A Argentina teve recordes de baixa temperatura e neve em lugares muito pouco frequentes \u2014 e em fevereiro (tamb\u00e9m ver\u00e3o no pa\u00eds vizinho), o que \u00e9 muito estranho&#8221;, diz o meteorologista.<\/p>\n\n\n\n<p>&#8220;Segundo, tem uma lei da termodin\u00e2mica que diz que o vapor mantido no ar depende da temperatura. Um aumento da temperatura traz um aumento de vapor. Ou seja, para pa\u00edses tropicais como o Brasil, uma mudan\u00e7a de 1\u00baC significa muito mais vapor do que aumentar 1\u00baC na Ant\u00e1rtica ou na Patag\u00f4nia.&#8221;<\/p>\n\n\n\n<p>&#8220;Ent\u00e3o, voc\u00ea torna o clima tropical mais \u00famido, mais quente e mais inst\u00e1vel. Uma mesma frente fria consegue provocar hoje mais chuva do que h\u00e1 100, 200 anos. E para piorar, as frentes frias est\u00e3o ficando mais intensas em algumas circunst\u00e2ncias.&#8221;<\/p>\n\n\n\n<p>&#8220;N\u00e3o \u00e9 uma situa\u00e7\u00e3o normal, e justamente as mudan\u00e7as clim\u00e1ticas determinam um novo normal, n\u00e9?&#8221;, conclui Seluchi.<\/p>\n\n\n\n<p><em>*Colaboraram Leandro Prazeres, da BBC News Brasil em Bras\u00edlia, e Camilla Veras Mota, da BBC News Brasil em S\u00e3o Paulo<\/em><\/p>\n\n\n\n<p><a href=\"https:\/\/www.bbc.com\/portuguese\/articles\/c3gj49n6jwno\" data-type=\"URL\" data-id=\"https:\/\/www.bbc.com\/portuguese\/articles\/c3gj49n6jwno\" target=\"_blank\" rel=\"noreferrer noopener\">Fonte: BBC Brasil<\/a><\/p>\n","protected":false},"excerpt":{"rendered":"<p>SEBASTI\u00c3O MOREIRA\/EPA-EFE\/REX\/SHUTTERSTOCKLegenda da foto, Destrui\u00e7\u00e3o na regi\u00e3o de Juquehy, em S\u00e3o Sebasti\u00e3o, ap\u00f3s a enchente do fim de semana Uma combina\u00e7\u00e3o de fatores relacionados \u00e0 chuva, ao vento e ao mar fizeram do litoral norte de S\u00e3o Paulo o alvo de um &#8220;evento absolutamente extremo e hist\u00f3rico&#8221; no \u00faltimo fim de semana, nas palavras do [&hellip;]<\/p>\n","protected":false},"author":1,"featured_media":6057,"comment_status":"open","ping_status":"open","sticky":false,"template":"","format":"standard","meta":{"footnotes":""},"categories":[5],"tags":[18,36],"class_list":["post-6056","post","type-post","status-publish","format-standard","has-post-thumbnail","hentry","category-brasil","tag-brasil","tag-chuvas"],"_links":{"self":[{"href":"https:\/\/aguaslindasnoticias.com.br\/index.php\/wp-json\/wp\/v2\/posts\/6056","targetHints":{"allow":["GET"]}}],"collection":[{"href":"https:\/\/aguaslindasnoticias.com.br\/index.php\/wp-json\/wp\/v2\/posts"}],"about":[{"href":"https:\/\/aguaslindasnoticias.com.br\/index.php\/wp-json\/wp\/v2\/types\/post"}],"author":[{"embeddable":true,"href":"https:\/\/aguaslindasnoticias.com.br\/index.php\/wp-json\/wp\/v2\/users\/1"}],"replies":[{"embeddable":true,"href":"https:\/\/aguaslindasnoticias.com.br\/index.php\/wp-json\/wp\/v2\/comments?post=6056"}],"version-history":[{"count":1,"href":"https:\/\/aguaslindasnoticias.com.br\/index.php\/wp-json\/wp\/v2\/posts\/6056\/revisions"}],"predecessor-version":[{"id":6058,"href":"https:\/\/aguaslindasnoticias.com.br\/index.php\/wp-json\/wp\/v2\/posts\/6056\/revisions\/6058"}],"wp:featuredmedia":[{"embeddable":true,"href":"https:\/\/aguaslindasnoticias.com.br\/index.php\/wp-json\/wp\/v2\/media\/6057"}],"wp:attachment":[{"href":"https:\/\/aguaslindasnoticias.com.br\/index.php\/wp-json\/wp\/v2\/media?parent=6056"}],"wp:term":[{"taxonomy":"category","embeddable":true,"href":"https:\/\/aguaslindasnoticias.com.br\/index.php\/wp-json\/wp\/v2\/categories?post=6056"},{"taxonomy":"post_tag","embeddable":true,"href":"https:\/\/aguaslindasnoticias.com.br\/index.php\/wp-json\/wp\/v2\/tags?post=6056"}],"curies":[{"name":"wp","href":"https:\/\/api.w.org\/{rel}","templated":true}]}}