{"id":6052,"date":"2023-02-21T18:26:25","date_gmt":"2023-02-21T21:26:25","guid":{"rendered":"https:\/\/aguaslindasnoticias.com.br\/?p=6052"},"modified":"2023-02-22T18:30:34","modified_gmt":"2023-02-22T21:30:34","slug":"caiado-divulga-nota-de-pesar-pela-morte-de-dona-iris-de-araujo","status":"publish","type":"post","link":"https:\/\/aguaslindasnoticias.com.br\/index.php\/2023\/02\/21\/caiado-divulga-nota-de-pesar-pela-morte-de-dona-iris-de-araujo\/","title":{"rendered":"Caiado divulga nota de pesar pela morte de Dona Iris de Ara\u00fajo"},"content":{"rendered":"\n<p>Dona Iris de Ara\u00fajo (Foto: Reprodu\u00e7\u00e3o | Facebook Gab \u00cdris de Ara\u00fajo II)<\/p>\n\n\n\n<p><strong>Nota de pesar pela morte de Dona Iris de Ara\u00fajo<\/strong>&nbsp;\u2013 Com grande pesar, Gracinha e eu recebemos a not\u00edcia do falecimento de Iris de Ara\u00fajo Rezende Machado, ocorrido nesta ter\u00e7a-feira (21\/02).<\/p>\n\n\n\n<p>Dona Iris, como era conhecida, exerceu grande protagonismo na pol\u00edtica estadual ao lado de Iris Rezende, com quem foi casada por mais de 50 anos.<\/p>\n\n\n\n<p>Ex-deputada federal e ex-primeira-dama de Goi\u00e1s, Dona Iris construiu uma trajet\u00f3ria marcada, principalmente, pela defesa de pol\u00edticas sociais para a popula\u00e7\u00e3o mais vulner\u00e1vel.<\/p>\n\n\n\n<p>Fomos colegas na C\u00e2mara Federal e testemunho que ela exerceu seus mandatos com coragem e altivez. Dona Iris foi sempre uma voz em defesa do povo goiano.<\/p>\n\n\n\n<p>Rogo a Deus que a receba em seus bra\u00e7os e que conforte os filhos, Ana Paula, Adriana e Cristiano, e toda sua fam\u00edlia e in\u00fameros amigos nesse momento de dor e luto.<\/p>\n\n\n\n<p><em>Ronaldo Caiado<\/em><br><strong>Governador de Goi\u00e1s<\/strong><\/p>\n\n\n\n<p>por\u00a0<strong><a href=\"https:\/\/agenciacoradenoticias.go.gov.br\/author\/juliana-carnevalli\">Juliana Carnevalli<\/a><\/strong><br>21 de fevereiro,\u00a0<strong>2023<\/strong>\u00a0\u00e0s 15:06:33<br><a href=\"https:\/\/agenciacoradenoticias.go.gov.br\/categorias\/executivo\">Executivo<\/a><\/p>\n\n\n\n<p><a href=\"https:\/\/agenciacoradenoticias.go.gov.br\/72028-caiado-divulga-nota-de-pesar-pela-morte-de-dona-iris-de-araujo\" data-type=\"URL\" data-id=\"https:\/\/agenciacoradenoticias.go.gov.br\/72028-caiado-divulga-nota-de-pesar-pela-morte-de-dona-iris-de-araujo\" target=\"_blank\" rel=\"noreferrer noopener\">Fonte: Agencia Cora de Not\u00edcias<\/a><\/p>\n","protected":false},"excerpt":{"rendered":"<p>Dona Iris de Ara\u00fajo (Foto: Reprodu\u00e7\u00e3o | Facebook Gab \u00cdris de Ara\u00fajo II) Nota de pesar pela morte de Dona Iris de Ara\u00fajo&nbsp;\u2013 Com grande pesar, Gracinha e eu recebemos a not\u00edcia do falecimento de Iris de Ara\u00fajo Rezende Machado, ocorrido nesta ter\u00e7a-feira (21\/02). Dona Iris, como era conhecida, exerceu grande protagonismo na pol\u00edtica estadual [&hellip;]<\/p>\n","protected":false},"author":1,"featured_media":6053,"comment_status":"open","ping_status":"open","sticky":false,"template":"","format":"standard","meta":{"footnotes":""},"categories":[4],"tags":[19,35],"class_list":["post-6052","post","type-post","status-publish","format-standard","has-post-thumbnail","hentry","category-goias","tag-goias","tag-luto"],"_links":{"self":[{"href":"https:\/\/aguaslindasnoticias.com.br\/index.php\/wp-json\/wp\/v2\/posts\/6052","targetHints":{"allow":["GET"]}}],"collection":[{"href":"https:\/\/aguaslindasnoticias.com.br\/index.php\/wp-json\/wp\/v2\/posts"}],"about":[{"href":"https:\/\/aguaslindasnoticias.com.br\/index.php\/wp-json\/wp\/v2\/types\/post"}],"author":[{"embeddable":true,"href":"https:\/\/aguaslindasnoticias.com.br\/index.php\/wp-json\/wp\/v2\/users\/1"}],"replies":[{"embeddable":true,"href":"https:\/\/aguaslindasnoticias.com.br\/index.php\/wp-json\/wp\/v2\/comments?post=6052"}],"version-history":[{"count":1,"href":"https:\/\/aguaslindasnoticias.com.br\/index.php\/wp-json\/wp\/v2\/posts\/6052\/revisions"}],"predecessor-version":[{"id":6054,"href":"https:\/\/aguaslindasnoticias.com.br\/index.php\/wp-json\/wp\/v2\/posts\/6052\/revisions\/6054"}],"wp:featuredmedia":[{"embeddable":true,"href":"https:\/\/aguaslindasnoticias.com.br\/index.php\/wp-json\/wp\/v2\/media\/6053"}],"wp:attachment":[{"href":"https:\/\/aguaslindasnoticias.com.br\/index.php\/wp-json\/wp\/v2\/media?parent=6052"}],"wp:term":[{"taxonomy":"category","embeddable":true,"href":"https:\/\/aguaslindasnoticias.com.br\/index.php\/wp-json\/wp\/v2\/categories?post=6052"},{"taxonomy":"post_tag","embeddable":true,"href":"https:\/\/aguaslindasnoticias.com.br\/index.php\/wp-json\/wp\/v2\/tags?post=6052"}],"curies":[{"name":"wp","href":"https:\/\/api.w.org\/{rel}","templated":true}]}}