{"id":6046,"date":"2023-02-15T18:09:38","date_gmt":"2023-02-15T21:09:38","guid":{"rendered":"https:\/\/aguaslindasnoticias.com.br\/?p=6046"},"modified":"2023-02-22T18:19:27","modified_gmt":"2023-02-22T21:19:27","slug":"prefeitura-municipal-de-aguas-lindas-entrega-sua-31o-escola-reformada","status":"publish","type":"post","link":"https:\/\/aguaslindasnoticias.com.br\/index.php\/2023\/02\/15\/prefeitura-municipal-de-aguas-lindas-entrega-sua-31o-escola-reformada\/","title":{"rendered":"Prefeitura Municipal de \u00c1guas Lindas entrega sua 31\u00ba escola reformada"},"content":{"rendered":"\n<p><em>A prefeitura de \u00c1guas Lindas, continua com o compromisso de levar educa\u00e7\u00e3o de qualidade garantindo um futuro mais digno e igualit\u00e1rio para a popula\u00e7\u00e3o, nesta segunda-feira(13), foi entregue \u00e0 31\u00ba escola totalmente reformada.<\/em><\/p>\n\n\n\n<p>Por meio da Secretaria de Educa\u00e7\u00e3o, a prefeitura Municipal, concluiu a reforma da escola Municipal S\u00e3o Bartolomeu, entregando \u00e0 comunidade uma institui\u00e7\u00e3o de ensino completamente renovada. A obra foi realizada com recursos pr\u00f3prios do governo municipal.<\/p>\n\n\n\n<p>A cerim\u00f4nia de entrega foi conduzida pelo secret\u00e1rio de comunica\u00e7\u00e3o, Marcos Alexandre e contou com a participa\u00e7\u00e3o do prefeito, Lucas Antonietti, vereadores, secret\u00e1rios do munic\u00edpio, todo o corpo docente, alunos e a comunidade local que foram prestigiar o grande momento.&nbsp;<\/p>\n\n\n\n<p>A escola Municipal S\u00e3o Bartolomeu atende alunos do ensino fundamental, e recebeu melhorias em diversos aspectos. A estrutura f\u00edsica de um bloco inteiro foi completamente reformada, com reparos nas instala\u00e7\u00f5es el\u00e9tricas e hidr\u00e1ulicas, instala\u00e7\u00e3o de blindex, pintura, troca de pisos, reforma dos banheiros e amplia\u00e7\u00e3o da cozinha. Al\u00e9m disso, a escola recebeu novos mobili\u00e1rios, como carteiras e arm\u00e1rios, e 30 computadores novos para o laborat\u00f3rio de inform\u00e1tica. A prefeitura tamb\u00e9m garantiu que todas as salas de aula contassem com ar condicionado e descontaminadores de ar, garantindo a sa\u00fade e bem-estar dos alunos.&nbsp;<\/p>\n\n\n\n<p>A entrega da escola reformada foi bastante comemorada pela comunidade escolar. A diretora da escola, Liliane Faria, agradeceu pelo olhar diferenciado que a atual gest\u00e3o tem tido com a educa\u00e7\u00e3o.<\/p>\n\n\n\n<blockquote class=\"wp-block-quote is-layout-flow wp-block-quote-is-layout-flow\">\n<p>\u201cNossas escolas antes eram pr\u00e9dios extremamente prec\u00e1rios, inabit\u00e1veis, ainda temos muito trabalho pela frente, mas j\u00e1 temos um grande come\u00e7o. Hoje estamos recebendo uma escola segura, acess\u00edvel, com salas climatizadas, bem diferente do que era\u201d, disse.&nbsp;<\/p>\n<\/blockquote>\n\n\n\n<p>Para o amigo da escola, vereador Eder Nunes, \u00c1guas Lindas tem tido um grande avan\u00e7o em todas as \u00e1reas, em especial na educa\u00e7\u00e3o.&nbsp;<\/p>\n\n\n\n<blockquote class=\"wp-block-quote is-layout-flow wp-block-quote-is-layout-flow\">\n<p>\u201cAntes n\u00e3o t\u00ednhamos qualidade de ensino, de profissionais, de qualifica\u00e7\u00e3o, com os profissionais docentes como n\u00f3s temos hoje, tenho certeza que daqui para frente a gente vai melhorar ainda mais, que \u00e9 a nossa miss\u00e3o\u201d, reiterou.&nbsp;<\/p>\n<\/blockquote>\n\n\n\n<p><strong>\u201cNossa escola \u00e9 a nossa segunda casa\u201d<\/strong><\/p>\n\n\n\n<figure class=\"wp-block-image\"><img decoding=\"async\" src=\"https:\/\/lh3.googleusercontent.com\/9sDXQcCV8d43YW7oJWJmJuzRJ49hdylQZbuTtXWeAQ2Cw7ExLmrGh2avmP1mCq7uXyBDdAm7JrSZJSN2Oy2KSpECexz1JKl5IxcMzoez6YJHmWc3dbu3WiEb8ucRSzF1jpY6xkDtMMutn_KJtMgzww\" alt=\"\"\/><\/figure>\n\n\n\n<p>Durante a cerim\u00f4nia de entrega, Matheus Rodrigo, aluno do 5\u00ba D, leu uma carta emocionante em que relatou os momentos dif\u00edceis vividos nos \u00faltimos anos, se referindo a pandemia e reiterou que o apoio da comunidade escolar fez toda a diferen\u00e7a no processo.<\/p>\n\n\n\n<blockquote class=\"wp-block-quote is-layout-flow wp-block-quote-is-layout-flow\">\n<p>\u201cVivemos tempos dif\u00edceis, que exigiram um manual de sobreviv\u00eancia, n\u00f3s sobrevivemos, em nenhum momento, mesmo n\u00e3o podendo nos tocar ningu\u00e9m soltou a m\u00e3o de ningu\u00e9m, essa equipe est\u00e1 de parab\u00e9ns, estamos na entrega t\u00e3o sonhada\u201d, leu.&nbsp;<\/p>\n<\/blockquote>\n\n\n\n<p>O secret\u00e1rio Municipal de Educa\u00e7\u00e3o, Evandro Silva, falou dos desafios que \u00e9 estar a frente de uma pasta t\u00e3o essencial e importante.<\/p>\n\n\n\n<blockquote class=\"wp-block-quote is-layout-flow wp-block-quote-is-layout-flow\">\n<p>\u201cN\u00e3o existe melhoras sem desafios e dificuldades, esse \u00e9 um desafio que o prefeito tem dado a cada um de n\u00f3s, eu quero parabenizar e agradecer o empenho de todos, para que n\u00f3s consigamos fazer um trabalho cada vez melhor\u201d, completou.<\/p>\n<\/blockquote>\n\n\n\n<p>O prefeito Lucas Antonietti, encerrou a cerim\u00f4nia, destacando a import\u00e2ncia de se investir em educa\u00e7\u00e3o.<\/p>\n\n\n\n<blockquote class=\"wp-block-quote is-layout-flow wp-block-quote-is-layout-flow\">\n<p>\u201cHoje ver essa escola, ver que estamos avan\u00e7ando e evoluindo, ver o antes e&nbsp; depois \u00e9 extremamente gratificante, hoje al\u00e9m de um ambiente mais agrad\u00e1vel e prop\u00edcio para o aprendizado, entregamos uniformes para cada um dos nossos alunos, kit escolar, oferecemos uma qualidade completa de ensino\u201d, disse<\/p>\n<\/blockquote>\n\n\n\n<p>A expectativa \u00e9 de que at\u00e9 o final do ano a Prefeitura tenha reformado 42 escolas para que os alunos possam contar com um ambiente escolar cada vez mais adequado e confort\u00e1vel.<\/p>\n\n\n\n<p>Veja as fotos;<\/p>\n\n\n\n<p><strong>\u00c9 o Governo Municipal trabalhando para voc\u00ea!<\/strong><\/p>\n\n\n\n<p><strong>Prefeitura de \u00c1guas Lindas de Goi\u00e1s!<\/strong><\/p>\n\n\n\n<p><strong>Um novo tempo.<\/strong><\/p>\n\n\n\n<p><strong>Secom \u2013 Secretaria Municipal de Comunica\u00e7\u00e3o<\/strong><\/p>\n\n\n\n<p><strong>Jornalista: Larissa Nunes (DRT \u2013 0004118\/GO)<\/strong><\/p>\n\n\n\n<p><strong>Fotos: Beto Castanheiro<\/strong><\/p>\n\n\n\n<p><strong><a href=\"https:\/\/aguaslindasdegoias.go.gov.br\/prefeitura-municipal-de-aguas-lindas-entrega-sua-31o-escola-reformada\/\" data-type=\"URL\" data-id=\"https:\/\/aguaslindasdegoias.go.gov.br\/prefeitura-municipal-de-aguas-lindas-entrega-sua-31o-escola-reformada\/\">Fonte: Prefeitura de \u00c1guas Lindas de Goi\u00e1s<\/a><\/strong><\/p>\n","protected":false},"excerpt":{"rendered":"<p>A prefeitura de \u00c1guas Lindas, continua com o compromisso de levar educa\u00e7\u00e3o de qualidade garantindo um futuro mais digno e igualit\u00e1rio para a popula\u00e7\u00e3o, nesta segunda-feira(13), foi entregue \u00e0 31\u00ba escola totalmente reformada. Por meio da Secretaria de Educa\u00e7\u00e3o, a prefeitura Municipal, concluiu a reforma da escola Municipal S\u00e3o Bartolomeu, entregando \u00e0 comunidade uma institui\u00e7\u00e3o [&hellip;]<\/p>\n","protected":false},"author":1,"featured_media":6047,"comment_status":"open","ping_status":"open","sticky":false,"template":"","format":"standard","meta":{"footnotes":""},"categories":[2],"tags":[16,20,22],"class_list":["post-6046","post","type-post","status-publish","format-standard","has-post-thumbnail","hentry","category-aguaslindas","tag-aguaslindas","tag-goias-2","tag-prefeitura-municipal-de-aguas-lindas-de-goias"],"_links":{"self":[{"href":"https:\/\/aguaslindasnoticias.com.br\/index.php\/wp-json\/wp\/v2\/posts\/6046","targetHints":{"allow":["GET"]}}],"collection":[{"href":"https:\/\/aguaslindasnoticias.com.br\/index.php\/wp-json\/wp\/v2\/posts"}],"about":[{"href":"https:\/\/aguaslindasnoticias.com.br\/index.php\/wp-json\/wp\/v2\/types\/post"}],"author":[{"embeddable":true,"href":"https:\/\/aguaslindasnoticias.com.br\/index.php\/wp-json\/wp\/v2\/users\/1"}],"replies":[{"embeddable":true,"href":"https:\/\/aguaslindasnoticias.com.br\/index.php\/wp-json\/wp\/v2\/comments?post=6046"}],"version-history":[{"count":1,"href":"https:\/\/aguaslindasnoticias.com.br\/index.php\/wp-json\/wp\/v2\/posts\/6046\/revisions"}],"predecessor-version":[{"id":6048,"href":"https:\/\/aguaslindasnoticias.com.br\/index.php\/wp-json\/wp\/v2\/posts\/6046\/revisions\/6048"}],"wp:featuredmedia":[{"embeddable":true,"href":"https:\/\/aguaslindasnoticias.com.br\/index.php\/wp-json\/wp\/v2\/media\/6047"}],"wp:attachment":[{"href":"https:\/\/aguaslindasnoticias.com.br\/index.php\/wp-json\/wp\/v2\/media?parent=6046"}],"wp:term":[{"taxonomy":"category","embeddable":true,"href":"https:\/\/aguaslindasnoticias.com.br\/index.php\/wp-json\/wp\/v2\/categories?post=6046"},{"taxonomy":"post_tag","embeddable":true,"href":"https:\/\/aguaslindasnoticias.com.br\/index.php\/wp-json\/wp\/v2\/tags?post=6046"}],"curies":[{"name":"wp","href":"https:\/\/api.w.org\/{rel}","templated":true}]}}