{"id":6036,"date":"2023-02-07T14:06:58","date_gmt":"2023-02-07T17:06:58","guid":{"rendered":"https:\/\/aguaslindasnoticias.com.br\/?p=6036"},"modified":"2023-02-07T14:06:58","modified_gmt":"2023-02-07T17:06:58","slug":"indicadores-da-atencao-basica-de-saude-mostram-evolucao-para-o-municipio-de-aguas-lindas","status":"publish","type":"post","link":"https:\/\/aguaslindasnoticias.com.br\/index.php\/2023\/02\/07\/indicadores-da-atencao-basica-de-saude-mostram-evolucao-para-o-municipio-de-aguas-lindas\/","title":{"rendered":"Indicadores da Aten\u00e7\u00e3o B\u00e1sica de Sa\u00fade mostram evolu\u00e7\u00e3o para o munic\u00edpio de \u00c1guas Lindas"},"content":{"rendered":"\n<p><em>\u00c1guas Lindas obteve nota 7,14 na avalia\u00e7\u00e3o quadrimestral feita pelo Minist\u00e9rio da Sa\u00fade, sobre os servi\u00e7os da Aten\u00e7\u00e3o B\u00e1sica de Sa\u00fade prestados pelo munic\u00edpio.<\/em><\/p>\n\n\n\n<p>O Minist\u00e9rio da Sa\u00fade, atrav\u00e9s da Secretaria de Aten\u00e7\u00e3o Prim\u00e1ria \u00e0 Sa\u00fade (SAPS), divulgou o Indicador Sint\u00e9tico Final do 3\u00b0 quadrimestre de 2022 de \u00c1guas Lindas de Goi\u00e1s, o munic\u00edpio obteve a nota de 7,14, se mantendo no patamar para o recebimento de recursos federais. A avalia\u00e7\u00e3o \u00e9 feita em todo o territ\u00f3rio nacional, nos 5.568 munic\u00edpios.<\/p>\n\n\n\n<p>A aten\u00e7\u00e3o b\u00e1sica ou aten\u00e7\u00e3o prim\u00e1ria em sa\u00fade \u00e9 conhecida como a \u201cporta de entrada\u201d dos usu\u00e1rios nos sistemas de sa\u00fade. Ou seja, \u00e9 o atendimento inicial. Seu objetivo \u00e9 orientar sobre a preven\u00e7\u00e3o de doen\u00e7as, solucionar os poss\u00edveis casos de agravos e direcionar os mais graves para n\u00edveis de atendimento superiores em complexidade. A aten\u00e7\u00e3o b\u00e1sica funciona, portanto, como um filtro capaz de organizar o fluxo dos servi\u00e7os nas redes de sa\u00fade, dos mais simples aos mais complexos.<\/p>\n\n\n\n<p>Para compor a an\u00e1lise, o Minist\u00e9rio da Sa\u00fade leva em conta os seguintes fatores: propor\u00e7\u00e3o de gestantes com pelo menos seis consultas pr\u00e9-natal realizadas, sendo a primeira at\u00e9 a 12\u00aa semana de gesta\u00e7\u00e3o; propor\u00e7\u00e3o de gestantes com realiza\u00e7\u00e3o de exames para s\u00edfilis e HIV; propor\u00e7\u00e3o de gestantes com atendimento odontol\u00f3gico; propor\u00e7\u00e3o de mulheres com coleta de citopatol\u00f3gico; propor\u00e7\u00e3o de crian\u00e7as de um ano de idade vacinadas; propor\u00e7\u00e3o de pessoas com hipertens\u00e3o com consulta e press\u00e3o arterial aferida no semestre; e propor\u00e7\u00e3o de pessoas com diabetes com consulta e hemoglobina glicada solicitada no semestre.&nbsp;&nbsp;<\/p>\n\n\n\n<p>Em 2021 o indicador j\u00e1 havia tido um crescimento significativo saindo de 2,85 em 2020 e saltando para 6,75. Mesmo com o aumento das exig\u00eancias do Minist\u00e9rio da Sa\u00fade, as equipes de Unidades B\u00e1sicas de Sa\u00fade do munic\u00edpio de \u00c1guas Lindas vem avan\u00e7ando na melhoria dos servi\u00e7os da aten\u00e7\u00e3o b\u00e1sica, aprimorando e ampliando o atendimento aos moradores.&nbsp;<\/p>\n\n\n\n<p>A gest\u00e3o \u201cUm Novo Tempo\u201d, tem como prioridade uma sa\u00fade humanizada, o prefeito Lucas Antonietti, tem cobrado melhorias constantes na presta\u00e7\u00e3o dos servi\u00e7os.&nbsp;<\/p>\n\n\n\n<p>Segundo o Secret\u00e1rio de Sa\u00fade Carlos de Lima Barbosa, a obten\u00e7\u00e3o deste indicador comprova que o munic\u00edpio est\u00e1 avan\u00e7ando e investindo na aten\u00e7\u00e3o prim\u00e1ria,&nbsp; onde 80% dos problemas de sa\u00fade devem ser resolvidos.&nbsp;<\/p>\n\n\n\n<blockquote class=\"wp-block-quote is-layout-flow wp-block-quote-is-layout-flow\">\n<p>\u201cH\u00e1 uma tend\u00eancia de evolu\u00e7\u00e3o,&nbsp; j\u00e1 que acabamos de habilitar junto ao Minist\u00e9rio da Sa\u00fade mais 10 (dez) equipes ESF (Estrat\u00e9gia da Sa\u00fade da Fam\u00edlia) que aumentar\u00e1 nosso percentual de cobertura da Aten\u00e7\u00e3o Prim\u00e1ria\u201d, completou o secret\u00e1rio.&nbsp;<\/p>\n<\/blockquote>\n\n\n\n<p><strong>Mais investimento na Aten\u00e7\u00e3o Prim\u00e1ria \u00e0 Sa\u00fade<\/strong><\/p>\n\n\n\n<p>Somente em 2022 foram implantadas 03 novas equipes de Estrat\u00e9gia de Sa\u00fade da Fam\u00edlia, ampliando a cobertura de 76 mil pessoas para 88 mil pessoas. Al\u00e9m disso, mais de 50 profissionais (M\u00e9dicos e enfermeiros) da Aten\u00e7\u00e3o B\u00e1sica foram treinados e aptos para Inser\u00e7\u00e3o de DIU (Dispositivo IntraUterino).<\/p>\n\n\n\n<p>\u00c9 o Governo Municipal trabalhando para voc\u00ea!<\/p>\n\n\n\n<p>Prefeitura de \u00c1guas Lindas de Goi\u00e1s!<\/p>\n\n\n\n<p>Um novo tempo.<\/p>\n\n\n\n<p>Com informa\u00e7\u00f5es da Secretaria Municipal de Sa\u00fade<\/p>\n\n\n\n<p>Secom \u2013 Secretaria Municipal de Comunica\u00e7\u00e3o<\/p>\n\n\n\n<p>Jornalista: Larissa Nunes (DRT \u2013 0004118\/GO)<\/p>\n\n\n\n<p>Fonte: <a href=\"https:\/\/aguaslindasnoticias.com.br\/?page_id=6038\" data-type=\"page\" data-id=\"6038\" target=\"_blank\" rel=\"noreferrer noopener\">Prefeitura de \u00c1guas Lindas de Goi\u00e1s<\/a><\/p>\n","protected":false},"excerpt":{"rendered":"<p>\u00c1guas Lindas obteve nota 7,14 na avalia\u00e7\u00e3o quadrimestral feita pelo Minist\u00e9rio da Sa\u00fade, sobre os servi\u00e7os da Aten\u00e7\u00e3o B\u00e1sica de Sa\u00fade prestados pelo munic\u00edpio. O Minist\u00e9rio da Sa\u00fade, atrav\u00e9s da Secretaria de Aten\u00e7\u00e3o Prim\u00e1ria \u00e0 Sa\u00fade (SAPS), divulgou o Indicador Sint\u00e9tico Final do 3\u00b0 quadrimestre de 2022 de \u00c1guas Lindas de Goi\u00e1s, o munic\u00edpio obteve [&hellip;]<\/p>\n","protected":false},"author":1,"featured_media":6039,"comment_status":"open","ping_status":"open","sticky":false,"template":"","format":"standard","meta":{"footnotes":""},"categories":[2],"tags":[16,19,22],"class_list":["post-6036","post","type-post","status-publish","format-standard","has-post-thumbnail","hentry","category-aguaslindas","tag-aguaslindas","tag-goias","tag-prefeitura-municipal-de-aguas-lindas-de-goias"],"_links":{"self":[{"href":"https:\/\/aguaslindasnoticias.com.br\/index.php\/wp-json\/wp\/v2\/posts\/6036","targetHints":{"allow":["GET"]}}],"collection":[{"href":"https:\/\/aguaslindasnoticias.com.br\/index.php\/wp-json\/wp\/v2\/posts"}],"about":[{"href":"https:\/\/aguaslindasnoticias.com.br\/index.php\/wp-json\/wp\/v2\/types\/post"}],"author":[{"embeddable":true,"href":"https:\/\/aguaslindasnoticias.com.br\/index.php\/wp-json\/wp\/v2\/users\/1"}],"replies":[{"embeddable":true,"href":"https:\/\/aguaslindasnoticias.com.br\/index.php\/wp-json\/wp\/v2\/comments?post=6036"}],"version-history":[{"count":1,"href":"https:\/\/aguaslindasnoticias.com.br\/index.php\/wp-json\/wp\/v2\/posts\/6036\/revisions"}],"predecessor-version":[{"id":6040,"href":"https:\/\/aguaslindasnoticias.com.br\/index.php\/wp-json\/wp\/v2\/posts\/6036\/revisions\/6040"}],"wp:featuredmedia":[{"embeddable":true,"href":"https:\/\/aguaslindasnoticias.com.br\/index.php\/wp-json\/wp\/v2\/media\/6039"}],"wp:attachment":[{"href":"https:\/\/aguaslindasnoticias.com.br\/index.php\/wp-json\/wp\/v2\/media?parent=6036"}],"wp:term":[{"taxonomy":"category","embeddable":true,"href":"https:\/\/aguaslindasnoticias.com.br\/index.php\/wp-json\/wp\/v2\/categories?post=6036"},{"taxonomy":"post_tag","embeddable":true,"href":"https:\/\/aguaslindasnoticias.com.br\/index.php\/wp-json\/wp\/v2\/tags?post=6036"}],"curies":[{"name":"wp","href":"https:\/\/api.w.org\/{rel}","templated":true}]}}