{"id":6023,"date":"2023-02-06T13:42:46","date_gmt":"2023-02-06T16:42:46","guid":{"rendered":"https:\/\/aguaslindasnoticias.com.br\/?p=6023"},"modified":"2023-02-06T13:47:38","modified_gmt":"2023-02-06T16:47:38","slug":"integrantes-das-principais-comissoes-sao-definidos","status":"publish","type":"post","link":"https:\/\/aguaslindasnoticias.com.br\/index.php\/2023\/02\/06\/integrantes-das-principais-comissoes-sao-definidos\/","title":{"rendered":"Integrantes das principais comiss\u00f5es s\u00e3o definidos"},"content":{"rendered":"\n<p>No in\u00edcio da sess\u00e3o extraordin\u00e1ria, o presidente da Assembleia Legislativa, Bruno Peixoto (UB), apresentou aos pares a composi\u00e7\u00e3o das Comiss\u00f5es de Constitui\u00e7\u00e3o, Justi\u00e7a e Reda\u00e7\u00e3o (CCJ), que ser\u00e1 comandada pelo deputado Wagner Neto (PRTB), e de Tributa\u00e7\u00e3o, Finan\u00e7as e Or\u00e7amento, ainda com seu presidente a ser escolhido. Os trabalhos est\u00e3o em andamento no plen\u00e1rio Iris Rezende, na tarde desta sexta-feira, 3.<\/p>\n\n\n\n<p><strong>Comiss\u00e3o de Constitui\u00e7\u00e3o, Justi\u00e7a e Reda\u00e7\u00e3o<\/strong><\/p>\n\n\n\n<p>Presidente: Wagner Neto (PRTB)<\/p>\n\n\n\n<p>Vice-presidente: Amilton Filho (MDB)<\/p>\n\n\n\n<p>Titulares: Wilde Camb\u00e3o (PSD), Coronel Adailton (PRTB), Issy Quinan (MDB), Lincoln Tejota (UB), Talles Barreto (UB), Major Ara\u00fajo (PL), Mauro Rubem (PT), Vivian Naves (PP), Cristiano Galindo (Solidariedade), Jos\u00e9 Machado (PSDB) e Veter Martins (Patriota).<\/p>\n\n\n\n<p>Suplentes: Dr. George Morais (PDT), Lucas do Vale (MDB), Cairo Salim (PSD), Henrique C\u00e9sar (PSC), Lineu Ol\u00edmpio (MDB), Renato de Castro (UB), Amauri Ribeiro (UB), Delegado Eduardo Prado (PL), Ant\u00f4nio Gomide (PT), Alessandro Moreira (PP), Anderson Teodoro (Avante), Karlos Cabral (PSB) e Ros\u00e2ngela Rezende (Agir).<\/p>\n\n\n\n<p><strong>Comiss\u00e3o de Tributa\u00e7\u00e3o, Finan\u00e7as e Or\u00e7amento<\/strong><\/p>\n\n\n\n<p>Titulares: Renato de Castro (UB), Alessandro Moreira (PP), Wilde Camb\u00e3o (PSD), Lucas do Vale (MDB), Lineu Ol\u00edmpio (MDB), Lincoln Tejota (UB), Zeli Fritsche (PRTB), Delegado Eduardo Prado (PL), Ant\u00f4nio Gomide (PT), Ros\u00e2ngela Rezende (Agir), Talles Barreto (UB), Andr\u00e9 do Premium (Avante) e Ricardo Quirino (Republicanos).<\/p>\n\n\n\n<p>Suplentes: Wagner Neto (PRTB), Jamil Calife (PP), Cairo Salim (PSD), Amilton Filho (MDB), Lucas Calil (MDB), Amauri Ribeiro (UB), Coronel Adailton (PRTB), Paulo Cezar (PL), Bia de Lima (PT), Gugu Nader (Agir), Henrique C\u00e9sar (PSC), Dr. George Morais (PDT) e Fred Rodrigues (DC).<\/p>\n\n\n\n<p><\/p>\n\n\n\n<p>Fonte: <a href=\"https:\/\/portal.al.go.leg.br\/noticias\/129577\/integrantes-das-principais-comissoes-sao-definidos\" data-type=\"URL\" data-id=\"https:\/\/portal.al.go.leg.br\/noticias\/129577\/integrantes-das-principais-comissoes-sao-definidos\" target=\"_blank\" rel=\"noreferrer noopener\">Ag\u00eancia Assembleia de Not\u00edcias<\/a><\/p>\n","protected":false},"excerpt":{"rendered":"<p>No in\u00edcio da sess\u00e3o extraordin\u00e1ria, o presidente da Assembleia Legislativa, Bruno Peixoto (UB), apresentou aos pares a composi\u00e7\u00e3o das Comiss\u00f5es de Constitui\u00e7\u00e3o, Justi\u00e7a e Reda\u00e7\u00e3o (CCJ), que ser\u00e1 comandada pelo deputado Wagner Neto (PRTB), e de Tributa\u00e7\u00e3o, Finan\u00e7as e Or\u00e7amento, ainda com seu presidente a ser escolhido. Os trabalhos est\u00e3o em andamento no plen\u00e1rio Iris [&hellip;]<\/p>\n","protected":false},"author":1,"featured_media":6026,"comment_status":"open","ping_status":"open","sticky":false,"template":"","format":"standard","meta":{"footnotes":""},"categories":[4,10],"tags":[26,19,15],"class_list":["post-6023","post","type-post","status-publish","format-standard","has-post-thumbnail","hentry","category-goias","category-politica","tag-alego","tag-goias","tag-politica"],"_links":{"self":[{"href":"https:\/\/aguaslindasnoticias.com.br\/index.php\/wp-json\/wp\/v2\/posts\/6023","targetHints":{"allow":["GET"]}}],"collection":[{"href":"https:\/\/aguaslindasnoticias.com.br\/index.php\/wp-json\/wp\/v2\/posts"}],"about":[{"href":"https:\/\/aguaslindasnoticias.com.br\/index.php\/wp-json\/wp\/v2\/types\/post"}],"author":[{"embeddable":true,"href":"https:\/\/aguaslindasnoticias.com.br\/index.php\/wp-json\/wp\/v2\/users\/1"}],"replies":[{"embeddable":true,"href":"https:\/\/aguaslindasnoticias.com.br\/index.php\/wp-json\/wp\/v2\/comments?post=6023"}],"version-history":[{"count":2,"href":"https:\/\/aguaslindasnoticias.com.br\/index.php\/wp-json\/wp\/v2\/posts\/6023\/revisions"}],"predecessor-version":[{"id":6027,"href":"https:\/\/aguaslindasnoticias.com.br\/index.php\/wp-json\/wp\/v2\/posts\/6023\/revisions\/6027"}],"wp:featuredmedia":[{"embeddable":true,"href":"https:\/\/aguaslindasnoticias.com.br\/index.php\/wp-json\/wp\/v2\/media\/6026"}],"wp:attachment":[{"href":"https:\/\/aguaslindasnoticias.com.br\/index.php\/wp-json\/wp\/v2\/media?parent=6023"}],"wp:term":[{"taxonomy":"category","embeddable":true,"href":"https:\/\/aguaslindasnoticias.com.br\/index.php\/wp-json\/wp\/v2\/categories?post=6023"},{"taxonomy":"post_tag","embeddable":true,"href":"https:\/\/aguaslindasnoticias.com.br\/index.php\/wp-json\/wp\/v2\/tags?post=6023"}],"curies":[{"name":"wp","href":"https:\/\/api.w.org\/{rel}","templated":true}]}}