{"id":6020,"date":"2023-02-06T13:34:26","date_gmt":"2023-02-06T16:34:26","guid":{"rendered":"https:\/\/aguaslindasnoticias.com.br\/?p=6020"},"modified":"2023-02-06T13:34:26","modified_gmt":"2023-02-06T16:34:26","slug":"prefeitura-de-aguas-lindas-entrega-kits-de-materiais-escolares-do-projeto-alfamais","status":"publish","type":"post","link":"https:\/\/aguaslindasnoticias.com.br\/index.php\/2023\/02\/06\/prefeitura-de-aguas-lindas-entrega-kits-de-materiais-escolares-do-projeto-alfamais\/","title":{"rendered":"Prefeitura de \u00c1guas Lindas entrega kits de materiais escolares do Projeto AlfaMais"},"content":{"rendered":"\n<p><em>Nesta ter\u00e7a-feira(31), a Prefeitura Municipal de \u00c1guas Lindas de Goi\u00e1s realizou em parceria com o Governo do Estado, por meio da Secretaria Municipal de Educa\u00e7\u00e3o, a cerim\u00f4nia de entrega de kits de materiais escolares do programa AlfaMais&nbsp; para os alunos dos 1 \u00b0 e 2 \u00b0 anos do Ensino Fundamental.&nbsp;<\/em><\/p>\n\n\n\n<p>O Programa AlfaMais Goi\u00e1s \u00e9 um Regime de Colabora\u00e7\u00e3o com os munic\u00edpios goianos que tem como objetivo reduzir os \u00edndices de alfabetiza\u00e7\u00e3o incompleta e letramento insuficiente entre as crian\u00e7as matriculadas nas redes p\u00fablicas. Visa assegurar a alfabetiza\u00e7\u00e3o completa das crian\u00e7as na idade certa at\u00e9 o 2\u00ba ano do Ensino Fundamental I.<\/p>\n\n\n\n<p>Estiveram presentes na cerim\u00f4nia de entrega o prefeito, Lucas Antonietti, vice-prefeito Jorge Amaro, secret\u00e1rio de educa\u00e7\u00e3o, Evandro Silva, vereadores e secret\u00e1rios.<\/p>\n\n\n\n<p>O prefeito, Lucas Antonietti, destacou em sua fala que \u00e9 essencial democratizar a educa\u00e7\u00e3o.<\/p>\n\n\n\n<blockquote class=\"wp-block-quote is-layout-flow wp-block-quote-is-layout-flow\">\n<p>\u201cEsse kit \u00e9 a democratiza\u00e7\u00e3o da nossa educa\u00e7\u00e3o, assim como fizemos com os uniformes, o governador Ronaldo Caiado entende assim como eu, que a \u00fanica plataforma de melhorarmos de vida \u00e9 atrav\u00e9s da educa\u00e7\u00e3o, s\u00e3o os primeiros passos e eu fico muito feliz de contribuir de alguma forma\u201d, completou.&nbsp;<\/p>\n<\/blockquote>\n\n\n\n<p>Para o vice-prefeito, Jorge Amaro, \u00e9 motivo de muita alegria e gratid\u00e3o a chegada do material, ele apontou que muitas crian\u00e7as deixam de ir a escola por falta de material escolar.<\/p>\n\n\n\n<p>O secret\u00e1rio de educa\u00e7\u00e3o, Evandro Sillva, ressaltou que a parceria do estado juntamente com a Prefeitura Municipal e C\u00e2mara Municipal foi essencial para que fosse poss\u00edvel fazer essa entrega.&nbsp;<\/p>\n\n\n\n<figure class=\"wp-block-image\"><img decoding=\"async\" src=\"https:\/\/lh6.googleusercontent.com\/6SF1DV0SGmFMGpLXEcjGnfsSaG5JJ8QpIXK02ONVuhUXJxZ10WwkRZu3WqZ2qz3-daqxwdLbvieXj_B4rT3QkhRvjCt_WZS0Ow16q_WIUBosu-Z3sXiwI4JSEZWnK3y-RDp-kS2h6trdKVl0kjqHnhc\" alt=\"\"\/><\/figure>\n\n\n\n<p>Ser\u00e3o entregues 5.746 kits para os alunos da rede municipal, Cada kit \u00e9 composto por dois apontadores, tr\u00eas borrachas, quatro cadernos brochuras, um caderno de desenho, dois frascos de cola (branca e colorida), duas caixas de l\u00e1pis de cor, um l\u00e1pis grafite preto,uma tesoura e dois conjuntos de canetinhas hidrogr\u00e1ficas.<\/p>\n\n\n\n<p>O Programa AlfaMais tamb\u00e9m inclui a forma\u00e7\u00e3o de professores, elabora\u00e7\u00e3o e entrega de materiais did\u00e1ticos complementares, premia\u00e7\u00e3o de escolas com os melhores resultados e fomento \u00e0s unidades escolares com menores \u00edndices de alfabetiza\u00e7\u00e3o, a&nbsp; inten\u00e7\u00e3o \u00e9 garantir a equidade na comunidade escolar, ampliar o acesso \u00e0 educa\u00e7\u00e3o p\u00fablica, gratuita e de qualidade, al\u00e9m de prevenir a evas\u00e3o.<\/p>\n\n\n\n<p>\u00c9 o Governo Municipal trabalhando para voc\u00ea!<\/p>\n\n\n\n<p>Prefeitura de \u00c1guas Lindas de Goi\u00e1s!<\/p>\n\n\n\n<p>Um novo tempo.<\/p>\n\n\n\n<p>Secom \u2013 Secretaria Municipal de Comunica\u00e7\u00e3o<\/p>\n\n\n\n<p>Jornalista: Larissa Nunes (DRT \u2013 0004118\/GO)<\/p>\n\n\n\n<p>Fotos: Beto Castanheiro<\/p>\n\n\n\n<p>Fonte: <a href=\"https:\/\/aguaslindasdegoias.go.gov.br\/prefeitura-de-aguas-lindas-entrega-kits-de-materiais-escolares-do-projeto-alfamais\/\" data-type=\"URL\" data-id=\"https:\/\/aguaslindasdegoias.go.gov.br\/prefeitura-de-aguas-lindas-entrega-kits-de-materiais-escolares-do-projeto-alfamais\/\" target=\"_blank\" rel=\"noreferrer noopener\">Prefeitura de \u00c1guas Lindas de Goi\u00e1s<\/a><\/p>\n","protected":false},"excerpt":{"rendered":"<p>Nesta ter\u00e7a-feira(31), a Prefeitura Municipal de \u00c1guas Lindas de Goi\u00e1s realizou em parceria com o Governo do Estado, por meio da Secretaria Municipal de Educa\u00e7\u00e3o, a cerim\u00f4nia de entrega de kits de materiais escolares do programa AlfaMais&nbsp; para os alunos dos 1 \u00b0 e 2 \u00b0 anos do Ensino Fundamental.&nbsp; O Programa AlfaMais Goi\u00e1s \u00e9 [&hellip;]<\/p>\n","protected":false},"author":1,"featured_media":6021,"comment_status":"open","ping_status":"open","sticky":false,"template":"","format":"standard","meta":{"footnotes":""},"categories":[2],"tags":[16,19,29],"class_list":["post-6020","post","type-post","status-publish","format-standard","has-post-thumbnail","hentry","category-aguaslindas","tag-aguaslindas","tag-goias","tag-prefeitura-municipal-de-aguas-lindas-de-goias-2"],"_links":{"self":[{"href":"https:\/\/aguaslindasnoticias.com.br\/index.php\/wp-json\/wp\/v2\/posts\/6020","targetHints":{"allow":["GET"]}}],"collection":[{"href":"https:\/\/aguaslindasnoticias.com.br\/index.php\/wp-json\/wp\/v2\/posts"}],"about":[{"href":"https:\/\/aguaslindasnoticias.com.br\/index.php\/wp-json\/wp\/v2\/types\/post"}],"author":[{"embeddable":true,"href":"https:\/\/aguaslindasnoticias.com.br\/index.php\/wp-json\/wp\/v2\/users\/1"}],"replies":[{"embeddable":true,"href":"https:\/\/aguaslindasnoticias.com.br\/index.php\/wp-json\/wp\/v2\/comments?post=6020"}],"version-history":[{"count":1,"href":"https:\/\/aguaslindasnoticias.com.br\/index.php\/wp-json\/wp\/v2\/posts\/6020\/revisions"}],"predecessor-version":[{"id":6022,"href":"https:\/\/aguaslindasnoticias.com.br\/index.php\/wp-json\/wp\/v2\/posts\/6020\/revisions\/6022"}],"wp:featuredmedia":[{"embeddable":true,"href":"https:\/\/aguaslindasnoticias.com.br\/index.php\/wp-json\/wp\/v2\/media\/6021"}],"wp:attachment":[{"href":"https:\/\/aguaslindasnoticias.com.br\/index.php\/wp-json\/wp\/v2\/media?parent=6020"}],"wp:term":[{"taxonomy":"category","embeddable":true,"href":"https:\/\/aguaslindasnoticias.com.br\/index.php\/wp-json\/wp\/v2\/categories?post=6020"},{"taxonomy":"post_tag","embeddable":true,"href":"https:\/\/aguaslindasnoticias.com.br\/index.php\/wp-json\/wp\/v2\/tags?post=6020"}],"curies":[{"name":"wp","href":"https:\/\/api.w.org\/{rel}","templated":true}]}}