{"id":5938,"date":"2023-01-04T10:16:11","date_gmt":"2023-01-04T13:16:11","guid":{"rendered":"https:\/\/aguaslindasnoticias.com.br\/index.php\/2023\/01\/04\/tre-df-julga-prestacao-de-contas-de-joao-alves-eleito-deputado-distrital\/"},"modified":"2023-01-04T10:16:11","modified_gmt":"2023-01-04T13:16:11","slug":"tre-df-julga-prestacao-de-contas-de-joao-alves-eleito-deputado-distrital","status":"publish","type":"post","link":"https:\/\/aguaslindasnoticias.com.br\/index.php\/2023\/01\/04\/tre-df-julga-prestacao-de-contas-de-joao-alves-eleito-deputado-distrital\/","title":{"rendered":"TRE-DF julga presta\u00e7\u00e3o de contas de Jo\u00e3o Alves, eleito Deputado Distrital"},"content":{"rendered":"\n<p>O julgamento aconteceu na sess\u00e3o judicial desta ter\u00e7a-feira (6)<\/p>\n\n\n\n<figure class=\"wp-block-image\" id=\"imagem-principal-texto\"><img decoding=\"async\" src=\"https:\/\/www.tre-df.jus.br\/imagens\/fotos\/tre-df-julga-prestacao-de-contas-de-joao-alves-eleito-deputado-distrital\/@@images\/8c8becd4-a4f8-4c8f-ad30-f26999a098c5.jpeg\" alt=\"O julgamento aconteceu na sess\u00e3o judicial desta ter\u00e7a-feira (6)\" title=\"TRE-DF julga presta\u00e7\u00e3o de contas de Jo\u00e3o Alves, eleito Deputado Distrital\"\/><\/figure>\n\n\n\n<p>Nesta ter\u00e7a-feira (6), o Tribunal Regional Eleitoral do Distrito Federal (TRE-DF) julgou a presta\u00e7\u00e3o de contas eleitorais do candidato Jo\u00e3o Alves Cardoso, eleito deputado distrital pelo Partido AVANTE nas Elei\u00e7\u00f5es 2022.<\/p>\n\n\n\n<p>Em an\u00e1lise preliminar da presta\u00e7\u00e3o, a Se\u00e7\u00e3o de Exame de Contas Eleitorais e Partid\u00e1rias (SECEP), ao detectar ind\u00edcios de irregularidades, indicou a necessidade de dilig\u00eancias complementares. O candidato apresentou presta\u00e7\u00e3o de contas retificadora, seguida de notas explicativas, comprovantes, demonstrativos e extratos. Em parecer conclusivo, a Unidade T\u00e9cnica sugeriu a aprova\u00e7\u00e3o das contas. O Minist\u00e9rio P\u00fablico Eleitoral, igualmente, manifestou-se pela aprova\u00e7\u00e3o.<\/p>\n\n\n\n<p>Em seu voto,&nbsp; o Relator, Corregedor do TRE-DF, Desembargador Eleitoral Mario-Zam Belmiro,&nbsp; concluiu que, tendo em vista que o candidato logrou \u00eaxito em afastar suposta irregularidade com argumentos e documenta\u00e7\u00e3o robustos, imp\u00f5e-se a aprova\u00e7\u00e3o das contas eleitorais, nos termos da legisla\u00e7\u00e3o regente e da jurisprud\u00eancia deste&nbsp;egr\u00e9gio&nbsp;Regional. E, ante o exposto,, julgou aprovadas as contas do candidato Jo\u00e3o Alves Cardoso, com fulcro fulcro no art. 30, I, da Lei n\u00ba 9.504\/97 e no art. 74, I, da Resolu\u00e7\u00e3o TSE n\u00ba 23.607\/2019. O voto foi seguido por unanimidade pelo colegiado.<\/p>\n\n\n\n<p>Fonte: TRE-DF<\/p>\n","protected":false},"excerpt":{"rendered":"<p>O julgamento aconteceu na sess\u00e3o judicial desta ter\u00e7a-feira (6) Nesta ter\u00e7a-feira (6), o Tribunal Regional Eleitoral do Distrito Federal (TRE-DF) julgou a presta\u00e7\u00e3o de contas eleitorais do candidato Jo\u00e3o Alves Cardoso, eleito deputado distrital pelo Partido AVANTE nas Elei\u00e7\u00f5es 2022. Em an\u00e1lise preliminar da presta\u00e7\u00e3o, a Se\u00e7\u00e3o de Exame de Contas Eleitorais e Partid\u00e1rias (SECEP), [&hellip;]<\/p>\n","protected":false},"author":1,"featured_media":0,"comment_status":"open","ping_status":"open","sticky":false,"template":"","format":"standard","meta":{"footnotes":""},"categories":[],"tags":[],"class_list":["post-5938","post","type-post","status-publish","format-standard","hentry"],"_links":{"self":[{"href":"https:\/\/aguaslindasnoticias.com.br\/index.php\/wp-json\/wp\/v2\/posts\/5938","targetHints":{"allow":["GET"]}}],"collection":[{"href":"https:\/\/aguaslindasnoticias.com.br\/index.php\/wp-json\/wp\/v2\/posts"}],"about":[{"href":"https:\/\/aguaslindasnoticias.com.br\/index.php\/wp-json\/wp\/v2\/types\/post"}],"author":[{"embeddable":true,"href":"https:\/\/aguaslindasnoticias.com.br\/index.php\/wp-json\/wp\/v2\/users\/1"}],"replies":[{"embeddable":true,"href":"https:\/\/aguaslindasnoticias.com.br\/index.php\/wp-json\/wp\/v2\/comments?post=5938"}],"version-history":[{"count":0,"href":"https:\/\/aguaslindasnoticias.com.br\/index.php\/wp-json\/wp\/v2\/posts\/5938\/revisions"}],"wp:attachment":[{"href":"https:\/\/aguaslindasnoticias.com.br\/index.php\/wp-json\/wp\/v2\/media?parent=5938"}],"wp:term":[{"taxonomy":"category","embeddable":true,"href":"https:\/\/aguaslindasnoticias.com.br\/index.php\/wp-json\/wp\/v2\/categories?post=5938"},{"taxonomy":"post_tag","embeddable":true,"href":"https:\/\/aguaslindasnoticias.com.br\/index.php\/wp-json\/wp\/v2\/tags?post=5938"}],"curies":[{"name":"wp","href":"https:\/\/api.w.org\/{rel}","templated":true}]}}