{"id":5937,"date":"2023-01-04T10:16:11","date_gmt":"2023-01-04T13:16:11","guid":{"rendered":"https:\/\/aguaslindasnoticias.com.br\/index.php\/2023\/01\/04\/projeto-autoriza-sepultamento-de-religiosos-em-conventos-mosteiros-e-seminarios\/"},"modified":"2023-01-04T10:16:11","modified_gmt":"2023-01-04T13:16:11","slug":"projeto-autoriza-sepultamento-de-religiosos-em-conventos-mosteiros-e-seminarios","status":"publish","type":"post","link":"https:\/\/aguaslindasnoticias.com.br\/index.php\/2023\/01\/04\/projeto-autoriza-sepultamento-de-religiosos-em-conventos-mosteiros-e-seminarios\/","title":{"rendered":"Projeto autoriza sepultamento de religiosos em conventos, mosteiros e semin\u00e1rios"},"content":{"rendered":"\n<p>Foto: Renan Lisboa (estagi\u00e1rio)\/CLDF<\/p>\n\n\n\n<figure class=\"wp-block-image\"><img decoding=\"async\" src=\"https:\/\/www.cl.df.gov.br\/documents\/10162\/26293561\/2211411RL+%2866%29.jpg\/082a17fc-bfbd-abbd-cc60-fe97a9487154?t=1670445385529\" alt=\"\"\/><\/figure>\n\n\n\n<p>Jo\u00e3o Cardoso explica que a aprova\u00e7\u00e3o &#8220;\u00e9 fundamental, pois a lembran\u00e7a daquele corpo \u00e9 valioso para os que ali residem, e muitas vezes para toda igreja\u201d<\/p>\n\n\n\n<pre class=\"wp-block-preformatted\"><strong>Atualizado em 08\/12\/2022 \u00e0s 9h45<\/strong>\u200b\u200b\u200b\u200b\u200b\u200b\u200b\n<\/pre>\n\n\n\n<p>\u200b\u200b\u200b\u200b\u200b\u200b\u200bA C\u00e2mara Legislativa do Distrito Federal aprovou, na noite desta quarta-feira (07), em segundo turno, o projeto de lei n\u00ba 2.035\/2021, de autoria do deputado Jo\u00e3o Cardoso (AVANTE), que autoriza o sepultamento de religiosos e religiosas que se encontrem ou foram formados em semin\u00e1rios, conventos e monast\u00e9rios do Distrito Federal.&nbsp;<\/p>\n\n\n\n<p>Entre os locais designados est\u00e3o o Semin\u00e1rio Mission\u00e1rio Arquidiocesano Redemptoris Mater de Bras\u00edlia, o Carmelho de Nossa Senhora do Carmo, o Mosteiro de S\u00e3o Bento, o Semin\u00e1rio Maior Arquidiocesano de Bras\u00edlia Nossa Senhora de F\u00e1tima e o Mosteiro de Santa Clara do Deus Trino.<\/p>\n\n\n\n<p>O autor do projeto, no entanto, ressalta que o sepultamento pode ocorrer em todos aqueles espa\u00e7os religiosos que formarem sacerdotes ou irm\u00e3s. O direito se estende tamb\u00e9m \u00e0s freiras em clausura.<\/p>\n\n\n\n<p>Jo\u00e3o Cardoso destaca ainda a import\u00e2ncia de se sepultar os corpos dos religiosos nos locais onde se formaram. \u201cO sepultamento ou inuma\u00e7\u00e3o dos corpos de religiosos e religiosas em lugares de destaque, perto dos lugares de forma\u00e7\u00e3o, \u00e9 fundamental, pois a lembran\u00e7a daquele corpo \u00e9 valioso para os que ali residem, e muitas vezes para toda igreja\u201d, afirma Jo\u00e3o Cardoso. O projeto aprovado segue para san\u00e7\u00e3o ou veto do governador.&nbsp;<\/p>\n\n\n\n<p><strong>Eder Wen &#8211; Ag\u00eancia CLDF<\/strong><\/p>\n","protected":false},"excerpt":{"rendered":"<p>Foto: Renan Lisboa (estagi\u00e1rio)\/CLDF Jo\u00e3o Cardoso explica que a aprova\u00e7\u00e3o &#8220;\u00e9 fundamental, pois a lembran\u00e7a daquele corpo \u00e9 valioso para os que ali residem, e muitas vezes para toda igreja\u201d Atualizado em 08\/12\/2022 \u00e0s 9h45\u200b\u200b\u200b\u200b\u200b\u200b\u200b \u200b\u200b\u200b\u200b\u200b\u200b\u200bA C\u00e2mara Legislativa do Distrito Federal aprovou, na noite desta quarta-feira (07), em segundo turno, o projeto de lei n\u00ba [&hellip;]<\/p>\n","protected":false},"author":1,"featured_media":0,"comment_status":"open","ping_status":"open","sticky":false,"template":"","format":"standard","meta":{"footnotes":""},"categories":[],"tags":[],"class_list":["post-5937","post","type-post","status-publish","format-standard","hentry"],"_links":{"self":[{"href":"https:\/\/aguaslindasnoticias.com.br\/index.php\/wp-json\/wp\/v2\/posts\/5937","targetHints":{"allow":["GET"]}}],"collection":[{"href":"https:\/\/aguaslindasnoticias.com.br\/index.php\/wp-json\/wp\/v2\/posts"}],"about":[{"href":"https:\/\/aguaslindasnoticias.com.br\/index.php\/wp-json\/wp\/v2\/types\/post"}],"author":[{"embeddable":true,"href":"https:\/\/aguaslindasnoticias.com.br\/index.php\/wp-json\/wp\/v2\/users\/1"}],"replies":[{"embeddable":true,"href":"https:\/\/aguaslindasnoticias.com.br\/index.php\/wp-json\/wp\/v2\/comments?post=5937"}],"version-history":[{"count":0,"href":"https:\/\/aguaslindasnoticias.com.br\/index.php\/wp-json\/wp\/v2\/posts\/5937\/revisions"}],"wp:attachment":[{"href":"https:\/\/aguaslindasnoticias.com.br\/index.php\/wp-json\/wp\/v2\/media?parent=5937"}],"wp:term":[{"taxonomy":"category","embeddable":true,"href":"https:\/\/aguaslindasnoticias.com.br\/index.php\/wp-json\/wp\/v2\/categories?post=5937"},{"taxonomy":"post_tag","embeddable":true,"href":"https:\/\/aguaslindasnoticias.com.br\/index.php\/wp-json\/wp\/v2\/tags?post=5937"}],"curies":[{"name":"wp","href":"https:\/\/api.w.org\/{rel}","templated":true}]}}