{"id":5936,"date":"2023-01-04T10:16:11","date_gmt":"2023-01-04T13:16:11","guid":{"rendered":"https:\/\/aguaslindasnoticias.com.br\/index.php\/2023\/01\/04\/bombeiros-do-df-participam-de-capacitacao-na-area-de-energia-solar\/"},"modified":"2023-01-04T10:16:11","modified_gmt":"2023-01-04T13:16:11","slug":"bombeiros-do-df-participam-de-capacitacao-na-area-de-energia-solar","status":"publish","type":"post","link":"https:\/\/aguaslindasnoticias.com.br\/index.php\/2023\/01\/04\/bombeiros-do-df-participam-de-capacitacao-na-area-de-energia-solar\/","title":{"rendered":"Bombeiros do DF participam de capacita\u00e7\u00e3o na \u00e1rea de energia solar"},"content":{"rendered":"\n<p>Militares de Minas Gerais, Goi\u00e1s e Sergipe tamb\u00e9m est\u00e3o entre os 375 alunos da forma\u00e7\u00e3o, que traz abordagem in\u00e9dita<\/p>\n\n\n\n<p>L\u00facio Fl\u00e1vio, da Ag\u00eancia Bras\u00edlia | Edi\u00e7\u00e3o: Rosualdo Rodrigues<\/p>\n\n\n\n<p>A ind\u00fastria de energia solar tem crescido consideravelmente no Brasil e, no Distrito Federal, n\u00e3o \u00e9 diferente. Hoje, s\u00e3o mais de 22 mil empresas do ramo espalhadas em todo o pa\u00eds. Diante de n\u00fameros superlativos envolvendo o tema, o Corpo de Bombeiros do DF deu um pontap\u00e9 in\u00e9dito: capacitar militares da corpora\u00e7\u00e3o a n\u00edvel nacional para lidar com poss\u00edveis casos de inc\u00eandio em usinas geradoras de energia solar.<\/p>\n\n\n\n<figure class=\"wp-block-image\" id=\"attachment_455979\"><img decoding=\"async\" src=\"http:\/\/agenciabrasilia.df.gov.br\/wp-conteudo\/uploads\/2022\/12\/dentro-8.jpg\" alt=\"\" class=\"wp-image-455979\"\/><figcaption class=\"wp-element-caption\">O objetivo do encontro foi capacitar os militares para lidar com poss\u00edveis casos de inc\u00eandio em usinas geradoras de energia solar | Fotos: Paulo H. Carvalho<\/figcaption><\/figure>\n\n\n\n<p>Na tarde desta quarta-feira (7), 375 oficiais participaram do curso realizado no audit\u00f3rio Coronel Jos\u00e9 Nilton Matos do Quartel do Comando Geral do CBMDF. As palestras foram ministradas por especialistas do ramo.<\/p>\n\n\n\n<p>\u201cO Corpo de Bombeiros est\u00e1 t\u00e3o preocupado com a expans\u00e3o exponencial de energia solar que, para levar mais seguran\u00e7a para a popula\u00e7\u00e3o, tivemos a ideia de capacitar nossos militares. E, capacitando nossos bombeiros, \u00e9 uma maneira de capacitar a popula\u00e7\u00e3o\u201d, destaca o sargento Hugo Leonardo, que tem forma\u00e7\u00e3o como engenheiro civil e el\u00e9trico e mestrado nas \u00e1reas de ci\u00eancia do fogo e de instala\u00e7\u00f5es prediais. \u201cFazer parte desta iniciativa foi uma honra, um prazer desempenhar a minha fun\u00e7\u00e3o para a sociedade\u201d, diz.<\/p>\n\n\n\n<figure class=\"wp-block-image\" id=\"attachment_455984\"><img decoding=\"async\" src=\"http:\/\/agenciabrasilia.df.gov.br\/wp-conteudo\/uploads\/2022\/12\/Bruno-Rezende.jpg\" alt=\"\" class=\"wp-image-455984\"\/><figcaption class=\"wp-element-caption\">Bruno Resende veio de Sergipe para fazer o curso: \u201c\u00c9 importante que a corpora\u00e7\u00e3o esteja atualizada quanto \u00e0s formas de energia\u201d<\/figcaption><\/figure>\n\n\n\n<p>Participaram do encontro bombeiros do DF, Goi\u00e1s, Minas Gerais e Sergipe. Entre os temas abordados nesta primeira palestra, est\u00e3o a mobilidade e pr\u00e1ticas dos arcos el\u00e9tricos, como combater inc\u00eandios em ve\u00edculo el\u00e9trico e h\u00edbrido e em pain\u00e9is solares.<\/p>\n\n\n\n<p>Placas de energia solar e outros equipamentos ligados a essa nova tecnologia foram exibidas aos oficiais.&nbsp;\u201c\u00c9 a primeira capacita\u00e7\u00e3o que estamos trazendo sobre este tema a todos os militares\u201d, destaca o sargento Hugo.<\/p>\n\n\n\n<p>Militar do Corpo dos Bombeiros de Sergipe, Bruno Resende n\u00e3o esperou duas vezes para fazer o curso no DF. \u201cComo o meu estado n\u00e3o disp\u00f5e de academia de forma\u00e7\u00e3o de oficiais, tradicionalmente os cadetes s\u00e3o enviados para os outros estados\u201d, explica. \u201cOs bombeiros t\u00eam atua\u00e7\u00e3o muito diversificada e \u00e9 importante que a corpora\u00e7\u00e3o esteja atualizada quanto \u00e0s formas de energia, at\u00e9 porque elas podem apresentar riscos\u201d, avalia.<\/p>\n","protected":false},"excerpt":{"rendered":"<p>Militares de Minas Gerais, Goi\u00e1s e Sergipe tamb\u00e9m est\u00e3o entre os 375 alunos da forma\u00e7\u00e3o, que traz abordagem in\u00e9dita L\u00facio Fl\u00e1vio, da Ag\u00eancia Bras\u00edlia | Edi\u00e7\u00e3o: Rosualdo Rodrigues A ind\u00fastria de energia solar tem crescido consideravelmente no Brasil e, no Distrito Federal, n\u00e3o \u00e9 diferente. Hoje, s\u00e3o mais de 22 mil empresas do ramo espalhadas [&hellip;]<\/p>\n","protected":false},"author":1,"featured_media":0,"comment_status":"open","ping_status":"open","sticky":false,"template":"","format":"standard","meta":{"footnotes":""},"categories":[],"tags":[],"class_list":["post-5936","post","type-post","status-publish","format-standard","hentry"],"_links":{"self":[{"href":"https:\/\/aguaslindasnoticias.com.br\/index.php\/wp-json\/wp\/v2\/posts\/5936","targetHints":{"allow":["GET"]}}],"collection":[{"href":"https:\/\/aguaslindasnoticias.com.br\/index.php\/wp-json\/wp\/v2\/posts"}],"about":[{"href":"https:\/\/aguaslindasnoticias.com.br\/index.php\/wp-json\/wp\/v2\/types\/post"}],"author":[{"embeddable":true,"href":"https:\/\/aguaslindasnoticias.com.br\/index.php\/wp-json\/wp\/v2\/users\/1"}],"replies":[{"embeddable":true,"href":"https:\/\/aguaslindasnoticias.com.br\/index.php\/wp-json\/wp\/v2\/comments?post=5936"}],"version-history":[{"count":0,"href":"https:\/\/aguaslindasnoticias.com.br\/index.php\/wp-json\/wp\/v2\/posts\/5936\/revisions"}],"wp:attachment":[{"href":"https:\/\/aguaslindasnoticias.com.br\/index.php\/wp-json\/wp\/v2\/media?parent=5936"}],"wp:term":[{"taxonomy":"category","embeddable":true,"href":"https:\/\/aguaslindasnoticias.com.br\/index.php\/wp-json\/wp\/v2\/categories?post=5936"},{"taxonomy":"post_tag","embeddable":true,"href":"https:\/\/aguaslindasnoticias.com.br\/index.php\/wp-json\/wp\/v2\/tags?post=5936"}],"curies":[{"name":"wp","href":"https:\/\/api.w.org\/{rel}","templated":true}]}}