{"id":5935,"date":"2023-01-04T10:16:11","date_gmt":"2023-01-04T13:16:11","guid":{"rendered":"https:\/\/aguaslindasnoticias.com.br\/index.php\/2023\/01\/04\/audiencia-publica-discute-contratacao-de-servicos-de-vigilancia-para-o-gdf\/"},"modified":"2023-01-04T10:16:11","modified_gmt":"2023-01-04T13:16:11","slug":"audiencia-publica-discute-contratacao-de-servicos-de-vigilancia-para-o-gdf","status":"publish","type":"post","link":"https:\/\/aguaslindasnoticias.com.br\/index.php\/2023\/01\/04\/audiencia-publica-discute-contratacao-de-servicos-de-vigilancia-para-o-gdf\/","title":{"rendered":"Audi\u00eancia p\u00fablica discute contrata\u00e7\u00e3o de servi\u00e7os de vigil\u00e2ncia para o GDF"},"content":{"rendered":"\n<p>O evento ser\u00e1 realizado na pr\u00f3xima quinta-feira (15), \u00e0s 14h30, no audit\u00f3rio da Escola de Governo (Egov), com transmiss\u00e3o pelo canal da Seplad no YouTube<\/p>\n\n\n\n<p>Ag\u00eancia Bras\u00edlia* I Edi\u00e7\u00e3o: D\u00e9bora Cronemberger<\/p>\n\n\n\n<p>O Governo do Distrito Federal (GDF) realizar\u00e1, na pr\u00f3xima quinta-feira (15), audi\u00eancia p\u00fablica para os procedimentos de contrata\u00e7\u00e3o de servi\u00e7os de vigil\u00e2ncia que atender\u00e3o a estrutura administrativa do governo. O evento ser\u00e1 realizado \u00e0s 14h30, no audit\u00f3rio da Escola de Governo (Egov). Tamb\u00e9m ser\u00e1 poss\u00edvel participar de forma virtual, com link a ser disponibilizado no&nbsp;<a href=\"https:\/\/www.youtube.com\/channel\/UCxs0dCi0_KBxcUKDOwwqoJQ\/featured\" target=\"_blank\" rel=\"noreferrer noopener\">canal da Secretaria de Planejamento, Or\u00e7amento e Administra\u00e7\u00e3o (Seplad) no YouTube<\/a>.<\/p>\n\n\n\n<figure class=\"wp-block-image\" id=\"attachment_456085\"><img decoding=\"async\" src=\"http:\/\/agenciabrasilia.df.gov.br\/wp-conteudo\/uploads\/2022\/12\/ELEVADOR-Audiencia_06DEZ_v1-1024x683.png\" alt=\"\" class=\"wp-image-456085\"\/><figcaption class=\"wp-element-caption\">Arte: Divulga\u00e7\u00e3o\/Seplad<\/figcaption><\/figure>\n\n\n\n<p>A audi\u00eancia visa efetuar registro de pre\u00e7os, por meio de preg\u00e3o eletr\u00f4nico, para eventual contrata\u00e7\u00e3o de uma ou mais empresas. Os servi\u00e7os a serem contratados incluem vigil\u00e2ncia ostensiva armada e desarmada, diurna e noturna, fixa e motorizada. A contrata\u00e7\u00e3o ainda prev\u00ea o fornecimento de materiais, equipamentos e acess\u00f3rios necess\u00e1rios \u00e0 viabiliza\u00e7\u00e3o dos servi\u00e7os de vigil\u00e2ncia patrimonial.<\/p>\n\n\n\n<p>A estimativa do processo licitat\u00f3rio prev\u00ea a contrata\u00e7\u00e3o de 4,5 mil postos de vigil\u00e2ncia para atender \u00e0s demandas dos \u00f3rg\u00e3os e entidades geridos pela Seplad, com cerca de 3 mil postos de vigil\u00e2ncia. Al\u00e9m destes, tamb\u00e9m deve atender a outros 1,5 mil postos de vigil\u00e2ncia referentes \u00e0 Secretaria de Sa\u00fade (SES).<\/p>\n\n\n\n<p>Atualmente, o GDF tem sete contratos em vigor com empresas de vigil\u00e2ncia. O modelo de contrata\u00e7\u00e3o centralizado \u00e9 realizado com o objetivo de ter ganho de escala. Com isso, o GDF reduz os custos e padroniza os servi\u00e7os a serem prestados, ao fazer uma \u00fanica licita\u00e7\u00e3o, com uma necessidade comum aos \u00f3rg\u00e3os e entidades do Complexo Administrativo do DF.<\/p>\n\n\n\n<p>A sess\u00e3o \u00e9 aberta para a comunidade empresarial do segmento de vigil\u00e2ncia e para o p\u00fablico em geral. D\u00favidas e solicita\u00e7\u00f5es de esclarecimentos podem ser enviadas para o e-mail&nbsp;<a href=\"mailto:sucorp@economia.df.gov.br\" target=\"_blank\" rel=\"noreferrer noopener\">sucorp@economia.df.gov.br<\/a>.<\/p>\n\n\n\n<p><em>*Com informa\u00e7\u00f5es da Seplad<\/em><\/p>\n","protected":false},"excerpt":{"rendered":"<p>O evento ser\u00e1 realizado na pr\u00f3xima quinta-feira (15), \u00e0s 14h30, no audit\u00f3rio da Escola de Governo (Egov), com transmiss\u00e3o pelo canal da Seplad no YouTube Ag\u00eancia Bras\u00edlia* I Edi\u00e7\u00e3o: D\u00e9bora Cronemberger O Governo do Distrito Federal (GDF) realizar\u00e1, na pr\u00f3xima quinta-feira (15), audi\u00eancia p\u00fablica para os procedimentos de contrata\u00e7\u00e3o de servi\u00e7os de vigil\u00e2ncia que atender\u00e3o [&hellip;]<\/p>\n","protected":false},"author":1,"featured_media":0,"comment_status":"open","ping_status":"open","sticky":false,"template":"","format":"standard","meta":{"footnotes":""},"categories":[],"tags":[],"class_list":["post-5935","post","type-post","status-publish","format-standard","hentry"],"_links":{"self":[{"href":"https:\/\/aguaslindasnoticias.com.br\/index.php\/wp-json\/wp\/v2\/posts\/5935","targetHints":{"allow":["GET"]}}],"collection":[{"href":"https:\/\/aguaslindasnoticias.com.br\/index.php\/wp-json\/wp\/v2\/posts"}],"about":[{"href":"https:\/\/aguaslindasnoticias.com.br\/index.php\/wp-json\/wp\/v2\/types\/post"}],"author":[{"embeddable":true,"href":"https:\/\/aguaslindasnoticias.com.br\/index.php\/wp-json\/wp\/v2\/users\/1"}],"replies":[{"embeddable":true,"href":"https:\/\/aguaslindasnoticias.com.br\/index.php\/wp-json\/wp\/v2\/comments?post=5935"}],"version-history":[{"count":0,"href":"https:\/\/aguaslindasnoticias.com.br\/index.php\/wp-json\/wp\/v2\/posts\/5935\/revisions"}],"wp:attachment":[{"href":"https:\/\/aguaslindasnoticias.com.br\/index.php\/wp-json\/wp\/v2\/media?parent=5935"}],"wp:term":[{"taxonomy":"category","embeddable":true,"href":"https:\/\/aguaslindasnoticias.com.br\/index.php\/wp-json\/wp\/v2\/categories?post=5935"},{"taxonomy":"post_tag","embeddable":true,"href":"https:\/\/aguaslindasnoticias.com.br\/index.php\/wp-json\/wp\/v2\/tags?post=5935"}],"curies":[{"name":"wp","href":"https:\/\/api.w.org\/{rel}","templated":true}]}}