{"id":5931,"date":"2023-01-04T10:16:11","date_gmt":"2023-01-04T13:16:11","guid":{"rendered":"https:\/\/aguaslindasnoticias.com.br\/index.php\/2023\/01\/04\/gdf-entrega-escritura-de-concessao-de-uso-a-aruc\/"},"modified":"2023-01-04T10:16:11","modified_gmt":"2023-01-04T13:16:11","slug":"gdf-entrega-escritura-de-concessao-de-uso-a-aruc","status":"publish","type":"post","link":"https:\/\/aguaslindasnoticias.com.br\/index.php\/2023\/01\/04\/gdf-entrega-escritura-de-concessao-de-uso-a-aruc\/","title":{"rendered":"GDF entrega escritura de concess\u00e3o de uso \u00e0 Aruc"},"content":{"rendered":"\n<p>A entidade esperava h\u00e1 48 anos pelo documento, que lhe garantir\u00e1 seguran\u00e7a jur\u00eddica<\/p>\n\n\n\n<p>Catarina Lima, da Ag\u00eancia Bras\u00edlia | Edi\u00e7\u00e3o: Renata Lu<\/p>\n\n\n\n<p>O vice-governador do Distrito Federal, Paco Britto, entregou ao presidente da Associa\u00e7\u00e3o Atl\u00e9tica Unidos do Cruzeiro (Aruc), Rafael Souza, a Escritura P\u00fablica de Direito Real de Uso do terreno onde est\u00e1 a sede da entidade. A Associa\u00e7\u00e3o tem 61 anos e encontra-se no im\u00f3vel desde 1974, \u00e0 espera do documento que lhe d\u00ea seguran\u00e7a jur\u00eddica.<\/p>\n\n\n\n<p>A escritura s\u00f3 chegou agora, 48 anos depois. A \u00e1rea total do terreno \u00e9 de 33.014.85 m2.<\/p>\n\n\n\n<figure class=\"wp-block-image\" id=\"attachment_454799\"><img decoding=\"async\" src=\"http:\/\/agenciabrasilia.df.gov.br\/wp-conteudo\/uploads\/2022\/12\/WhatsApp-Image-2022-12-03-at-14.29.25-1.jpeg\" alt=\"\" class=\"wp-image-454799\"\/><figcaption class=\"wp-element-caption\">Al\u00e9m de cultura e esporte, a Aruc presta servi\u00e7os \u00e0 comunidade pela Associa\u00e7\u00e3o Brasileira de Autismo, Comportamento e Interven\u00e7\u00e3o | Foto: Renato Alves\/Ag\u00eancia Bras\u00edlia<\/figcaption><\/figure>\n\n\n\n<p>Com o documento, a Aruc poder\u00e1, em 30 dias, solicitar a Concess\u00e3o Real de Direito de Uso (CRDU) gratuita por meio de moeda social. Um dos benef\u00edcios da iniciativa ser\u00e1 a possibilidade de ampliar o atendimento realizado nas depend\u00eancias da Aruc pela Associa\u00e7\u00e3o Brasileira de Autismo, Comportamento e Interven\u00e7\u00e3o a crian\u00e7as com autismo. Al\u00e9m de cultura e esporte, a Aruc presta servi\u00e7os \u00e0 comunidade.<\/p>\n\n\n\n<blockquote class=\"wp-block-quote is-layout-flow wp-block-quote-is-layout-flow\">\n<p>\u201cA entrega desse documento tem grande import\u00e2ncia tamb\u00e9m para o governo do Distrito Federal porque foi um compromisso que assumimos. Esse documento era esperado h\u00e1 muito tempo\u201dPaco Britto, vice-governador<\/p>\n<\/blockquote>\n\n\n\n<p>O vice-governador, Paco Britto, que entregou a escritura \u00e0 diretoria da Aruc, lembrou que o registro do im\u00f3vel era um sonho antigo da entidade. \u201cA entrega desse documento tem grande import\u00e2ncia tamb\u00e9m para o governo do Distrito Federal porque foi um compromisso que assumimos. Foi necess\u00e1rio fazer uma adequa\u00e7\u00e3o comercial para que a Aruc possa se sustentar com a explora\u00e7\u00e3o comercial dentro das normas urban\u00edsticas. Esse documento era esperado h\u00e1 muito tempo\u201d, frisou Paco.<\/p>\n\n\n\n<blockquote class=\"wp-block-quote is-layout-flow wp-block-quote-is-layout-flow\">\n<p>\u201cA Aruc est\u00e1 aqui h\u00e1 48 anos, passamos d\u00e9cadas sem contratos que nos desse seguran\u00e7a jur\u00eddica. S\u00f3 agora, poderemos prestar um servi\u00e7o de qualidade \u00e0 popula\u00e7\u00e3o\u201dRafael Souza, presidente da Aruc<\/p>\n<\/blockquote>\n\n\n\n<p>O secret\u00e1rio de Cultura do DF, Bartolomeu Rodrigues, lembrou que a Aruc \u00e9 patrim\u00f4nio da cidade. \u201cAruc \u00e9 patrim\u00f4nio material do Distrito Federal. Ela \u00e9 parte indissoci\u00e1vel de toda a cidade. A escritura \u00e9 o reconhecimento de um movimento cultural que presta servi\u00e7os relevantes\u201d, frisou o secret\u00e1rio.<\/p>\n\n\n\n<figure class=\"wp-block-embed is-type-rich is-provider-incorporar-manipulador wp-block-embed-incorporar-manipulador wp-embed-aspect-16-9 wp-has-aspect-ratio\"><div class=\"wp-block-embed__wrapper\">\n<iframe title=\"ARUC recebe escritura do terreno ap\u00f3s 48 anos de espera\" width=\"640\" height=\"360\" src=\"https:\/\/www.youtube.com\/embed\/USIYuk3jz4g?feature=oembed\" frameborder=\"0\" allow=\"accelerometer; autoplay; clipboard-write; encrypted-media; gyroscope; picture-in-picture; web-share\" referrerpolicy=\"strict-origin-when-cross-origin\" allowfullscreen><\/iframe>\n<\/div><\/figure>\n\n\n\n<p>O presidente da Aruc, Rafael Souza, destacou a espera de 48 anos pela regulariza\u00e7\u00e3o. \u201cA Aruc est\u00e1 aqui h\u00e1 48 anos. Nesse tempo, a gente teve momentos dessa regulariza\u00e7\u00e3o. Foram contratos que expiraram, passamos d\u00e9cadas sem contratos que nos desse seguran\u00e7a jur\u00eddica, o que contribuiu para uma certa deteriora\u00e7\u00e3o da \u00e1rea, pois ficamos sem ter como arrecadar. Em 2017, veio uma regulariza\u00e7\u00e3o que n\u00e3o permitia parcerias privadas para que pud\u00e9ssemos arrecadar e, s\u00f3 agora, poderemos prestar um servi\u00e7o de qualidade \u00e0 popula\u00e7\u00e3o\u201d, disse.<\/p>\n\n\n\n<blockquote class=\"wp-block-quote is-layout-flow wp-block-quote-is-layout-flow\">\n<p>\u201cA iniciativa \u00e9 um gol de placa do governo Ibaneis Rocha\u201dArlete Sampaio, deputada distrital<\/p>\n<\/blockquote>\n\n\n\n<p>As deputadas do PT, Arlete Sampaio (distrital) e \u00c9rica Kokay (federal) elogiaram o GDF pelo cumprimento da promessa da concess\u00e3o da escritura. Aproveitando o clima da Copa do Mundo, Arlete disse que a iniciativa \u00e9 um \u201cgol de placa do governo Ibaneis Rocha\u201d. J\u00e1 \u00c9rica Kokay destacou o cumprimento do compromisso. \u201cH\u00e1 um ano, Paco Britto esteve aqui, prometeu a concess\u00e3o da escritura e hoje ela est\u00e1 sendo entregue\u201d, disse a parlamentar, elogiando a iniciativa.<\/p>\n\n\n\n<blockquote class=\"wp-block-quote is-layout-flow wp-block-quote-is-layout-flow\">\n<p>\u201cAruc \u00e9 patrim\u00f4nio material do Distrito Federal. Ela \u00e9 parte indissoci\u00e1vel de toda a cidade. A escritura \u00e9 o reconhecimento de um movimento cultural que presta servi\u00e7os relevantes\u201dBartolomeu Rodrigues, secret\u00e1rio de Cultura<\/p>\n<\/blockquote>\n","protected":false},"excerpt":{"rendered":"<p>A entidade esperava h\u00e1 48 anos pelo documento, que lhe garantir\u00e1 seguran\u00e7a jur\u00eddica Catarina Lima, da Ag\u00eancia Bras\u00edlia | Edi\u00e7\u00e3o: Renata Lu O vice-governador do Distrito Federal, Paco Britto, entregou ao presidente da Associa\u00e7\u00e3o Atl\u00e9tica Unidos do Cruzeiro (Aruc), Rafael Souza, a Escritura P\u00fablica de Direito Real de Uso do terreno onde est\u00e1 a sede [&hellip;]<\/p>\n","protected":false},"author":1,"featured_media":0,"comment_status":"open","ping_status":"open","sticky":false,"template":"","format":"standard","meta":{"footnotes":""},"categories":[],"tags":[],"class_list":["post-5931","post","type-post","status-publish","format-standard","hentry"],"_links":{"self":[{"href":"https:\/\/aguaslindasnoticias.com.br\/index.php\/wp-json\/wp\/v2\/posts\/5931","targetHints":{"allow":["GET"]}}],"collection":[{"href":"https:\/\/aguaslindasnoticias.com.br\/index.php\/wp-json\/wp\/v2\/posts"}],"about":[{"href":"https:\/\/aguaslindasnoticias.com.br\/index.php\/wp-json\/wp\/v2\/types\/post"}],"author":[{"embeddable":true,"href":"https:\/\/aguaslindasnoticias.com.br\/index.php\/wp-json\/wp\/v2\/users\/1"}],"replies":[{"embeddable":true,"href":"https:\/\/aguaslindasnoticias.com.br\/index.php\/wp-json\/wp\/v2\/comments?post=5931"}],"version-history":[{"count":0,"href":"https:\/\/aguaslindasnoticias.com.br\/index.php\/wp-json\/wp\/v2\/posts\/5931\/revisions"}],"wp:attachment":[{"href":"https:\/\/aguaslindasnoticias.com.br\/index.php\/wp-json\/wp\/v2\/media?parent=5931"}],"wp:term":[{"taxonomy":"category","embeddable":true,"href":"https:\/\/aguaslindasnoticias.com.br\/index.php\/wp-json\/wp\/v2\/categories?post=5931"},{"taxonomy":"post_tag","embeddable":true,"href":"https:\/\/aguaslindasnoticias.com.br\/index.php\/wp-json\/wp\/v2\/tags?post=5931"}],"curies":[{"name":"wp","href":"https:\/\/api.w.org\/{rel}","templated":true}]}}