{"id":5930,"date":"2023-01-04T10:16:11","date_gmt":"2023-01-04T13:16:11","guid":{"rendered":"https:\/\/aguaslindasnoticias.com.br\/index.php\/2023\/01\/04\/governo-quer-expandir-parques-como-o-que-homenageia-maria-claudia-delisola\/"},"modified":"2023-01-04T10:16:11","modified_gmt":"2023-01-04T13:16:11","slug":"governo-quer-expandir-parques-como-o-que-homenageia-maria-claudia-delisola","status":"publish","type":"post","link":"https:\/\/aguaslindasnoticias.com.br\/index.php\/2023\/01\/04\/governo-quer-expandir-parques-como-o-que-homenageia-maria-claudia-delisola\/","title":{"rendered":"Governo quer expandir parques como o que homenageia Maria Cl\u00e1udia Del\u2019Isola"},"content":{"rendered":"\n<p>Localizado na Asa Sul, espa\u00e7o foi entregue nesta sexta-feira (2), durante cerim\u00f4nia marcada pela emo\u00e7\u00e3o de familiares e amigos<\/p>\n\n\n\n<p>Ian Ferraz, da Ag\u00eancia Bras\u00edlia | Edi\u00e7\u00e3o: Chico Neto<\/p>\n\n\n\n<p>A inaugura\u00e7\u00e3o do Parque Maria Cl\u00e1udia Siqueira Del\u2019Isola, na EQS 112\/113 Sul, foi marcada por emo\u00e7\u00e3o e amor. O espa\u00e7o p\u00fablico, que homenageia a estudante de psicologia e pedagogia brutalmente assassinada em 2004, foi transformado pelo Governo do Distrito Federal, e a sua estrutura deve ser replicada em outras regi\u00f5es administrativas.<\/p>\n\n\n\n<figure class=\"wp-block-image\" id=\"attachment_454529\"><img decoding=\"async\" src=\"http:\/\/agenciabrasilia.df.gov.br\/wp-conteudo\/uploads\/2022\/12\/Dentro-1-1-scaled.jpg\" alt=\"\" class=\"wp-image-454529\"\/><figcaption class=\"wp-element-caption\">A educadora Cristina Del\u2019Isola, m\u00e3e de Maria Cl\u00e1udia, que d\u00e1 nome ao parque, agradeceu \u201co empenho e perseveran\u00e7a de tantas pessoas em transformar o que foi dor e escurid\u00e3o em luz e esperan\u00e7a\u201d | Foto: L\u00facio Bernardo Jr.\/Ag\u00eancia Bras\u00edlia<\/figcaption><\/figure>\n\n\n\n<p>Nesta sexta-feira (2), o momento foi para familiares e amigos prestarem homenagens a Maria Cl\u00e1udia. O parque, uma esp\u00e9cie de memorial, recebeu investimento de R$ 2,3 milh\u00f5es, teve as quadras poliesportivas renovadas e ganhou novos ambientes, como pista de corrida, anfiteatro, bancos, \u00e1reas de lazer, pergolados, parquinho infantil, parc\u00e3o e paisagismo. Tudo marcado por muito afeto, com o objetivo de tornar o local mais um espa\u00e7o de conviv\u00eancia entre a comunidade.<\/p>\n\n\n\n<blockquote class=\"wp-block-quote is-layout-flow wp-block-quote-is-layout-flow\">\n<p>\u201cQueremos multiplicar esses espa\u00e7os em todo o DF, especialmente em comunidades onde n\u00e3o h\u00e1 essa oportunidade\u201dFernando Leite, diretor-presidente da Novacap<\/p>\n<\/blockquote>\n\n\n\n<p>M\u00e3e de Maria Cl\u00e1udia, a educadora Cristina Del\u2019Isola agradeceu o empenho coletivo para que o parque recebesse o nome da filha. Foram anos de luta, tendo sido necess\u00e1ria a aprova\u00e7\u00e3o de uma lei, em 2018. Anos depois, o objetivo foi alcan\u00e7ado. \u201cO Movimento Maria Cl\u00e1udia pela Paz tem gratid\u00e3o pelo empenho e perseveran\u00e7a de tantas pessoas em transformar o que foi dor e escurid\u00e3o em luz e esperan\u00e7a\u201d, disse Cristina. \u201cUm espa\u00e7o como esse vai proporcionar bem-estar nas mais diversas dimens\u00f5es, na sa\u00fade f\u00edsica e mental. \u00c9 um local apraz\u00edvel, onde voc\u00ea sente uma energia maravilhosa.\u201d<\/p>\n\n\n\n<figure class=\"wp-block-embed is-type-rich is-provider-incorporar-manipulador wp-block-embed-incorporar-manipulador wp-embed-aspect-16-9 wp-has-aspect-ratio\"><div class=\"wp-block-embed__wrapper\">\n<iframe title=\"Governo quer expandir parques como o que homenageia Maria Cl\u00e1udia Del\u2019Isola\" width=\"640\" height=\"360\" src=\"https:\/\/www.youtube.com\/embed\/Xgjv2TQpkgQ?feature=oembed\" frameborder=\"0\" allow=\"accelerometer; autoplay; clipboard-write; encrypted-media; gyroscope; picture-in-picture; web-share\" referrerpolicy=\"strict-origin-when-cross-origin\" allowfullscreen><\/iframe>\n<\/div><\/figure>\n\n\n\n<p><strong>Mais do que uma pra\u00e7a<\/strong><\/p>\n\n\n\n<p>O diretor-presidente da Novacap, Fernando Leite, disse que a diversidade de atividades e o tamanho fazem o local ser mais do que uma pra\u00e7a \u2013 por isso, tem status de parque. \u201c\u00c9 dif\u00edcil uma pra\u00e7a com essa \u00e1rea, s\u00e3o praticamente 15 mil m\u00b2\u201d, considerou. \u201c\u00c9 para que as pessoas venham praticar esportes, fazer m\u00fasica. Aqui voc\u00ea tem todos os equipamentos p\u00fablicos, e queremos multiplicar esses espa\u00e7os em todo o DF, especialmente em comunidades onde n\u00e3o h\u00e1 essa oportunidade.\u201d<\/p>\n\n\n\n<p>Na vis\u00e3o do secret\u00e1rio de Governo, Jos\u00e9 Humberto Pires de Ara\u00fajo, o parque representa um marco: \u201cQuando eu digo que \u00e9 um momento hist\u00f3rico, \u00e9 porque aqui vai ficar eternizado com o nome dessa jovem. Certamente vai inspirar muitos de n\u00f3s a cultivar a paz. \u00c9 um parque e memorial dedicado a uma pessoa que partiu, mas que est\u00e1 aqui presente com sua hist\u00f3ria\u201d.<\/p>\n","protected":false},"excerpt":{"rendered":"<p>Localizado na Asa Sul, espa\u00e7o foi entregue nesta sexta-feira (2), durante cerim\u00f4nia marcada pela emo\u00e7\u00e3o de familiares e amigos Ian Ferraz, da Ag\u00eancia Bras\u00edlia | Edi\u00e7\u00e3o: Chico Neto A inaugura\u00e7\u00e3o do Parque Maria Cl\u00e1udia Siqueira Del\u2019Isola, na EQS 112\/113 Sul, foi marcada por emo\u00e7\u00e3o e amor. O espa\u00e7o p\u00fablico, que homenageia a estudante de psicologia [&hellip;]<\/p>\n","protected":false},"author":1,"featured_media":0,"comment_status":"open","ping_status":"open","sticky":false,"template":"","format":"standard","meta":{"footnotes":""},"categories":[],"tags":[],"class_list":["post-5930","post","type-post","status-publish","format-standard","hentry"],"_links":{"self":[{"href":"https:\/\/aguaslindasnoticias.com.br\/index.php\/wp-json\/wp\/v2\/posts\/5930","targetHints":{"allow":["GET"]}}],"collection":[{"href":"https:\/\/aguaslindasnoticias.com.br\/index.php\/wp-json\/wp\/v2\/posts"}],"about":[{"href":"https:\/\/aguaslindasnoticias.com.br\/index.php\/wp-json\/wp\/v2\/types\/post"}],"author":[{"embeddable":true,"href":"https:\/\/aguaslindasnoticias.com.br\/index.php\/wp-json\/wp\/v2\/users\/1"}],"replies":[{"embeddable":true,"href":"https:\/\/aguaslindasnoticias.com.br\/index.php\/wp-json\/wp\/v2\/comments?post=5930"}],"version-history":[{"count":0,"href":"https:\/\/aguaslindasnoticias.com.br\/index.php\/wp-json\/wp\/v2\/posts\/5930\/revisions"}],"wp:attachment":[{"href":"https:\/\/aguaslindasnoticias.com.br\/index.php\/wp-json\/wp\/v2\/media?parent=5930"}],"wp:term":[{"taxonomy":"category","embeddable":true,"href":"https:\/\/aguaslindasnoticias.com.br\/index.php\/wp-json\/wp\/v2\/categories?post=5930"},{"taxonomy":"post_tag","embeddable":true,"href":"https:\/\/aguaslindasnoticias.com.br\/index.php\/wp-json\/wp\/v2\/tags?post=5930"}],"curies":[{"name":"wp","href":"https:\/\/api.w.org\/{rel}","templated":true}]}}