{"id":5929,"date":"2023-01-04T10:16:11","date_gmt":"2023-01-04T13:16:11","guid":{"rendered":"https:\/\/aguaslindasnoticias.com.br\/index.php\/2023\/01\/04\/ferramenta-de-gestao-facilita-monitoramento-de-emendas-parlamentares-no-gdf\/"},"modified":"2023-01-04T10:16:11","modified_gmt":"2023-01-04T13:16:11","slug":"ferramenta-de-gestao-facilita-monitoramento-de-emendas-parlamentares-no-gdf","status":"publish","type":"post","link":"https:\/\/aguaslindasnoticias.com.br\/index.php\/2023\/01\/04\/ferramenta-de-gestao-facilita-monitoramento-de-emendas-parlamentares-no-gdf\/","title":{"rendered":"Ferramenta de gest\u00e3o facilita monitoramento de emendas parlamentares no GDF"},"content":{"rendered":"\n<p>Sistema foi apresentado pela Secretaria de Sa\u00fade em reuni\u00e3o, nesta quinta (1\u00ba), e deve ser replicado em outras pastas distritais<\/p>\n\n\n\n<p>Catarina Loiola, da Ag\u00eancia Bras\u00edlia | Edi\u00e7\u00e3o: Saulo Moreno<\/p>\n\n\n\n<figure class=\"wp-block-image\" id=\"attachment_454163\"><img decoding=\"async\" src=\"http:\/\/agenciabrasilia.df.gov.br\/wp-conteudo\/uploads\/2022\/12\/Lucilene-Florencio-secretaria-de-saude-715x1024.jpg\" alt=\"\" class=\"wp-image-454163\"\/><figcaption class=\"wp-element-caption\">A secret\u00e1ria de Sa\u00fade, Lucilene Flor\u00eancio, considera que, pela efici\u00eancia apresentada, o sistema deve ser replicado em outras secretarias | Fotos: L\u00facio Bernardo Jr \/ Ag\u00eancia Bras\u00edlia<\/figcaption><\/figure>\n\n\n\n<p>A Secretaria de Sa\u00fade do Distrito Federal (SES-DF) apresentou um sistema de acompanhamento de emendas parlamentares, nesta quinta-feira (1\u00b0), no Pal\u00e1cio do Buriti. Informa\u00e7\u00f5es sobre a ferramenta de gest\u00e3o foram divididas com outras pastas distritais durante reuni\u00e3o sobre o uso de recursos federais destinados ao Distrito Federal.<\/p>\n\n\n\n<p>De acordo com a secret\u00e1ria de Sa\u00fade, Lucilene Flor\u00eancio, o banco de dados \u00e9 de uso interno e preenchido frequentemente com informa\u00e7\u00f5es sobre a execu\u00e7\u00e3o das emendas. Diante da efici\u00eancia da estrat\u00e9gia, a gestora afirma que o sistema deve ser replicado em outras secretarias.<\/p>\n\n\n\n<p>\u201cPodemos acompanhar para onde a emenda foi destinada, se est\u00e1 pr\u00f3xima \u00e0 finaliza\u00e7\u00e3o da execu\u00e7\u00e3o e se h\u00e1 alguma pend\u00eancia. Assim, vamos trabalhando para que o alvo da emenda seja entregue. Al\u00e9m de que conseguimos fazer uma presta\u00e7\u00e3o de contas em tempo ideal para os parlamentares, garantindo que o recurso foi exatamente destinado para o local indicado\u201d, completa.<\/p>\n\n\n\n<figure class=\"wp-block-image\" id=\"attachment_454162\"><img decoding=\"async\" src=\"http:\/\/agenciabrasilia.df.gov.br\/wp-conteudo\/uploads\/2022\/12\/Luciano-Carvalho-e-Celina-Leao-1024x718.jpg\" alt=\"\" class=\"wp-image-454162\"\/><figcaption class=\"wp-element-caption\">O secret\u00e1rio de Obras, Luciano Carvalho, e a deputada federal e vice-governadora eleita, Celina Le\u00e3o, que convocou o encontro, consideram importante ter informa\u00e7\u00f5es constantes sobre o encaminhamento das emendas parlamentares<\/figcaption><\/figure>\n\n\n\n<p>Durante o encontro, foram apresentadas as emendas parlamentares mobilizadas entre 2017 e este ano, categorizadas entre quais foram implementadas na totalidade, quais venceram o prazo de uso e para quais cabe a judicializa\u00e7\u00e3o para readequa\u00e7\u00e3o da aplica\u00e7\u00e3o. O encontro foi convocado pela deputada federal e vice-governadora eleita Celina Le\u00e3o.<\/p>\n\n\n\n<p>\u201cO governador Ibaneis Rocha determinou que fiz\u00e9ssemos um levantamento das emendas para que pud\u00e9ssemos mapear as necessidades de aloca\u00e7\u00e3o de recursos e prestar contas aos deputados. A expectativa \u00e9 que a reuni\u00e3o se repita a cada 45 dias, para possamos ver o que avan\u00e7ou e o que que est\u00e1 pendente\u201d, avalia Celina Le\u00e3o.<\/p>\n\n\n\n<p>Segundo o secret\u00e1rio de Governo, Jos\u00e9 Humberto Pires, a reuni\u00e3o auxilia no mapeamento de demandas e urg\u00eancias da popula\u00e7\u00e3o. \u201cEssas informa\u00e7\u00f5es chegar\u00e3o aos deputados e senadores, que querem saber como est\u00e1 a execu\u00e7\u00e3o dos projetos e onde v\u00e3o ser aplicados os recursos nos pr\u00f3ximos anos. Para o governo, mostra quais s\u00e3o as prioridades parlamentares de maneira geral em rela\u00e7\u00e3o ao DF\u201d, afirma.<\/p>\n\n\n\n<figure class=\"wp-block-image\" id=\"attachment_454161\"><img decoding=\"async\" src=\"http:\/\/agenciabrasilia.df.gov.br\/wp-conteudo\/uploads\/2022\/12\/Jose-Humberto-secretario-de-governo-3-1024x683.jpg\" alt=\"\" class=\"wp-image-454161\"\/><figcaption class=\"wp-element-caption\">O secret\u00e1rio de Governo, Jos\u00e9 Humberto Pires, diz que as informa\u00e7\u00f5es chegar\u00e3o aos deputados e senadores, \u201cque querem saber como est\u00e1 a execu\u00e7\u00e3o dos projetos e onde v\u00e3o ser aplicados os recursos nos pr\u00f3ximos anos. Para o governo, mostra quais s\u00e3o as prioridades parlamentares de maneira geral em rela\u00e7\u00e3o ao DF\u201d<\/figcaption><\/figure>\n\n\n\n<p>\u201cMuitas vezes, com a mudan\u00e7a de um governo pro outro, as regras do jogo tamb\u00e9m mudam. Ent\u00e3o, precisamos estar alinhados para ver o que deve ser judicializado, se h\u00e1 alguma cl\u00e1usula suspensa, para trabalharmos em conjunto. A reuni\u00e3o ocorre justamente para que nenhum dinheiro seja perdido\u201d, ressalta a secret\u00e1ria de Educa\u00e7\u00e3o, H\u00e9lvia Paranagu\u00e1, que esteve no encontro.<\/p>\n\n\n\n<p>Tamb\u00e9m presente na reuni\u00e3o, o secret\u00e1rio de Obras, Luciano Carvalho, pontua que as emendas parlamentares, em conjunto com o or\u00e7amento local, auxiliam em entregas significativas para a capital. \u201cS\u00e3o recursos important\u00edssimos e precisamos fazer um trabalho refinado para que a execu\u00e7\u00e3o seja excelente. Estamos sempre em contato com parlamentares e assessorias para, eventualmente, concretizarmos alguma altera\u00e7\u00e3o na emenda e seguirmos com as obras\u201d, salienta ele.<\/p>\n\n\n\n<figure class=\"wp-block-image\" id=\"attachment_454160\"><img decoding=\"async\" src=\"http:\/\/agenciabrasilia.df.gov.br\/wp-conteudo\/uploads\/2022\/12\/Fauzi-Nacfur-diretor-presidente-do-DERDF-1024x683.jpg\" alt=\"\" class=\"wp-image-454160\"\/><figcaption class=\"wp-element-caption\">O diretor-geral do DER-DF, Fauzi Nacfur, lembra a import\u00e2ncia do apoio das verbas federais, que trazem muitos benef\u00edcios para a popula\u00e7\u00e3o de todo o Distrito Federal<\/figcaption><\/figure>\n\n\n\n<p>O presidente do Departamento de Estradas de Rodagem (DER-DF), Fauzi Nacfur, cita exemplos de interven\u00e7\u00f5es promovidas com apoio da verba federal. \u201cUm dos destaques \u00e9 o viaduto de Sobradinho, constru\u00eddo em um ponto estrat\u00e9gico e que vai trazer resultados muito positivos para a popula\u00e7\u00e3o. Neste pr\u00f3ximo ano, teremos a reforma de cerca de seis acessos de escola, para valorizar as nossas crian\u00e7as, al\u00e9m de passarelas de pedestres para garantir a seguran\u00e7a das pessoas. Enfim, s\u00e3o diversas obras poss\u00edveis pelas emendas, somadas com a contrapartida do governo, que t\u00eam dado muito resultado\u201d, diz Nacfur.<\/p>\n\n\n\n<p>A constru\u00e7\u00e3o de mais quatro Casas da Mulher Brasileira tamb\u00e9m esteve em pauta nesta quinta (1\u00ba). \u201cS\u00e3o pontos da rede de enfrentamento que estar\u00e3o em locais estrat\u00e9gicos, para que a mulher tenha as condi\u00e7\u00f5es necess\u00e1rias de sair de qualquer tipo de situa\u00e7\u00e3o de viol\u00eancia. Os recursos da constru\u00e7\u00e3o das casas em Sobradinho 2, S\u00e3o Sebasti\u00e3o e Recanto das Emas est\u00e3o em processo de homologa\u00e7\u00e3o e a do Sol Nascente em processo de licita\u00e7\u00e3o\u201d, explana a secret\u00e1ria da Mulher, Vandercy Camargos.<\/p>\n","protected":false},"excerpt":{"rendered":"<p>Sistema foi apresentado pela Secretaria de Sa\u00fade em reuni\u00e3o, nesta quinta (1\u00ba), e deve ser replicado em outras pastas distritais Catarina Loiola, da Ag\u00eancia Bras\u00edlia | Edi\u00e7\u00e3o: Saulo Moreno A Secretaria de Sa\u00fade do Distrito Federal (SES-DF) apresentou um sistema de acompanhamento de emendas parlamentares, nesta quinta-feira (1\u00b0), no Pal\u00e1cio do Buriti. Informa\u00e7\u00f5es sobre a [&hellip;]<\/p>\n","protected":false},"author":1,"featured_media":0,"comment_status":"open","ping_status":"open","sticky":false,"template":"","format":"standard","meta":{"footnotes":""},"categories":[],"tags":[],"class_list":["post-5929","post","type-post","status-publish","format-standard","hentry"],"_links":{"self":[{"href":"https:\/\/aguaslindasnoticias.com.br\/index.php\/wp-json\/wp\/v2\/posts\/5929","targetHints":{"allow":["GET"]}}],"collection":[{"href":"https:\/\/aguaslindasnoticias.com.br\/index.php\/wp-json\/wp\/v2\/posts"}],"about":[{"href":"https:\/\/aguaslindasnoticias.com.br\/index.php\/wp-json\/wp\/v2\/types\/post"}],"author":[{"embeddable":true,"href":"https:\/\/aguaslindasnoticias.com.br\/index.php\/wp-json\/wp\/v2\/users\/1"}],"replies":[{"embeddable":true,"href":"https:\/\/aguaslindasnoticias.com.br\/index.php\/wp-json\/wp\/v2\/comments?post=5929"}],"version-history":[{"count":0,"href":"https:\/\/aguaslindasnoticias.com.br\/index.php\/wp-json\/wp\/v2\/posts\/5929\/revisions"}],"wp:attachment":[{"href":"https:\/\/aguaslindasnoticias.com.br\/index.php\/wp-json\/wp\/v2\/media?parent=5929"}],"wp:term":[{"taxonomy":"category","embeddable":true,"href":"https:\/\/aguaslindasnoticias.com.br\/index.php\/wp-json\/wp\/v2\/categories?post=5929"},{"taxonomy":"post_tag","embeddable":true,"href":"https:\/\/aguaslindasnoticias.com.br\/index.php\/wp-json\/wp\/v2\/tags?post=5929"}],"curies":[{"name":"wp","href":"https:\/\/api.w.org\/{rel}","templated":true}]}}