{"id":5928,"date":"2023-01-04T10:16:11","date_gmt":"2023-01-04T13:16:11","guid":{"rendered":"https:\/\/aguaslindasnoticias.com.br\/index.php\/2023\/01\/04\/gdf-expandira-rede-de-creches-e-escolas-tecnicas\/"},"modified":"2023-01-04T10:16:11","modified_gmt":"2023-01-04T13:16:11","slug":"gdf-expandira-rede-de-creches-e-escolas-tecnicas","status":"publish","type":"post","link":"https:\/\/aguaslindasnoticias.com.br\/index.php\/2023\/01\/04\/gdf-expandira-rede-de-creches-e-escolas-tecnicas\/","title":{"rendered":"GDF expandir\u00e1 rede de creches e escolas t\u00e9cnicas"},"content":{"rendered":"\n<p>Destina\u00e7\u00e3o de recursos para tecnologia tamb\u00e9m possibilitar\u00e1 melhor desempenho de alunos da rede p\u00fablica<\/p>\n\n\n\n<p>Ian Ferraz, da Ag\u00eancia Bras\u00edlia | Edi\u00e7\u00e3o: Rosualdo Rodrigues<\/p>\n\n\n\n<p>O segundo mandato do governador Ibaneis Rocha ser\u00e1 marcado pelo investimento na constru\u00e7\u00e3o de creches, escolas t\u00e9cnicas e em tecnologia. A aplica\u00e7\u00e3o de recursos nessas \u00e1reas foi confirmada pela secret\u00e1ria de Educa\u00e7\u00e3o, H\u00e9lvia Paranagu\u00e1, na comiss\u00e3o de transi\u00e7\u00e3o, grupo que discute o planejamento de governo no Centro Internacional de Conven\u00e7\u00f5es do Brasil (CICB).<\/p>\n\n\n\n<figure class=\"wp-block-image\" id=\"attachment_452311\"><img decoding=\"async\" src=\"http:\/\/agenciabrasilia.df.gov.br\/wp-conteudo\/uploads\/2022\/11\/Foto-Lucio-Bernardo-Jr.-_-Agencia-Brasilia.jpeg\" alt=\"\" class=\"wp-image-452311\"\/><figcaption class=\"wp-element-caption\">A Escola T\u00e9cnica de Santa Maria ser\u00e1 entregue ainda em 2022. Tamb\u00e9m est\u00e1 prevista para este ano a entrega da unidade do Parano\u00e1 | Foto: Lucio Bernardo Jr.\/Ag\u00eancia Bras\u00edlia<\/figcaption><\/figure>\n\n\n\n<p>\u201cO per\u00edodo desta nova gest\u00e3o do governador Ibaneis Rocha \u00e9 o da inova\u00e7\u00e3o, \u00e9 trazer tecnologia para os alunos, \u00e9 ampliar os horizontes dos meninos do Novo Ensino M\u00e9dio, fortalecer a Escola T\u00e9cnica profissionalizante e partir para a inova\u00e7\u00e3o, criando um ambiente que eles possam crescer e pensar no futuro\u201d, afirma a secret\u00e1ria de Educa\u00e7\u00e3o.<\/p>\n\n\n\n<p>No plano de governo, a Educa\u00e7\u00e3o prev\u00ea a constru\u00e7\u00e3o de Centros de Educa\u00e7\u00e3o de Primeira Inf\u00e2ncia (CEPIs). At\u00e9 o momento, sete j\u00e1 foram entregues, nove est\u00e3o em constru\u00e7\u00e3o e outras 13 em processo de licita\u00e7\u00e3o. \u201c\u00c9 um avan\u00e7o bastante significativo, exatamente por atender um segmento que a popula\u00e7\u00e3o tanto clama\u201d, acrescenta.<\/p>\n\n\n\n<p>O governo tamb\u00e9m aposta no ensino profissionalizante e vai entregar duas escolas t\u00e9cnicas nos pr\u00f3ximos meses, uma em Santa Maria \u2013 ainda em 2022 \u2013 e outra no Parano\u00e1, esta para o pr\u00f3ximo ano. H\u00e1 planos para constru\u00e7\u00e3o de mais uma em S\u00e3o Sebasti\u00e3o. Em 2021, o GDF entregou uma unidade em Brazl\u00e2ndia.<\/p>\n\n\n\n<p>\u201cQueremos fazer tamb\u00e9m em S\u00e3o Sebasti\u00e3o e em outras regi\u00f5es onde n\u00e3o temos ainda escolas t\u00e9cnicas. N\u00f3s precisamos dar ao estudante essa possibilidade de seguir ou n\u00e3o para a universidade\u201d, pontua H\u00e9lvia Paranagu\u00e1.<\/p>\n\n\n\n<figure class=\"wp-block-embed is-type-rich is-provider-incorporar-manipulador wp-block-embed-incorporar-manipulador wp-embed-aspect-16-9 wp-has-aspect-ratio\"><div class=\"wp-block-embed__wrapper\">\n<iframe title=\"GDF projeta novas creches e escolas t\u00e9cnicas no DF\" width=\"640\" height=\"360\" src=\"https:\/\/www.youtube.com\/embed\/C2at6-cBkZ8?feature=oembed\" frameborder=\"0\" allow=\"accelerometer; autoplay; clipboard-write; encrypted-media; gyroscope; picture-in-picture; web-share\" referrerpolicy=\"strict-origin-when-cross-origin\" allowfullscreen><\/iframe>\n<\/div><\/figure>\n\n\n\n<p>Outra novidade \u00e9 o investimento em uma plataforma de l\u00ednguas estrangeiras para que os alunos aprendam um idioma no computador, tendo o professor como mediador de ensino.<\/p>\n","protected":false},"excerpt":{"rendered":"<p>Destina\u00e7\u00e3o de recursos para tecnologia tamb\u00e9m possibilitar\u00e1 melhor desempenho de alunos da rede p\u00fablica Ian Ferraz, da Ag\u00eancia Bras\u00edlia | Edi\u00e7\u00e3o: Rosualdo Rodrigues O segundo mandato do governador Ibaneis Rocha ser\u00e1 marcado pelo investimento na constru\u00e7\u00e3o de creches, escolas t\u00e9cnicas e em tecnologia. A aplica\u00e7\u00e3o de recursos nessas \u00e1reas foi confirmada pela secret\u00e1ria de Educa\u00e7\u00e3o, [&hellip;]<\/p>\n","protected":false},"author":1,"featured_media":0,"comment_status":"open","ping_status":"open","sticky":false,"template":"","format":"standard","meta":{"footnotes":""},"categories":[],"tags":[],"class_list":["post-5928","post","type-post","status-publish","format-standard","hentry"],"_links":{"self":[{"href":"https:\/\/aguaslindasnoticias.com.br\/index.php\/wp-json\/wp\/v2\/posts\/5928","targetHints":{"allow":["GET"]}}],"collection":[{"href":"https:\/\/aguaslindasnoticias.com.br\/index.php\/wp-json\/wp\/v2\/posts"}],"about":[{"href":"https:\/\/aguaslindasnoticias.com.br\/index.php\/wp-json\/wp\/v2\/types\/post"}],"author":[{"embeddable":true,"href":"https:\/\/aguaslindasnoticias.com.br\/index.php\/wp-json\/wp\/v2\/users\/1"}],"replies":[{"embeddable":true,"href":"https:\/\/aguaslindasnoticias.com.br\/index.php\/wp-json\/wp\/v2\/comments?post=5928"}],"version-history":[{"count":0,"href":"https:\/\/aguaslindasnoticias.com.br\/index.php\/wp-json\/wp\/v2\/posts\/5928\/revisions"}],"wp:attachment":[{"href":"https:\/\/aguaslindasnoticias.com.br\/index.php\/wp-json\/wp\/v2\/media?parent=5928"}],"wp:term":[{"taxonomy":"category","embeddable":true,"href":"https:\/\/aguaslindasnoticias.com.br\/index.php\/wp-json\/wp\/v2\/categories?post=5928"},{"taxonomy":"post_tag","embeddable":true,"href":"https:\/\/aguaslindasnoticias.com.br\/index.php\/wp-json\/wp\/v2\/tags?post=5928"}],"curies":[{"name":"wp","href":"https:\/\/api.w.org\/{rel}","templated":true}]}}