{"id":5927,"date":"2023-01-04T10:16:11","date_gmt":"2023-01-04T13:16:11","guid":{"rendered":"https:\/\/aguaslindasnoticias.com.br\/index.php\/2023\/01\/04\/lancado-novo-cartao-de-mobilidade-para-idosos\/"},"modified":"2023-01-04T10:16:11","modified_gmt":"2023-01-04T13:16:11","slug":"lancado-novo-cartao-de-mobilidade-para-idosos","status":"publish","type":"post","link":"https:\/\/aguaslindasnoticias.com.br\/index.php\/2023\/01\/04\/lancado-novo-cartao-de-mobilidade-para-idosos\/","title":{"rendered":"Lan\u00e7ado novo cart\u00e3o de mobilidade para idosos"},"content":{"rendered":"\n<p>Documento poder\u00e1 ser utilizado para acesso gratuito aos \u00f4nibus e ao metr\u00f4<\/p>\n\n\n\n<p>Ag\u00eancia Bras\u00edlia* | Edi\u00e7\u00e3o: Chico Neto<\/p>\n\n\n\n<p>Uma nova modalidade de cart\u00e3o para acesso ao transporte p\u00fablico coletivo do Distrito Federal ser\u00e1 disponibilizada para as pessoas maiores de 65 anos. A utiliza\u00e7\u00e3o do cart\u00e3o s\u00eanior foi regulamentada nesta quinta-feira (24) pela Secretaria de Transporte e Mobilidade (Semob).<\/p>\n\n\n\n<p>O documento, cujo porte n\u00e3o \u00e9 obrigat\u00f3rio para ter acesso \u00e0 gratuidade, proporcionar\u00e1 mais conforto aos passageiros, pois permite passagem pela catraca dos \u00f4nibus e acesso a maior quantidade de assentos.<\/p>\n\n\n\n<figure class=\"wp-block-image\" id=\"attachment_452292\"><img decoding=\"async\" src=\"http:\/\/agenciabrasilia.df.gov.br\/wp-conteudo\/uploads\/2022\/11\/24.11.-Materia-Semob.jpg\" alt=\"\" class=\"wp-image-452292\"\/><figcaption class=\"wp-element-caption\">Novo documento proporcionar\u00e1 aos usu\u00e1rios idosos mais facilidade no acesso aos \u00f4nibus | Foto: Paulo H. Carvalho\/Ag\u00eancia Bras\u00edlia<\/figcaption><\/figure>\n\n\n\n<p>De acordo com a subsecret\u00e1ria de Arrecada\u00e7\u00e3o, Gest\u00e3o e Controle de Gratuidades, Stephanie Ingrid Amaral Soares, a implanta\u00e7\u00e3o do cart\u00e3o s\u00eanior racionaliza o planejamento, j\u00e1 que possibilita quantificar os usu\u00e1rios e contribui no aprimoramento da oferta de viagens.<\/p>\n\n\n\n<p>\u201cAl\u00e9m disso, o objetivo da medida \u00e9 permitir o acesso gratuito pela porta de embarque e o desembarque pela porta de sa\u00edda, melhorando o conforto, a seguran\u00e7a e a autonomia desses usu\u00e1rios\u201d, explica.<\/p>\n\n\n\n<p>Como o uso do cart\u00e3o \u00e9 facultativo, o acesso dos idosos aos meios de transporte poder\u00e1 continuar sendo feito com apresenta\u00e7\u00e3o de documento oficial e pessoal. Nesses casos, n\u00e3o ser\u00e1 permitido ao passageiro transpor as catracas dos \u00f4nibus.<br><br><strong>Como obter o cart\u00e3o<\/strong><\/p>\n\n\n\n<p>O cart\u00e3o poder\u00e1 ser solicitado a partir da pr\u00f3xima semana, inicialmente, nos postos do BRB Mobilidade, mediante apresenta\u00e7\u00e3o de CPF, documento pessoal e oficial que fa\u00e7a prova de idade e foto 3 x 4 recente. O fornecimento da primeira via \u00e9 gratuito, e o prazo para entrega do cart\u00e3o \u00e9 de at\u00e9 dez dias \u00fateis ap\u00f3s a aprova\u00e7\u00e3o do cadastro.<\/p>\n\n\n\n<p>O benef\u00edcio \u00e9 de uso pessoal e intransfer\u00edvel, sendo a utiliza\u00e7\u00e3o sujeita \u00e0 fiscaliza\u00e7\u00e3o por biometria facial e outros meios. Poder\u00e1 haver recolhimento ou bloqueio do cart\u00e3o, com abertura de processo administrativo que garanta ampla defesa e contradit\u00f3rio, nos casos de uso indevido \u2013 utiliza\u00e7\u00e3o por terceiros, venda do benef\u00edcio, inconsist\u00eancia e desatualiza\u00e7\u00e3o dos dados cadastrais, clonagem e ac\u00famulo de benef\u00edcios de gratuidade.<\/p>\n\n\n\n<p>*<em>Com informa\u00e7\u00f5es da Semob-DF<\/em><\/p>\n","protected":false},"excerpt":{"rendered":"<p>Documento poder\u00e1 ser utilizado para acesso gratuito aos \u00f4nibus e ao metr\u00f4 Ag\u00eancia Bras\u00edlia* | Edi\u00e7\u00e3o: Chico Neto Uma nova modalidade de cart\u00e3o para acesso ao transporte p\u00fablico coletivo do Distrito Federal ser\u00e1 disponibilizada para as pessoas maiores de 65 anos. A utiliza\u00e7\u00e3o do cart\u00e3o s\u00eanior foi regulamentada nesta quinta-feira (24) pela Secretaria de Transporte [&hellip;]<\/p>\n","protected":false},"author":1,"featured_media":0,"comment_status":"open","ping_status":"open","sticky":false,"template":"","format":"standard","meta":{"footnotes":""},"categories":[],"tags":[],"class_list":["post-5927","post","type-post","status-publish","format-standard","hentry"],"_links":{"self":[{"href":"https:\/\/aguaslindasnoticias.com.br\/index.php\/wp-json\/wp\/v2\/posts\/5927","targetHints":{"allow":["GET"]}}],"collection":[{"href":"https:\/\/aguaslindasnoticias.com.br\/index.php\/wp-json\/wp\/v2\/posts"}],"about":[{"href":"https:\/\/aguaslindasnoticias.com.br\/index.php\/wp-json\/wp\/v2\/types\/post"}],"author":[{"embeddable":true,"href":"https:\/\/aguaslindasnoticias.com.br\/index.php\/wp-json\/wp\/v2\/users\/1"}],"replies":[{"embeddable":true,"href":"https:\/\/aguaslindasnoticias.com.br\/index.php\/wp-json\/wp\/v2\/comments?post=5927"}],"version-history":[{"count":0,"href":"https:\/\/aguaslindasnoticias.com.br\/index.php\/wp-json\/wp\/v2\/posts\/5927\/revisions"}],"wp:attachment":[{"href":"https:\/\/aguaslindasnoticias.com.br\/index.php\/wp-json\/wp\/v2\/media?parent=5927"}],"wp:term":[{"taxonomy":"category","embeddable":true,"href":"https:\/\/aguaslindasnoticias.com.br\/index.php\/wp-json\/wp\/v2\/categories?post=5927"},{"taxonomy":"post_tag","embeddable":true,"href":"https:\/\/aguaslindasnoticias.com.br\/index.php\/wp-json\/wp\/v2\/tags?post=5927"}],"curies":[{"name":"wp","href":"https:\/\/api.w.org\/{rel}","templated":true}]}}