{"id":5925,"date":"2023-01-04T10:16:11","date_gmt":"2023-01-04T13:16:11","guid":{"rendered":"https:\/\/aguaslindasnoticias.com.br\/index.php\/2023\/01\/04\/novos-carros-reforcam-unidades-rurais-de-saude\/"},"modified":"2023-01-04T10:16:11","modified_gmt":"2023-01-04T13:16:11","slug":"novos-carros-reforcam-unidades-rurais-de-saude","status":"publish","type":"post","link":"https:\/\/aguaslindasnoticias.com.br\/index.php\/2023\/01\/04\/novos-carros-reforcam-unidades-rurais-de-saude\/","title":{"rendered":"Novos carros refor\u00e7am unidades rurais de sa\u00fade"},"content":{"rendered":"\n<p>Sete caminhonetes v\u00e3o transportar materiais e equipes. H\u00e1 previs\u00e3o de mais nove ve\u00edculos at\u00e9 2023<\/p>\n\n\n\n<p>Ag\u00eancia Bras\u00edlia* | Edi\u00e7\u00e3o: Claudio Fernandes<\/p>\n\n\n\n<p>A Secretaria de Sa\u00fade recebeu, nesta quarta-feira (23), sete ve\u00edculos para refor\u00e7ar a log\u00edstica nas regi\u00f5es de sa\u00fade, com foco nas \u00e1reas rurais. S\u00e3o caminhonetes cabine dupla, com espa\u00e7o para carga e cinco passageiros, preparadas para deslocamentos em estradas de terra.<\/p>\n\n\n\n<figure class=\"wp-block-image\" id=\"attachment_452087\"><img decoding=\"async\" src=\"http:\/\/agenciabrasilia.df.gov.br\/wp-conteudo\/uploads\/2022\/11\/Novos_veiculos_para_a_Secretaria_de_Saude._Foto_Secretaria_de_Saude_DF_2.jpeg\" alt=\"\" class=\"wp-image-452087\"\/><figcaption class=\"wp-element-caption\">As novas caminhonetes t\u00eam cabine dupla, espa\u00e7o para carga e cinco passageiros, e s\u00e3o preparadas para deslocamentos em estradas de terra | Foto: Secretaria de Sa\u00fade DF<\/figcaption><\/figure>\n\n\n\n<p>\u201cN\u00f3s temos algumas unidades b\u00e1sicas de sa\u00fade e atendimentos que acontecem em regi\u00f5es mais remotas, ent\u00e3o vamos conseguir fazer os atendimentos de maneira mais adequada\u201d, afirma o superintendente da regi\u00e3o de sa\u00fade Sul, Diego Fernandes da Silva, respons\u00e1vel por uma das \u00e1reas beneficiadas.<\/p>\n\n\n\n<p>A secret\u00e1ria de Sa\u00fade, Lucilene Flor\u00eancio destacou que a nova frota vai ajudar, principalmente, a aten\u00e7\u00e3o prim\u00e1ria. \u201cQueremos com esses carros fortalecer as entregas de medicamentos e insumos principalmente nas UBSs. A gente vai fortalecer a log\u00edstica para evitar que os usu\u00e1rios fiquem sem o atendimento de suas demandas na ponta\u201d, avalia.<\/p>\n\n\n\n<blockquote class=\"wp-block-quote is-layout-flow wp-block-quote-is-layout-flow\">\n<p>\u201cVamos verificar a disponibilidade para fornecer outras caminhonetes. Se n\u00e3o for neste contrato, pode ser com outros, j\u00e1 que est\u00e3o previstas novas contrata\u00e7\u00f5es para 2023\u201dAnderson Fabr\u00edcio de Alc\u00e2ntara, subsecret\u00e1rio de Gest\u00e3o de Contratos Corporativos da Seplad<\/p>\n<\/blockquote>\n\n\n\n<p>Entre as atividades previstas, est\u00e3o o transporte de vacinas e de medicamentos, atendimento domiciliar, apoio \u00e0s equipes em trabalhos volantes e at\u00e9 apoio \u00e0 verifica\u00e7\u00e3o de \u00f3bitos. As caminhonetes tamb\u00e9m v\u00e3o atuar no Gama, Santa Maria, Brazl\u00e2ndia, Ceil\u00e2ndia, Sobradinho, Planaltina, S\u00e3o Sebasti\u00e3o, Itapo\u00e3, Parano\u00e1 e Jardim Bot\u00e2nico.<\/p>\n\n\n\n<p>Os ve\u00edculos foram repassados \u00e0 Secretaria de Sa\u00fade pela Secretaria de Planejamento, Or\u00e7amento e Administra\u00e7\u00e3o (Seplad). De acordo com o subsecret\u00e1rio de Infraestrutura da Secretaria de Sa\u00fade, M\u00e1rio Furtado, o recebimento da frota \u00e9 fundamental para melhorar o atendimento \u00e0 popula\u00e7\u00e3o. \u201cVamos solicitar mais caminhonetes para refor\u00e7ar o trabalho das nossas regi\u00f5es de sa\u00fade\u201d, diz.<\/p>\n\n\n\n<p>O subsecret\u00e1rio de Gest\u00e3o de Contratos Corporativos da Seplad, Anderson Fabr\u00edcio de Alc\u00e2ntara, destaca que o contrato prev\u00ea o aluguel de 36 ve\u00edculos para todo o complexo administrativo do Distrito Federal. \u201cVamos verificar a disponibilidade para fornecer outras caminhonetes. Se n\u00e3o for neste contrato, pode ser com outros, j\u00e1 que est\u00e3o previstas novas contrata\u00e7\u00f5es para 2023\u201d, afirma.<\/p>\n\n\n\n<p><em>*Com informa\u00e7\u00f5es da Secretaria de Sa\u00fade do DF<\/em><\/p>\n","protected":false},"excerpt":{"rendered":"<p>Sete caminhonetes v\u00e3o transportar materiais e equipes. H\u00e1 previs\u00e3o de mais nove ve\u00edculos at\u00e9 2023 Ag\u00eancia Bras\u00edlia* | Edi\u00e7\u00e3o: Claudio Fernandes A Secretaria de Sa\u00fade recebeu, nesta quarta-feira (23), sete ve\u00edculos para refor\u00e7ar a log\u00edstica nas regi\u00f5es de sa\u00fade, com foco nas \u00e1reas rurais. S\u00e3o caminhonetes cabine dupla, com espa\u00e7o para carga e cinco passageiros, [&hellip;]<\/p>\n","protected":false},"author":1,"featured_media":0,"comment_status":"open","ping_status":"open","sticky":false,"template":"","format":"standard","meta":{"footnotes":""},"categories":[],"tags":[],"class_list":["post-5925","post","type-post","status-publish","format-standard","hentry"],"_links":{"self":[{"href":"https:\/\/aguaslindasnoticias.com.br\/index.php\/wp-json\/wp\/v2\/posts\/5925","targetHints":{"allow":["GET"]}}],"collection":[{"href":"https:\/\/aguaslindasnoticias.com.br\/index.php\/wp-json\/wp\/v2\/posts"}],"about":[{"href":"https:\/\/aguaslindasnoticias.com.br\/index.php\/wp-json\/wp\/v2\/types\/post"}],"author":[{"embeddable":true,"href":"https:\/\/aguaslindasnoticias.com.br\/index.php\/wp-json\/wp\/v2\/users\/1"}],"replies":[{"embeddable":true,"href":"https:\/\/aguaslindasnoticias.com.br\/index.php\/wp-json\/wp\/v2\/comments?post=5925"}],"version-history":[{"count":0,"href":"https:\/\/aguaslindasnoticias.com.br\/index.php\/wp-json\/wp\/v2\/posts\/5925\/revisions"}],"wp:attachment":[{"href":"https:\/\/aguaslindasnoticias.com.br\/index.php\/wp-json\/wp\/v2\/media?parent=5925"}],"wp:term":[{"taxonomy":"category","embeddable":true,"href":"https:\/\/aguaslindasnoticias.com.br\/index.php\/wp-json\/wp\/v2\/categories?post=5925"},{"taxonomy":"post_tag","embeddable":true,"href":"https:\/\/aguaslindasnoticias.com.br\/index.php\/wp-json\/wp\/v2\/tags?post=5925"}],"curies":[{"name":"wp","href":"https:\/\/api.w.org\/{rel}","templated":true}]}}