{"id":5924,"date":"2023-01-04T10:16:11","date_gmt":"2023-01-04T13:16:11","guid":{"rendered":"https:\/\/aguaslindasnoticias.com.br\/index.php\/2023\/01\/04\/exposicao-na-cldf-celebra-cinco-decadas-de-arte-de-toninho-de-souza\/"},"modified":"2023-01-04T10:16:11","modified_gmt":"2023-01-04T13:16:11","slug":"exposicao-na-cldf-celebra-cinco-decadas-de-arte-de-toninho-de-souza","status":"publish","type":"post","link":"https:\/\/aguaslindasnoticias.com.br\/index.php\/2023\/01\/04\/exposicao-na-cldf-celebra-cinco-decadas-de-arte-de-toninho-de-souza\/","title":{"rendered":"Exposi\u00e7\u00e3o na CLDF celebra cinco d\u00e9cadas de arte de Toninho de Souza"},"content":{"rendered":"\n<p>Foto: Rinaldo Morelli\/CLDF<\/p>\n\n\n\n<figure class=\"wp-block-image\"><img decoding=\"async\" src=\"https:\/\/www.cl.df.gov.br\/documents\/10162\/26256707\/2211401RL+%2816%29.jpg\/b9b42b2e-9963-7b49-5842-ba03bbd95257?t=1669067072918\" alt=\"\"\/><\/figure>\n\n\n\n<p>A mostra, intitulada \u201cToninho de Souza: um alquimista da cor\u201d ser\u00e1 inaugurada nesta ter\u00e7a-feira (22), \u00e0s 17h, e prossegue em cartaz at\u00e9 o dia 3 de fevereiro de 2023, no Foyer do Plen\u00e1rio<\/p>\n\n\n\n<p>Cerca de 25 anos ap\u00f3s surpreender o circuito art\u00edstico brasiliense inaugurando, quase ao mesmo tempo, dez exposi\u00e7\u00f5es em diferentes locais, que tra\u00e7avam um panorama de sua trajet\u00f3ria, Toninho de Souza abre uma mostra de car\u00e1ter retrospectivo na C\u00e2mara Legislativa do Distrito Federal, nesta ter\u00e7a-feira (22). N\u00e3o que ele tenha parado de produzir desde ent\u00e3o. Ao contr\u00e1rio, criador prol\u00edfico, conhecido por desenvolver uma linguagem art\u00edstica pr\u00f3pria, continuou a deixar sua marca em telas, murais, esculturas e objetos escult\u00f3ricos, ton\u00e9is, tapumes, guarda-chuvas e sombrinhas, outdoors e at\u00e9 paradas de \u00f4nibus.<\/p>\n\n\n\n<p>Acompanhando o desenrolar de sua pintura, ao longo de d\u00e9cadas, at\u00e9 chegar aos recentes processos digitais \u2013 em meio a uma pesquisa voltada para a sua viv\u00eancia no cerrado brasileiro \u2013, \u201cinquieto\u201d, talvez, seja um adjetivo poss\u00edvel para caracteriz\u00e1-lo. Toninho de Souza experimentou t\u00e9cnicas diversas, suas exposi\u00e7\u00f5es nacionais e internacionais t\u00eam v\u00e1rias formata\u00e7\u00f5es (incluindo instala\u00e7\u00f5es e interven\u00e7\u00f5es urbanas, por exemplo), ganhou diversos pr\u00eamios, seus trabalhos integram cole\u00e7\u00f5es no Brasil e no exterior&#8230;, uma atividade que n\u00e3o registra interrup\u00e7\u00f5es.<\/p>\n\n\n\n<figure class=\"wp-block-image\"><img decoding=\"async\" src=\"https:\/\/www.cl.df.gov.br\/documents\/10162\/26256707\/2211401RL+%281%29.jpg\/94463a19-8b16-6c13-2df6-1c4005d9c331?t=1669064144773\" alt=\"\"\/><\/figure>\n\n\n\n<p>Com&nbsp;<em>vernissage<\/em>&nbsp;marcado para as 17 horas, na exposi\u00e7\u00e3o, o p\u00fablico ter\u00e1 a oportunidade de entrar em contato com obras representativas de v\u00e1rias fases do artista, nas quais, entre o figurativo e abstrato, se destacam animais e frutas naquilo que Toninho de Souza denominou \u201cmelantucanarismo\u201d \u2013 como uma s\u00edntese de sua produ\u00e7\u00e3o, iniciada nos anos 1960.<\/p>\n\n\n\n<p>A mostra, intitulada \u201cToninho de Souza: um alquimista da cor\u201d prossegue em cartaz at\u00e9 o dia 3 de fevereiro de 2023, no Foyer do Plen\u00e1rio da CLDF, e poder\u00e1 ser visitada de segunda a sexta-feira, das 9h \u00e0s 19h. A entrada \u00e9 franca.<br>&nbsp;<\/p>\n\n\n\n<h4 class=\"wp-block-heading\">Exposi\u00e7\u00e3o \u201cToninho de Souza: um alquimista da cor\u201d<br>&nbsp;<\/h4>\n\n\n\n<p>Foyer do Plen\u00e1rio da C\u00e2mara Legislativa do Distrito Federal<br>Abertura: 22 de novembro de 2022, \u00e0s 17 horas<br>Visita\u00e7\u00e3o: at\u00e9 3 de fevereiro de 2023<br>Hor\u00e1rio: 9 \u00e0s 19h, de segunda a sexta-feira<br>Classifica\u00e7\u00e3o indicativa: livre para todos os p\u00fablicos<br>Entrada Franca<\/p>\n\n\n\n<p><strong>Marco T\u00falio Alencar &#8211; Ag\u00eancia CLDF<\/strong><\/p>\n","protected":false},"excerpt":{"rendered":"<p>Foto: Rinaldo Morelli\/CLDF A mostra, intitulada \u201cToninho de Souza: um alquimista da cor\u201d ser\u00e1 inaugurada nesta ter\u00e7a-feira (22), \u00e0s 17h, e prossegue em cartaz at\u00e9 o dia 3 de fevereiro de 2023, no Foyer do Plen\u00e1rio Cerca de 25 anos ap\u00f3s surpreender o circuito art\u00edstico brasiliense inaugurando, quase ao mesmo tempo, dez exposi\u00e7\u00f5es em diferentes [&hellip;]<\/p>\n","protected":false},"author":1,"featured_media":0,"comment_status":"open","ping_status":"open","sticky":false,"template":"","format":"standard","meta":{"footnotes":""},"categories":[],"tags":[],"class_list":["post-5924","post","type-post","status-publish","format-standard","hentry"],"_links":{"self":[{"href":"https:\/\/aguaslindasnoticias.com.br\/index.php\/wp-json\/wp\/v2\/posts\/5924","targetHints":{"allow":["GET"]}}],"collection":[{"href":"https:\/\/aguaslindasnoticias.com.br\/index.php\/wp-json\/wp\/v2\/posts"}],"about":[{"href":"https:\/\/aguaslindasnoticias.com.br\/index.php\/wp-json\/wp\/v2\/types\/post"}],"author":[{"embeddable":true,"href":"https:\/\/aguaslindasnoticias.com.br\/index.php\/wp-json\/wp\/v2\/users\/1"}],"replies":[{"embeddable":true,"href":"https:\/\/aguaslindasnoticias.com.br\/index.php\/wp-json\/wp\/v2\/comments?post=5924"}],"version-history":[{"count":0,"href":"https:\/\/aguaslindasnoticias.com.br\/index.php\/wp-json\/wp\/v2\/posts\/5924\/revisions"}],"wp:attachment":[{"href":"https:\/\/aguaslindasnoticias.com.br\/index.php\/wp-json\/wp\/v2\/media?parent=5924"}],"wp:term":[{"taxonomy":"category","embeddable":true,"href":"https:\/\/aguaslindasnoticias.com.br\/index.php\/wp-json\/wp\/v2\/categories?post=5924"},{"taxonomy":"post_tag","embeddable":true,"href":"https:\/\/aguaslindasnoticias.com.br\/index.php\/wp-json\/wp\/v2\/tags?post=5924"}],"curies":[{"name":"wp","href":"https:\/\/api.w.org\/{rel}","templated":true}]}}