{"id":5923,"date":"2023-01-04T10:16:11","date_gmt":"2023-01-04T13:16:11","guid":{"rendered":"https:\/\/aguaslindasnoticias.com.br\/index.php\/2023\/01\/04\/pl-aprovado-flexibiliza-acesso-de-pets-no-transporte-publico\/"},"modified":"2023-01-04T10:16:11","modified_gmt":"2023-01-04T13:16:11","slug":"pl-aprovado-flexibiliza-acesso-de-pets-no-transporte-publico","status":"publish","type":"post","link":"https:\/\/aguaslindasnoticias.com.br\/index.php\/2023\/01\/04\/pl-aprovado-flexibiliza-acesso-de-pets-no-transporte-publico\/","title":{"rendered":"PL aprovado flexibiliza acesso de pets no transporte p\u00fablico"},"content":{"rendered":"\n<p>Foto: Carlos Gandra\/CLDF<\/p>\n\n\n\n<figure class=\"wp-block-image\"><img decoding=\"async\" src=\"https:\/\/www.cl.df.gov.br\/documents\/10162\/25630419\/Cachorro-pode-onibus-Petlove.jpg\/fe0531e9-964d-e046-cf63-4201d06d9165?t=1669158626727\" alt=\"\"\/><\/figure>\n\n\n\n<p>Atualmente a lei condiciona o transporte ao uso de caixas, que t\u00eam alto custo<\/p>\n\n\n\n<p>Uma modifica\u00e7\u00e3o, proposta pela deputada J\u00falia Lucy (Uni\u00e3o Brasil), \u00e0 Lei Distrital n\u00b0 6.353\/2019, que autoriza animais dom\u00e9sticos no servi\u00e7o de transporte coletivo de passageiros do Distrito Federal, amplia essa possibilidade. A lei permitia apenas a condu\u00e7\u00e3o de animais em caixas apropriadas. Com a altera\u00e7\u00e3o (projeto de lei n\u00ba 2.638\/2022), aprovada pela C\u00e2mara Legislativa na sess\u00e3o deliberativa desta ter\u00e7a-feira (22), tamb\u00e9m poder\u00e3o ser utilizadas coleiras e guias.<\/p>\n\n\n\n<p>\u201cA Lei limita o transporte, restringindo essa possibilidade a uma parcela da popula\u00e7\u00e3o devido ao alto custo das caixas. Al\u00e9m disso, idosos reclamam do peso desses equipamentos\u201d, argumentou a parlamentar.<\/p>\n\n\n\n<p>De acordo com o PL, votado em primeiro, segundo turno e reda\u00e7\u00e3o final, os animais de pequeno porte ser\u00e3o acompanhados por seus donos ou respons\u00e1veis, que devem garantir a seguran\u00e7a, higiene e o conforto do animal e dos demais passageiros. No caso de c\u00e3es de ra\u00e7as destinadas \u00e0 guarda ou ataque \u00e9 obrigat\u00f3rio o uso de focinheira.<\/p>\n\n\n\n<p><strong>Marco T\u00falio Alencar &#8211; Ag\u00eancia CLDF<\/strong><\/p>\n","protected":false},"excerpt":{"rendered":"<p>Foto: Carlos Gandra\/CLDF Atualmente a lei condiciona o transporte ao uso de caixas, que t\u00eam alto custo Uma modifica\u00e7\u00e3o, proposta pela deputada J\u00falia Lucy (Uni\u00e3o Brasil), \u00e0 Lei Distrital n\u00b0 6.353\/2019, que autoriza animais dom\u00e9sticos no servi\u00e7o de transporte coletivo de passageiros do Distrito Federal, amplia essa possibilidade. A lei permitia apenas a condu\u00e7\u00e3o de [&hellip;]<\/p>\n","protected":false},"author":1,"featured_media":0,"comment_status":"open","ping_status":"open","sticky":false,"template":"","format":"standard","meta":{"footnotes":""},"categories":[],"tags":[],"class_list":["post-5923","post","type-post","status-publish","format-standard","hentry"],"_links":{"self":[{"href":"https:\/\/aguaslindasnoticias.com.br\/index.php\/wp-json\/wp\/v2\/posts\/5923","targetHints":{"allow":["GET"]}}],"collection":[{"href":"https:\/\/aguaslindasnoticias.com.br\/index.php\/wp-json\/wp\/v2\/posts"}],"about":[{"href":"https:\/\/aguaslindasnoticias.com.br\/index.php\/wp-json\/wp\/v2\/types\/post"}],"author":[{"embeddable":true,"href":"https:\/\/aguaslindasnoticias.com.br\/index.php\/wp-json\/wp\/v2\/users\/1"}],"replies":[{"embeddable":true,"href":"https:\/\/aguaslindasnoticias.com.br\/index.php\/wp-json\/wp\/v2\/comments?post=5923"}],"version-history":[{"count":0,"href":"https:\/\/aguaslindasnoticias.com.br\/index.php\/wp-json\/wp\/v2\/posts\/5923\/revisions"}],"wp:attachment":[{"href":"https:\/\/aguaslindasnoticias.com.br\/index.php\/wp-json\/wp\/v2\/media?parent=5923"}],"wp:term":[{"taxonomy":"category","embeddable":true,"href":"https:\/\/aguaslindasnoticias.com.br\/index.php\/wp-json\/wp\/v2\/categories?post=5923"},{"taxonomy":"post_tag","embeddable":true,"href":"https:\/\/aguaslindasnoticias.com.br\/index.php\/wp-json\/wp\/v2\/tags?post=5923"}],"curies":[{"name":"wp","href":"https:\/\/api.w.org\/{rel}","templated":true}]}}