{"id":5920,"date":"2023-01-04T10:16:11","date_gmt":"2023-01-04T13:16:11","guid":{"rendered":"https:\/\/aguaslindasnoticias.com.br\/index.php\/2023\/01\/04\/tudo-pronto-para-a-semana-nacional-do-doador-voluntario-de-sangue\/"},"modified":"2023-01-04T10:16:11","modified_gmt":"2023-01-04T13:16:11","slug":"tudo-pronto-para-a-semana-nacional-do-doador-voluntario-de-sangue","status":"publish","type":"post","link":"https:\/\/aguaslindasnoticias.com.br\/index.php\/2023\/01\/04\/tudo-pronto-para-a-semana-nacional-do-doador-voluntario-de-sangue\/","title":{"rendered":"Tudo pronto para a Semana Nacional do Doador Volunt\u00e1rio de Sangue"},"content":{"rendered":"\n<p>Hemocentro se engaja na data e faz campanha para ampliar o n\u00famero de doa\u00e7\u00f5es<\/p>\n\n\n\n<p>Ag\u00eancia Bras\u00edlia* | Edi\u00e7\u00e3o: Chico Neto<\/p>\n\n\n\n<p>A Funda\u00e7\u00e3o Hemocentro de Bras\u00edlia (FHB) est\u00e1 com tudo pronto para comemorar a Semana Nacional do Doador Volunt\u00e1rio de Sangue. Em n\u00edvel internacional, 25 de novembro \u00e9 a data institu\u00edda pela Organiza\u00e7\u00e3o Mundial da Sa\u00fade (OMS) para sensibilizar e aumentar o n\u00famero de doadores no mundo, conscientizando-os sobre a import\u00e2ncia dessa a\u00e7\u00e3o.<\/p>\n\n\n\n<figure class=\"wp-block-image\" id=\"attachment_450552\"><img decoding=\"async\" src=\"http:\/\/agenciabrasilia.df.gov.br\/wp-conteudo\/uploads\/2022\/11\/20.11.-Hemocentro.-Foto-Arquivo-Agencia-Brasilia2.jpeg\" alt=\"\" class=\"wp-image-450552\"\/><figcaption class=\"wp-element-caption\">Doa\u00e7\u00f5es de sangue sempre s\u00e3o bem-vindas ao Hemocentro, que precisa manter o estoque para salvar vidas | Foto: Arquivo\/Ag\u00eancia Bras\u00edlia<\/figcaption><\/figure>\n\n\n\n<blockquote class=\"wp-block-quote is-layout-flow wp-block-quote-is-layout-flow\">\n<p>39.538Total de doa\u00e7\u00f5es registradas no Hemocentro entre janeiro e setembro deste ano<\/p>\n<\/blockquote>\n\n\n\n<p>No Hemocentro, os estoques atuais de concentrados de hem\u00e1cias est\u00e3o 31% menores em rela\u00e7\u00e3o a outubro deste ano e 3% menores em rela\u00e7\u00e3o a novembro de 2021. Os grupos sangu\u00edneos A positivo, O positivo e O negativo encontram-se em n\u00edveis abaixo do adequado. Independentemente dos n\u00edveis dos estoques, a unidade lembra que as doa\u00e7\u00f5es precisam se manter cont\u00ednuas para todos os tipos, a fim de que os estoques permane\u00e7am dentro dos n\u00edveis considerados seguros.<\/p>\n\n\n\n<p>Entre 1\u00ba de janeiro e 30 de setembro, foram 39.538 doa\u00e7\u00f5es, no total. A m\u00e9dia de 169 doa\u00e7\u00f5es de sangue por dia tem sido suficiente para alcan\u00e7ar os n\u00edveis de seguran\u00e7a e o abastecimento integral da rede p\u00fablica de sa\u00fade \u2013 por\u00e9m, historicamente, o per\u00edodo de agosto a novembro apresenta queda no n\u00famero de doa\u00e7\u00f5es. Assim, o Hemocentro alerta que \u00e9 importante manter a m\u00e9dia apresentada no primeiro semestre de 2022.<\/p>\n\n\n\n<p>Uma \u00fanica doa\u00e7\u00e3o pode salvar at\u00e9 quatro vidas, dependendo do hemocomponente que o paciente precisa receber.&nbsp; A plaqueta \u00e9 o hemocomponente com validade mais curta, de apenas cinco dias.<\/p>\n\n\n\n<p><strong>Doe sangue<\/strong><\/p>\n\n\n\n<p>A doa\u00e7\u00e3o de sangue \u00e9 um processo que leva at\u00e9 90 minutos, desde o cadastro at\u00e9 o lanche p\u00f3s-coleta. Para evitar aglomera\u00e7\u00f5es, o atendimento agendado continua obrigat\u00f3rio e deve ser feito pelo site <a href=\"https:\/\/agenda.df.gov.br\/\">site Agenda DF<\/a>.<\/p>\n\n\n\n<p><br>Para doar, \u00e9 preciso ter entre 16 e 69 anos, pesar mais de 51 kg e estar saud\u00e1vel. Quem passou por cirurgia, exame endosc\u00f3pico ou adoeceu recentemente deve consultar o site do Hemocentro para saber se est\u00e1 apto a doar sangue. Quem teve gripe deve aguardar 15 dias ap\u00f3s o desaparecimento dos sintomas<br><br>J\u00e1 quem teve covid-19 deve aguardar dez dias ap\u00f3s o fim dos sintomas, desde que sem sequelas. Caso a pessoa seja assintom\u00e1tica, o prazo \u00e9 contado a partir da data de coleta do exame. Por sua vez, quem teve contato com pessoa diagnosticada ou com suspeita de covid-19 nos \u00faltimos dez dias fica impedido de doar sangue por sete dias ap\u00f3s esse encontro..<\/p>\n\n\n\n<p>Com rela\u00e7\u00e3o aos imunizantes, o tempo de impedimento \u00e9 mais curto: a vacina contra gripe e a Coronavac impedem a doa\u00e7\u00e3o de sangue por dois dias ap\u00f3s a dose. J\u00e1 as vacinas Pfizer, Astrazeneca e Janssen impedem por sete dias ap\u00f3s cada dose.<\/p>\n\n\n\n<p><strong>Agendamento<\/strong><\/p>\n\n\n\n<p>&nbsp;O atendimento para doa\u00e7\u00e3o de sangue \u00e9 feito mediante agendamento pr\u00e9vio. A medida foi adotada em virtude da pandemia de coronav\u00edrus, a fim de aprimorar o controle do n\u00famero de pessoas que aguardam para doar sangue. E ser\u00e1 mantido, em fun\u00e7\u00e3o da comprovada otimiza\u00e7\u00e3o de tempo de perman\u00eancia dos candidatos \u00e0 doa\u00e7\u00e3o nas depend\u00eancias da Funda\u00e7\u00e3o, trazendo maior comodidade.<\/p>\n\n\n\n<p>O agendamento individual pode ser feito pelo&nbsp;<a href=\"https:\/\/agenda.df.gov.br\/\">site Agenda DF<\/a>&nbsp;ou pelos telefones 160 op\u00e7\u00e3o 2, ou 0800 644 0160. O hor\u00e1rio desse atendimento telef\u00f4nico \u00e9 de segunda a sexta, das 7h \u00e0s 21h, e aos s\u00e1bados, domingos e feriados, das 8h \u00e0s 18h.<\/p>\n\n\n\n<p>O agendamento de grupos para doa\u00e7\u00e3o de sangue deve ser feito pelos telefones (61) 3327-4413 ou (61) 3327-4447. Nesses n\u00fameros, o atendimento telef\u00f4nico \u00e9 prestado de segunda-feira a s\u00e1bado (exceto feriados), das 7h \u00e0s 18h.<\/p>\n\n\n\n<p>Confira, abaixo, a programa\u00e7\u00e3o do Hemocentro durante a Semana Nacional do Doador Volunt\u00e1rio de Sangue.<\/p>\n\n\n\n<p><strong>Segunda (21)<br>\u2192<\/strong>10h: Apresenta\u00e7\u00e3o Banda da Aeron\u00e1utica<br><strong>\u2192<\/strong>11h: Abertura oficial da Semana do Doador e homenagens aos doadores&nbsp;<\/p>\n\n\n\n<p><strong>Ter\u00e7a (22)<br>\u2192<\/strong>9h: Show com o Grupo Patubat\u00ea<br><strong>\u2192<\/strong>14h: apresenta\u00e7\u00e3o do Grupo Sangue Bom, com repert\u00f3rio de MPB e sertanejo&nbsp;<\/p>\n\n\n\n<p><strong>Quarta (23)<br><\/strong><strong>\u2192<\/strong>10h: BC Ara\u00fajo<br><strong>\u2192<\/strong>15h30: Grupo Roda do Sudoca&nbsp;<\/p>\n\n\n\n<p><strong>Quinta (24)<br><\/strong><strong>\u2192<\/strong>Das 7h15 \u00e0s 11h: atendimento ao p\u00fablico<\/p>\n\n\n\n<p><strong>Sexta (25)<br><\/strong><strong>\u2192<\/strong>10h: apresenta\u00e7\u00e3o do Quarteto de Cordas da For\u00e7a A\u00e9rea Brasileira<\/p>\n\n\n\n<p><strong>S\u00e1bado (26)<br><\/strong><strong>\u2192<\/strong>15h: Banda do Arthur Primal Wrath&nbsp;<\/p>\n\n\n\n<p>\u21d2A programa\u00e7\u00e3o poder\u00e1 sofrer altera\u00e7\u00f5es ao longo da semana.<\/p>\n\n\n\n<p>*&nbsp;<em>Com informa\u00e7\u00f5es da Funda\u00e7\u00e3o Hemocentro de Bras\u00edlia&nbsp;<\/em><\/p>\n","protected":false},"excerpt":{"rendered":"<p>Hemocentro se engaja na data e faz campanha para ampliar o n\u00famero de doa\u00e7\u00f5es Ag\u00eancia Bras\u00edlia* | Edi\u00e7\u00e3o: Chico Neto A Funda\u00e7\u00e3o Hemocentro de Bras\u00edlia (FHB) est\u00e1 com tudo pronto para comemorar a Semana Nacional do Doador Volunt\u00e1rio de Sangue. Em n\u00edvel internacional, 25 de novembro \u00e9 a data institu\u00edda pela Organiza\u00e7\u00e3o Mundial da Sa\u00fade [&hellip;]<\/p>\n","protected":false},"author":1,"featured_media":0,"comment_status":"open","ping_status":"open","sticky":false,"template":"","format":"standard","meta":{"footnotes":""},"categories":[],"tags":[],"class_list":["post-5920","post","type-post","status-publish","format-standard","hentry"],"_links":{"self":[{"href":"https:\/\/aguaslindasnoticias.com.br\/index.php\/wp-json\/wp\/v2\/posts\/5920","targetHints":{"allow":["GET"]}}],"collection":[{"href":"https:\/\/aguaslindasnoticias.com.br\/index.php\/wp-json\/wp\/v2\/posts"}],"about":[{"href":"https:\/\/aguaslindasnoticias.com.br\/index.php\/wp-json\/wp\/v2\/types\/post"}],"author":[{"embeddable":true,"href":"https:\/\/aguaslindasnoticias.com.br\/index.php\/wp-json\/wp\/v2\/users\/1"}],"replies":[{"embeddable":true,"href":"https:\/\/aguaslindasnoticias.com.br\/index.php\/wp-json\/wp\/v2\/comments?post=5920"}],"version-history":[{"count":0,"href":"https:\/\/aguaslindasnoticias.com.br\/index.php\/wp-json\/wp\/v2\/posts\/5920\/revisions"}],"wp:attachment":[{"href":"https:\/\/aguaslindasnoticias.com.br\/index.php\/wp-json\/wp\/v2\/media?parent=5920"}],"wp:term":[{"taxonomy":"category","embeddable":true,"href":"https:\/\/aguaslindasnoticias.com.br\/index.php\/wp-json\/wp\/v2\/categories?post=5920"},{"taxonomy":"post_tag","embeddable":true,"href":"https:\/\/aguaslindasnoticias.com.br\/index.php\/wp-json\/wp\/v2\/tags?post=5920"}],"curies":[{"name":"wp","href":"https:\/\/api.w.org\/{rel}","templated":true}]}}