{"id":5917,"date":"2023-01-04T10:16:04","date_gmt":"2023-01-04T13:16:04","guid":{"rendered":"https:\/\/aguaslindasnoticias.com.br\/index.php\/2023\/01\/04\/gdf-investe-r-16-milhao-na-construcao-de-20-quadras-esportivas-de-areia\/"},"modified":"2023-01-04T10:16:04","modified_gmt":"2023-01-04T13:16:04","slug":"gdf-investe-r-16-milhao-na-construcao-de-20-quadras-esportivas-de-areia","status":"publish","type":"post","link":"https:\/\/aguaslindasnoticias.com.br\/index.php\/2023\/01\/04\/gdf-investe-r-16-milhao-na-construcao-de-20-quadras-esportivas-de-areia\/","title":{"rendered":"GDF investe R$ 1,6 milh\u00e3o na constru\u00e7\u00e3o de 20 quadras esportivas de areia"},"content":{"rendered":"\n<p>Os equipamentos foram instalados pela Secretaria de Esporte e Lazer em 14 regi\u00f5es administrativas. Cada um deles dever\u00e1 atender cerca de 5 mil moradores da comunidade local<\/p>\n\n\n\n<p>Catarina Lima, da Ag\u00eancia Bras\u00edlia | Edi\u00e7\u00e3o: Rosualdo Rodrigues<\/p>\n\n\n\n<p>A Secretaria de Esporte e Lazer (SEL) desembolsou R$ 1,6 milh\u00e3o para a constru\u00e7\u00e3o de 20 quadras esportivas de areia em 14 regi\u00f5es administrativas no DF. De acordo com a pasta, a escolha dos locais para a implanta\u00e7\u00e3o das quadras foi feita conforme a demanda de cada RA, observando o local apto para receber as novas instala\u00e7\u00f5es.<\/p>\n\n\n\n<figure class=\"wp-block-image\"><img decoding=\"async\" src=\"http:\/\/agenciabrasilia.df.gov.br\/wp-conteudo\/uploads\/2022\/11\/dentro-7.jpg\" alt=\"\" class=\"wp-image-448817\"\/><figcaption class=\"wp-element-caption\">Ap\u00f3s a entrega, a gest\u00e3o das quadras de areia e de projetos a serem feitos na \u00e1rea passa a ser de responsabilidade de cada RA | Foto: Paulo H. Carvalho\/Ag\u00eancia Bras\u00edlia<\/figcaption><\/figure>\n\n\n\n<p>A expectativa \u00e9 que cada quadra beneficie cerca de 5 mil pessoas da comunidade que vive nas proximidades do equipamento, sendo que uma dessas quadras est\u00e1 no Centro Ol\u00edmpico e Paral\u00edmpico de Planaltina e atender\u00e1 os alunos da unidade. O p\u00fablico-alvo \u00e9 formado por adolescentes, jovens e adultos sem restri\u00e7\u00f5es de faixa et\u00e1ria.<\/p>\n\n\n\n<blockquote class=\"wp-block-quote is-layout-flow wp-block-quote-is-layout-flow\">\n<p>\u201cOs novos equipamentos garantem que mais jovens e crian\u00e7as permane\u00e7am longe das drogas e da viol\u00eancia ao proporcionarmos espa\u00e7os apropriados para o conv\u00edvio\u201dGiselle Ferreira, secret\u00e1ria de Esporte e Lazer<\/p>\n<\/blockquote>\n\n\n\n<p>\u201cPela primeira vez, a Secretaria de Esporte e Lazer est\u00e1 conseguindo tirar do papel, por conta pr\u00f3pria, obras de equipamentos p\u00fablicos. Assumimos esse compromisso de entregar espa\u00e7os de qualidade para a pr\u00e1tica de atividade f\u00edsica em todo o DF e, dessa forma, estamos levando mais sa\u00fade para a popula\u00e7\u00e3o. Al\u00e9m disso, os novos equipamentos garantem que mais jovens e crian\u00e7as permane\u00e7am longe das drogas e da viol\u00eancia, ao proporcionarmos espa\u00e7os apropriados para o conv\u00edvio\u201d, afirma a secret\u00e1ria de Esporte e Lazer, Giselle Ferreira.<\/p>\n\n\n\n<p>Cada quadra de areia mede 24 m x 22 m, totalizando 308 m\u00b2. Os equipamentos s\u00e3o compostos por solos compactados e sistema de drenagem de \u00e1guas pluviais do tipo espinha de peixe, que consiste em fazer com que toda a \u00e1gua de sub-ramais de dreno v\u00e1 para um \u00fanico ramal ligado \u00e0 rede de drenagem. A gest\u00e3o dos espa\u00e7os, ap\u00f3s a entrega, \u00e9 de responsabilidade de cada RA, o que tamb\u00e9m vale para os projetos a serem executados nas \u00e1reas.<\/p>\n\n\n\n<p>Moradora e propriet\u00e1ria de um estabelecimento comercial na regi\u00e3o, Cleonice Saqueto, 52, diz que a quadra constru\u00edda no Cruzeiro tem sido muito utilizada pelos moradores. \u201cAcho muito legal, porque o campo \u00e9 usado tanto por crian\u00e7as quanto por adultos, principalmente no final da tarde. Vejo crian\u00e7as correndo e brincando na quadra, adultos jogando. \u00c9 um espa\u00e7o muito bem aproveitado\u201d, comenta a comerciante.<\/p>\n\n\n\n<figure class=\"wp-block-image\"><img decoding=\"async\" src=\"http:\/\/agenciabrasilia.df.gov.br\/wp-conteudo\/uploads\/2022\/11\/PHC_1778.jpg\" alt=\"\" class=\"wp-image-448831\"\/><figcaption class=\"wp-element-caption\">Cada quadra de areia mede 24 m x 22 m, totalizando 308 m\u00b2, e \u00e9 composta por solo compactado e sistema de drenagem de \u00e1guas pluviais do tipo espinha de peixe<\/figcaption><\/figure>\n\n\n\n<p>Para quem gosta de praticar esportes na areia, seguem os endere\u00e7os onde os equipamentos foram instalados:<\/p>\n\n\n\n<p><strong>\u2192 Arniqueira<br>\u2022<\/strong>&nbsp;QS 06 Pra\u00e7a 400<\/p>\n\n\n\n<p><strong>\u2192&nbsp;<\/strong><strong>Brazl\u00e2ndia<br><\/strong>\u2022 Vila S\u00e3o Jos\u00e9<\/p>\n\n\n\n<p><strong>\u2192 Ceil\u00e2ndia<br><\/strong>QNN 09 \u2013 AE, em frente \u00e0 QNO 01<br>QNP 28<br>QNP 32<\/p>\n\n\n\n<p><strong>\u2192&nbsp;<\/strong><strong>Cruzeiro&nbsp;<\/strong><br>\u2022 Entre a Avenida das Jaqueiras e SRES Quadra 08<\/p>\n\n\n\n<p>\u2192&nbsp;<strong>Estrutural<\/strong><br>\u2022 Parque Urbano \u2013 Cidade Estrutural<\/p>\n\n\n\n<p><strong>\u2192 Fercal<\/strong><br>\u2022 Comunidade do Bananal<\/p>\n\n\n\n<p><strong>\u2192 Gama<\/strong><br>\u2022 Parque Vivencial<br>\u2022 Penitenci\u00e1ria Feminina<\/p>\n\n\n\n<p><strong>\u2192<\/strong>&nbsp;<strong>Parano\u00e1<\/strong><br>\u2022 Parano\u00e1 Parque na pra\u00e7a da Quadra 2\/3<\/p>\n\n\n\n<p><strong>\u2192 Planaltina<\/strong><br>\u2022 Em frente ao Lote 2, Quadra 12, Conjunto A, Buritis III, Setor Residencial Leste<br>\u2022 COP Planaltina<\/p>\n\n\n\n<p><strong>\u2192 Riacho Fundo II<br><\/strong>\u2022 QN 34 \u2013 Conjuntos 5 Lote 01 \u2013 4\u00aa Etapa (Pra\u00e7a do Esporte)<br>\u2022 QC 05<\/p>\n\n\n\n<p><strong>\u2192<\/strong>&nbsp;<strong>Samambaia&nbsp;<\/strong><br>\u2022 QR 206 de Samambaia Norte<\/p>\n\n\n\n<p><strong>\u2192&nbsp;<\/strong><strong>Sobradinho&nbsp;<\/strong><br>\u2022 Quadra 02 \u2013 Setor Esportivo<br>\u2022 Vila Dnocs<\/p>\n\n\n\n<p><strong>\u2192&nbsp;<\/strong><strong>Sobradinho II&nbsp;<\/strong><br>\u2022 Ar 13 \u00c1rea Especial<\/p>\n\n\n\n<p><strong>\u2192<\/strong>&nbsp;<strong>Taguatinga<br><\/strong>\u2022 Pra\u00e7a do DI<\/p>\n","protected":false},"excerpt":{"rendered":"<p>Os equipamentos foram instalados pela Secretaria de Esporte e Lazer em 14 regi\u00f5es administrativas. Cada um deles dever\u00e1 atender cerca de 5 mil moradores da comunidade local Catarina Lima, da Ag\u00eancia Bras\u00edlia | Edi\u00e7\u00e3o: Rosualdo Rodrigues A Secretaria de Esporte e Lazer (SEL) desembolsou R$ 1,6 milh\u00e3o para a constru\u00e7\u00e3o de 20 quadras esportivas de [&hellip;]<\/p>\n","protected":false},"author":1,"featured_media":0,"comment_status":"open","ping_status":"open","sticky":false,"template":"","format":"standard","meta":{"footnotes":""},"categories":[],"tags":[],"class_list":["post-5917","post","type-post","status-publish","format-standard","hentry"],"_links":{"self":[{"href":"https:\/\/aguaslindasnoticias.com.br\/index.php\/wp-json\/wp\/v2\/posts\/5917","targetHints":{"allow":["GET"]}}],"collection":[{"href":"https:\/\/aguaslindasnoticias.com.br\/index.php\/wp-json\/wp\/v2\/posts"}],"about":[{"href":"https:\/\/aguaslindasnoticias.com.br\/index.php\/wp-json\/wp\/v2\/types\/post"}],"author":[{"embeddable":true,"href":"https:\/\/aguaslindasnoticias.com.br\/index.php\/wp-json\/wp\/v2\/users\/1"}],"replies":[{"embeddable":true,"href":"https:\/\/aguaslindasnoticias.com.br\/index.php\/wp-json\/wp\/v2\/comments?post=5917"}],"version-history":[{"count":0,"href":"https:\/\/aguaslindasnoticias.com.br\/index.php\/wp-json\/wp\/v2\/posts\/5917\/revisions"}],"wp:attachment":[{"href":"https:\/\/aguaslindasnoticias.com.br\/index.php\/wp-json\/wp\/v2\/media?parent=5917"}],"wp:term":[{"taxonomy":"category","embeddable":true,"href":"https:\/\/aguaslindasnoticias.com.br\/index.php\/wp-json\/wp\/v2\/categories?post=5917"},{"taxonomy":"post_tag","embeddable":true,"href":"https:\/\/aguaslindasnoticias.com.br\/index.php\/wp-json\/wp\/v2\/tags?post=5917"}],"curies":[{"name":"wp","href":"https:\/\/api.w.org\/{rel}","templated":true}]}}