{"id":5914,"date":"2023-01-04T10:16:04","date_gmt":"2023-01-04T13:16:04","guid":{"rendered":"https:\/\/aguaslindasnoticias.com.br\/index.php\/2023\/01\/04\/semeando-brasilia-no-coracao-dos-estudantes\/"},"modified":"2023-01-04T10:16:04","modified_gmt":"2023-01-04T13:16:04","slug":"semeando-brasilia-no-coracao-dos-estudantes","status":"publish","type":"post","link":"https:\/\/aguaslindasnoticias.com.br\/index.php\/2023\/01\/04\/semeando-brasilia-no-coracao-dos-estudantes\/","title":{"rendered":"Semeando Bras\u00edlia no cora\u00e7\u00e3o dos estudantes"},"content":{"rendered":"\n<figure class=\"wp-block-image size-large\"><img decoding=\"async\" src=\"http:\/\/claricegulyas.com.br\/wp-content\/uploads\/2022\/11\/Esplanada-2.png\" alt=\"\" class=\"wp-image-11167\"\/><\/figure>\n\n\n\n<p>Feira do Livro de Bras\u00edlia fomenta o Turismo c\u00edvico-pedag\u00f3gico com a\u00e7\u00e3o in\u00e9dita para acolher estudantes da rede p\u00fablica do DF e de munic\u00edpios da RIDE<br><br>O melhor presente pode ser uma experi\u00eancia que vamos viver e carregar conosco sempre, em nossas melhores mem\u00f3rias. Descobrir uma Bras\u00edlia pulsante, hist\u00f3rica e marcante, por exemplo. Inspirada por essa ideia, a Feira do Livro de Bras\u00edlia realizar\u00e1 um &nbsp;projeto in\u00e9dito estruturado para diversificar a oferta e dinamizar a atividade tur\u00edstica na capital do Brasil, o Feira do Livro de Bras\u00edlia &#8211; VIVA BSB.&nbsp; Na ter\u00e7a (22\/11), &nbsp;das 14h \u00e0s 17h30, os alunos da Escola Classe 39 de Taguatinga (Qnc 15 Ae 15\/17 ) ser\u00e3o os primeiros a desfrutarem do projeto, que receber\u00e1 seis escolas e beneficiar\u00e1 1080 alunos. &nbsp;&nbsp;<\/p>\n\n\n\n<p>O projeto vai promover a amplia\u00e7\u00e3o do acesso gratuito a um programa de visita\u00e7\u00e3o c\u00edvico-pedag\u00f3gica orientado ao atendimento de estudantes dos ensinos Fundamental I e II, &nbsp;de escolas p\u00fablicas do Distrito Federal e de munic\u00edpios da Regi\u00e3o Integrada de Desenvolvimento do DF (RIDE\/DF). Por meio de um Termo de Fomento, o projeto \u00e9 apoiado pela Secretaria de Turismo do DF.&nbsp;<br><br>O produtor do &#8220;Feira do Livro de Bras\u00edlia &#8211; VIVA BSB &#8220;, Jorge Luiz,&nbsp; fala que esta primeira edi\u00e7\u00e3o pretende impulsionar a presen\u00e7a do turismo no ambiente escolar, evidenciando as potencialidades da educa\u00e7\u00e3o &nbsp;ao turismo na capital federal, para escrever uma p\u00e1gina in\u00e9dita na mem\u00f3ria do cidad\u00e3o do DF, por meio de uma abordagem mais abrangente e inclusiva para o turismo local.<br><br>&#8220;Priorizararemos o atendimento presencial, de forma inclusiva, participativa e sustent\u00e1vel, de 720 estudantes de escolas p\u00fablicas do DF e 360 de escolas p\u00fablicas de munic\u00edpios da RIDE\/DF.&nbsp; O projeto norteia-se pelo princ\u00edpio de que a experi\u00eancia tur\u00edstica proporcionada aos estudantes dever\u00e1 ir al\u00e9m da frui\u00e7\u00e3o de um mero passeio ou de um momento de lazer&#8221;, explica o produtor.<br><br>Ele tamb\u00e9m afirma que para o projeto, os estudantes beneficiados residentes em Regi\u00f5es Administrativas mais distantes do Plano Piloto e em Munic\u00edpios circunvizinhos, s\u00e3o sujeitos dotados dos mesmos direitos tur\u00edsticos que quaisquer cidad\u00e3os procedentes de outros estados, regi\u00f5es brasileiras e pa\u00edses.<br><br><strong>Pertencimento<\/strong><br>As atividades tur\u00edstico-pedag\u00f3gicas oferecidas pelo &#8220;Feira do Livro de Bras\u00edlia &#8211; VIVA BSB&#8221; foram especialmente concebidas para estimularem o fortalecimento dos v\u00ednculos de pertencimento com os monumentos tombados da capital federal, ultrapassando os limites territoriais das escolas e convertendo a Esplanada dos Minist\u00e9rios em sala de aula a c\u00e9u aberto.<\/p>\n\n\n\n<p><strong>Atividades e Roteiro<\/strong><br>O roteiro das visita\u00e7\u00f5es prev\u00ea que o ponto de partida dos passeios seja o Complexo da Torre de TV, que ser\u00e1 convertido em espa\u00e7o pedag\u00f3gico, por meio da instala\u00e7\u00e3o de uma estrutura de 450m\u00b2 em formato de arena destinada a ancorar a programa\u00e7\u00e3o, dotada de estrutura de sonoriza\u00e7\u00e3o, ilumina\u00e7\u00e3o e mobili\u00e1rio.<br><br>Contadores de hist\u00f3rias e guias tur\u00edsticos especializados protagonizar\u00e3o o acolhimento dos estudantes e as conta\u00e7\u00f5es de hist\u00f3rias. Eles far\u00e3o a media\u00e7\u00e3o dos conte\u00fados, adotando temas e hist\u00f3rias orientados para ampliarem as oportunidades de constru\u00e7\u00e3o de conhecimentos sobre Bras\u00edlia, para os estudantes.<br><br>Do mirante da Torre, \u00e9 poss\u00edvel avistar a Esplanada dos Minist\u00e9rios e o Congresso Nacional, o Parque da Cidade, o Est\u00e1dio Nacional, o Aut\u00f3dromo Nelson Piquet, al\u00e9m de muitos outros pontos importantes de Bras\u00edlia.<br><br>Ap\u00f3s o acolhimento e a imers\u00e3o panor\u00e2mica materializada no Mirante, ter\u00e1 in\u00edcio o tour de \u00f4nibus, momento em que os Guias Tur\u00edsticos mediar\u00e3o o passeio oferecendo aos estudantes, informa\u00e7\u00f5es sobre personalidades, monumentos e fatos hist\u00f3ricos relevantes.<br><br>O tour ir\u00e1 rumo \u00e0 Esplanada dos Minist\u00e9rios, at\u00e9 o Centro de Atendimento ao Turista (CAT) da Casa de Ch\u00e1, localizado na Pra\u00e7a dos Tr\u00eas Poderes, onde os estudantes ser\u00e3o recebidos para uma roda de conversa com os Guias e professores e ser\u00e1 servido o lanche.<\/p>\n\n\n\n<p><strong>Cronograma<\/strong><br>O Cronograma de realiza\u00e7\u00e3o prev\u00ea que, ao longo de seis dias de programa\u00e7\u00e3o, sejam atendidas seis escolas, sendo uma por dia e 180 estudantes por escola. Os estudantes ser\u00e3o acompanhados por professores e monitores. O projeto oferecer\u00e1 24 \u00f4nibus para o atendimento das escolas, sendo quatro por dia. O agendamento das visitas ser\u00e1 feito por meio de carta convite feita pelo projeto \u00e0s escolas<\/p>\n\n\n\n<figure class=\"wp-block-table\"><table><tbody><tr><td><strong>Escola<\/strong><\/td><td><strong>Regi\u00e3o Administrativa<\/strong><\/td><td><strong>Estudantes Beneficiados<\/strong><\/td><td><strong>Dia de visita\u00e7\u00e3o<\/strong><\/td><\/tr><tr><td><strong>EC 39<\/strong><\/td><td>Taguatinga<\/td><td>180<\/td><td>22 de novembro de 2022<\/td><\/tr><tr><td><strong>EC 18<\/strong><\/td><td>Ceil\u00e2ndia<\/td><td>180<\/td><td>23 de novembro de 2022<\/td><\/tr><tr><td><strong>EC 42<\/strong><\/td><td>Taguatinga<\/td><td>180<\/td><td>25 de novembro de 2022<\/td><\/tr><tr><td><strong>CEF 301<\/strong><\/td><td>Recanto das Emas<\/td><td>180<\/td><td>29 de novembro de 2022<\/td><\/tr><\/tbody><\/table><\/figure>\n\n\n\n<figure class=\"wp-block-table\"><table><tbody><tr><td><strong>Escola<\/strong><\/td><td><strong>Munic\u00edpio &#8211; RIDE<\/strong><\/td><td><strong>Estudantes Beneficiados<\/strong><\/td><td><strong>Dia de visita\u00e7\u00e3o<\/strong><\/td><\/tr><tr><td><strong>Col\u00e9gio Estadual Professor Benedito Vieira de S\u00e1<\/strong><\/td><td>Lago Azul \u2013 Novo Gama<\/td><td>180<\/td><td>01 de dezembro de 2022<\/td><\/tr><tr><td><strong>Col\u00e9gio Estadual Maraj\u00f3<\/strong><\/td><td>Valpara\u00edso de Goi\u00e1s<\/td><td>180<\/td><td>02 de dezembro de 2022<\/td><\/tr><\/tbody><\/table><\/figure>\n\n\n\n<p><strong><br>&nbsp;Servi\u00e7o:<\/strong><br>O qu<em>e:<\/em><strong>&nbsp;Projeto&nbsp;Feira do Livro de Bras\u00edlia &#8211; VIVA BSB<br><\/strong>Quem:<strong>&nbsp;Alunos das escolas p\u00fablicas do DF -EC 39 (Taguatinga), EC 18 (Ceil\u00e2ndia), EC 42 (Taguatinga), CEF 301 (Recanto das Emas)- e da Ride\/DF &#8211;&nbsp;Col\u00e9gio Estadual Professor Benedito Vieira de S\u00e1 (Lago Azul-Novo Gama) e&nbsp;Col\u00e9gio Estadual Maraj\u00f3 (Valpara\u00edso de Goi\u00e1s)&nbsp;<br><\/strong>Quando<strong>:&nbsp;&nbsp;22, 23, 25 e 29 de novembro \u2013 01 e 02 de dezembro de 2002, das 14h \u00e0s 17h30<br><\/strong>Locais de Realiza\u00e7\u00e3o &nbsp;<strong>Torre de TV (Espa\u00e7o \u00e2ncora e visita ao Mirante) \u2013 Esplanada dos Minist\u00e9rios (tour) \u2013 Casa de Ch\u00e1 (Pit stop)<br><\/strong><strong>Por meio de um Termo de Fomento, o projeto \u00e9 apoiado pela Secretaria de Turismo do DF<\/strong><br>Contatos:&nbsp;<strong>@institutoipcb<\/strong><\/p>\n","protected":false},"excerpt":{"rendered":"<p>Feira do Livro de Bras\u00edlia fomenta o Turismo c\u00edvico-pedag\u00f3gico com a\u00e7\u00e3o in\u00e9dita para acolher estudantes da rede p\u00fablica do DF e de munic\u00edpios da RIDE O melhor presente pode ser uma experi\u00eancia que vamos viver e carregar conosco sempre, em nossas melhores mem\u00f3rias. Descobrir uma Bras\u00edlia pulsante, hist\u00f3rica e marcante, por exemplo. Inspirada por essa [&hellip;]<\/p>\n","protected":false},"author":1,"featured_media":0,"comment_status":"open","ping_status":"open","sticky":false,"template":"","format":"standard","meta":{"footnotes":""},"categories":[],"tags":[],"class_list":["post-5914","post","type-post","status-publish","format-standard","hentry"],"_links":{"self":[{"href":"https:\/\/aguaslindasnoticias.com.br\/index.php\/wp-json\/wp\/v2\/posts\/5914","targetHints":{"allow":["GET"]}}],"collection":[{"href":"https:\/\/aguaslindasnoticias.com.br\/index.php\/wp-json\/wp\/v2\/posts"}],"about":[{"href":"https:\/\/aguaslindasnoticias.com.br\/index.php\/wp-json\/wp\/v2\/types\/post"}],"author":[{"embeddable":true,"href":"https:\/\/aguaslindasnoticias.com.br\/index.php\/wp-json\/wp\/v2\/users\/1"}],"replies":[{"embeddable":true,"href":"https:\/\/aguaslindasnoticias.com.br\/index.php\/wp-json\/wp\/v2\/comments?post=5914"}],"version-history":[{"count":0,"href":"https:\/\/aguaslindasnoticias.com.br\/index.php\/wp-json\/wp\/v2\/posts\/5914\/revisions"}],"wp:attachment":[{"href":"https:\/\/aguaslindasnoticias.com.br\/index.php\/wp-json\/wp\/v2\/media?parent=5914"}],"wp:term":[{"taxonomy":"category","embeddable":true,"href":"https:\/\/aguaslindasnoticias.com.br\/index.php\/wp-json\/wp\/v2\/categories?post=5914"},{"taxonomy":"post_tag","embeddable":true,"href":"https:\/\/aguaslindasnoticias.com.br\/index.php\/wp-json\/wp\/v2\/tags?post=5914"}],"curies":[{"name":"wp","href":"https:\/\/api.w.org\/{rel}","templated":true}]}}