{"id":5911,"date":"2023-01-04T10:16:04","date_gmt":"2023-01-04T13:16:04","guid":{"rendered":"https:\/\/aguaslindasnoticias.com.br\/index.php\/2023\/01\/04\/df-tera-a-primeira-delegacia-de-protecao-animal-do-pais\/"},"modified":"2023-01-04T10:16:04","modified_gmt":"2023-01-04T13:16:04","slug":"df-tera-a-primeira-delegacia-de-protecao-animal-do-pais","status":"publish","type":"post","link":"https:\/\/aguaslindasnoticias.com.br\/index.php\/2023\/01\/04\/df-tera-a-primeira-delegacia-de-protecao-animal-do-pais\/","title":{"rendered":"DF ter\u00e1 a primeira delegacia de prote\u00e7\u00e3o animal do pa\u00eds"},"content":{"rendered":"\n<p>Unidade especializada ser\u00e1 constru\u00edda no complexo do Departamento de Pol\u00edcia Especializada (DPE); proposta faz parte das medidas adotadas pelo GDF na transi\u00e7\u00e3o<\/p>\n\n\n\n<p>Carolina Caraballo, da Ag\u00eancia Bras\u00edlia | Edi\u00e7\u00e3o: Rosualdo Rodrigues<\/p>\n\n\n\n<p>O Distrito Federal ganhar\u00e1 a primeira delegacia de prote\u00e7\u00e3o animal do Brasil. A nova unidade ser\u00e1 instalada no complexo do Departamento de Pol\u00edcia Especializada (DPE) e ter\u00e1 uma equipe completa de delegados, agentes e escriv\u00e3es. O projeto, parte das medidas adotadas pelo governador Ibaneis Rocha nesta transi\u00e7\u00e3o, ser\u00e1 desenvolvido pela Pol\u00edcia Civil (PCDF).<\/p>\n\n\n\n<figure class=\"wp-block-image\"><img decoding=\"async\" src=\"http:\/\/agenciabrasilia.df.gov.br\/wp-conteudo\/uploads\/2022\/11\/WhatsApp-Image-2022-11-09-at-16.38.34.jpeg\" alt=\"\" class=\"wp-image-447358\"\/><figcaption class=\"wp-element-caption\">De 2021 para 2022 o DF registrou um aumento de 65% no n\u00famero de ocorr\u00eancias de crimes relacionados a maus-tratos contra os animais | Foto: Divulga\u00e7\u00e3o\/ Ibram<\/figcaption><\/figure>\n\n\n\n<p>A cria\u00e7\u00e3o da delegacia especializada pretende aumentar os meios de prote\u00e7\u00e3o aos animais, al\u00e9m de possibilitar que as investiga\u00e7\u00f5es dos crimes sejam feitas com ainda mais qualidade. \u201cAcreditamos tamb\u00e9m que a sociedade vai se sentir mais amparada para fazer den\u00fancias\u201d, observa o delegado de Pol\u00edcia Civil Darbas Coutinho.<\/p>\n\n\n\n<p>\u201cOs crimes relacionados a maus-tratos contra os animais crescem ano ap\u00f3s ano. De 2021 para 2022, tivemos um aumento de 65% no n\u00famero de ocorr\u00eancias no DF\u201d, aponta Darbas. \u201cEssa proposta reflete o que a sociedade espera das pol\u00edticas p\u00fablicas: a ado\u00e7\u00e3o de medidas efetivas para o combate dessa triste realidade que ainda assola nossa regi\u00e3o.\u201d<\/p>\n\n\n\n<p>A Pol\u00edcia Civil registrou 958 boletins de ocorr\u00eancias de maus-tratos e crueldade contra c\u00e3es, gatos e outros animais entre 2019 e 2021, no DF. Foram 243 ocorr\u00eancias em 2019. No ano seguinte, o n\u00famero subiu para 315. E, ao final de 2021, chegou a 400 registros.<\/p>\n\n\n\n<p>Com a proposta, a Delegacia do Meio Ambiente (Dema) dever\u00e1 passar por mudan\u00e7as. Uma delas envolver\u00e1 o foco de atua\u00e7\u00e3o da unidade, que ficar\u00e1 mais voltada para crimes ambientais, como parcelamento ilegal do solo.<\/p>\n","protected":false},"excerpt":{"rendered":"<p>Unidade especializada ser\u00e1 constru\u00edda no complexo do Departamento de Pol\u00edcia Especializada (DPE); proposta faz parte das medidas adotadas pelo GDF na transi\u00e7\u00e3o Carolina Caraballo, da Ag\u00eancia Bras\u00edlia | Edi\u00e7\u00e3o: Rosualdo Rodrigues O Distrito Federal ganhar\u00e1 a primeira delegacia de prote\u00e7\u00e3o animal do Brasil. A nova unidade ser\u00e1 instalada no complexo do Departamento de Pol\u00edcia Especializada [&hellip;]<\/p>\n","protected":false},"author":1,"featured_media":0,"comment_status":"open","ping_status":"open","sticky":false,"template":"","format":"standard","meta":{"footnotes":""},"categories":[],"tags":[],"class_list":["post-5911","post","type-post","status-publish","format-standard","hentry"],"_links":{"self":[{"href":"https:\/\/aguaslindasnoticias.com.br\/index.php\/wp-json\/wp\/v2\/posts\/5911","targetHints":{"allow":["GET"]}}],"collection":[{"href":"https:\/\/aguaslindasnoticias.com.br\/index.php\/wp-json\/wp\/v2\/posts"}],"about":[{"href":"https:\/\/aguaslindasnoticias.com.br\/index.php\/wp-json\/wp\/v2\/types\/post"}],"author":[{"embeddable":true,"href":"https:\/\/aguaslindasnoticias.com.br\/index.php\/wp-json\/wp\/v2\/users\/1"}],"replies":[{"embeddable":true,"href":"https:\/\/aguaslindasnoticias.com.br\/index.php\/wp-json\/wp\/v2\/comments?post=5911"}],"version-history":[{"count":0,"href":"https:\/\/aguaslindasnoticias.com.br\/index.php\/wp-json\/wp\/v2\/posts\/5911\/revisions"}],"wp:attachment":[{"href":"https:\/\/aguaslindasnoticias.com.br\/index.php\/wp-json\/wp\/v2\/media?parent=5911"}],"wp:term":[{"taxonomy":"category","embeddable":true,"href":"https:\/\/aguaslindasnoticias.com.br\/index.php\/wp-json\/wp\/v2\/categories?post=5911"},{"taxonomy":"post_tag","embeddable":true,"href":"https:\/\/aguaslindasnoticias.com.br\/index.php\/wp-json\/wp\/v2\/tags?post=5911"}],"curies":[{"name":"wp","href":"https:\/\/api.w.org\/{rel}","templated":true}]}}