{"id":5910,"date":"2023-01-04T10:16:04","date_gmt":"2023-01-04T13:16:04","guid":{"rendered":"https:\/\/aguaslindasnoticias.com.br\/index.php\/2023\/01\/04\/cerca-de-60-mil-adolescentes-nao-tomaram-2a-dose-da-vacina-contra-covid\/"},"modified":"2023-01-04T10:16:04","modified_gmt":"2023-01-04T13:16:04","slug":"cerca-de-60-mil-adolescentes-nao-tomaram-2a-dose-da-vacina-contra-covid","status":"publish","type":"post","link":"https:\/\/aguaslindasnoticias.com.br\/index.php\/2023\/01\/04\/cerca-de-60-mil-adolescentes-nao-tomaram-2a-dose-da-vacina-contra-covid\/","title":{"rendered":"Cerca de 60 mil adolescentes n\u00e3o tomaram 2\u00aa dose da vacina contra covid"},"content":{"rendered":"\n<figure class=\"wp-block-image\"><img decoding=\"async\" src=\"blob:https:\/\/aguasclarasnoticias.com.br\/33cfce02-db65-49f4-9a2d-81e51bf3e033\" alt=\"\"\/><\/figure>\n\n\n\n<p>Com o aumento da transmiss\u00e3o da doen\u00e7a, Secretaria de Sa\u00fade refor\u00e7a a import\u00e2ncia da testagem e de completar o ciclo vacinal<\/p>\n\n\n\n<p>Ag\u00eancia Bras\u00edlia* | Edi\u00e7\u00e3o: Claudio Fernandes<\/p>\n\n\n\n<p>No Distrito Federal, cerca de 60 mil adolescentes \u2013 com idade entre 12 e 17 anos \u2013 tomaram somente a primeira dose da vacina contra a covid-19. Segundo a secret\u00e1ria de Sa\u00fade, Lucilene Flor\u00eancio, esse dado \u00e9 preocupante.&nbsp;\u201cEsse calend\u00e1rio vacinal n\u00e3o est\u00e1 completo. Isso significa dizer que eles n\u00e3o est\u00e3o imunoprevenidos e que podem ser suscet\u00edveis a adquirir o v\u00edrus\u201d, explica. \u201cQuando se tem v\u00edrus circulando e uma popula\u00e7\u00e3o com uma baixa cobertura, permitimos que haja muta\u00e7\u00e3o e o surgimento de novas cepas, de novas variantes\u201d, complementa.<\/p>\n\n\n\n<blockquote class=\"wp-block-quote is-layout-flow wp-block-quote-is-layout-flow\">\n<p>\u201cVamos conseguir diminuir a circula\u00e7\u00e3o porque n\u00f3s vamos ter a popula\u00e7\u00e3o prevenida, protegida, imunizada\u201dLucilene Flor\u00eancio, secret\u00e1ria de Sa\u00fade<\/p>\n<\/blockquote>\n\n\n\n<p>At\u00e9 segunda-feira (7), 86,2% da popula\u00e7\u00e3o acima dos 3 anos de idade j\u00e1 havia recebido a primeira dose. A cobertura tamb\u00e9m est\u00e1 acima de 80% para a segunda dose: 82,5%. Por\u00e9m, s\u00f3 54,4% dos adolescentes voltaram para receber o primeiro refor\u00e7o. E a segunda dose de refor\u00e7o foi aplicada em 37,5% desse p\u00fablico-alvo.<\/p>\n\n\n\n<p>O foco da Secretaria de Sa\u00fade \u00e9 levar os imunizantes para quem ainda n\u00e3o tomou nem a primeira dose e completar o ciclo vacinal de quem est\u00e1 atrasado. Para isso, s\u00e3o mais de 90 unidades b\u00e1sicas de sa\u00fade (UBS) com salas de vacina abastecidas com imunizantes contra a covid-19, al\u00e9m de a\u00e7\u00f5es extramuros, como o Carro da Vacina e a campanha montada nesse domingo (6) no Eix\u00e3o Sul.<\/p>\n\n\n\n<p>Mais atividades fora das unidades de sa\u00fade&nbsp;est\u00e3o ocorrendo, com foco nas escolas. \u201cVamos conseguir diminuir a circula\u00e7\u00e3o porque n\u00f3s vamos ter a popula\u00e7\u00e3o prevenida, protegida, imunizada\u201d, defende Lucilene Flor\u00eancio.<\/p>\n\n\n\n<blockquote class=\"wp-block-quote is-layout-flow wp-block-quote-is-layout-flow\">\n<p>\u201cO GDF tem todo o interesse em baixar a faixa et\u00e1ria para vacinar. A quest\u00e3o, n\u00e3o s\u00f3 no DF, mas em todo o Brasil, \u00e9 que a Pol\u00edtica Nacional de Imuniza\u00e7\u00e3o \u00e9 do Minist\u00e9rio da Sa\u00fade, que se baseia na Cetai\u201dDivino Valero, subsecret\u00e1rio de Vigil\u00e2ncia \u00e0 Sa\u00fade<\/p>\n<\/blockquote>\n\n\n\n<p><strong>Amplia\u00e7\u00e3o da campanha<\/strong><\/p>\n\n\n\n<p>Hoje, conforme as orienta\u00e7\u00f5es da C\u00e2mara T\u00e9cnica de Assessoramento em Imuniza\u00e7\u00e3o (Cetai), a primeira dose de refor\u00e7o \u00e9 indicada para quem tem mais de 12 anos, enquanto o segundo refor\u00e7o \u00e9 restrito para os de 40 anos ou mais.<\/p>\n\n\n\n<p>No DF, a Secretaria de Sa\u00fade at\u00e9 chegou a reduzir, temporariamente, a faixa et\u00e1ria do segundo refor\u00e7o para 35 anos, mas recuou porque depende do envio de doses pelo Minist\u00e9rio da Sa\u00fade. \u201cQuando o minist\u00e9rio faz a&nbsp;recomenda\u00e7\u00e3o que tecnicamente n\u00e3o seria vi\u00e1vel&nbsp;para um p\u00fablico-alvo, ele automaticamente n\u00e3o manda essas doses\u201d, explica o subsecret\u00e1rio de Vigil\u00e2ncia \u00e0 Sa\u00fade do DF, Divino Valero.<\/p>\n\n\n\n<p>A Secretaria de Sa\u00fade tamb\u00e9m aguarda orienta\u00e7\u00f5es federais a respeito da vacina\u00e7\u00e3o de crian\u00e7as de 3 e 4 anos. \u201cO GDF tem todo o interesse em baixar a faixa et\u00e1ria para vacinar. A quest\u00e3o, n\u00e3o s\u00f3 no DF, mas em todo o Brasil, \u00e9 que a Pol\u00edtica Nacional de Imuniza\u00e7\u00e3o \u00e9 do Minist\u00e9rio da Sa\u00fade, que se baseia na Cetai\u201d, esclarece o subsecret\u00e1rio.<\/p>\n\n\n\n<figure class=\"wp-block-image\"><img decoding=\"async\" src=\"http:\/\/agenciabrasilia.df.gov.br\/wp-conteudo\/uploads\/2022\/11\/WhatsApp-Image-2022-11-09-at-19.58.47.jpeg\" alt=\"\" class=\"wp-image-447442\"\/><figcaption class=\"wp-element-caption\">Apenas 54,4% dos adolescentes voltaram para receber o primeiro refor\u00e7o. E a segunda dose de refor\u00e7o foi aplicada em 37,5% desse p\u00fablico-alvo | Foto: Tony Oliveira\/Ag\u00eancia Bras\u00edlia<\/figcaption><\/figure>\n\n\n\n<p>Atualmente, h\u00e1 cerca de 40 mil doses dispon\u00edveis, entre os estoques das unidades de sa\u00fade e da Rede de Frio Central. Novas remessas j\u00e1 foram solicitadas. \u201cT\u00e3o logo essas doses cheguem ao DF, n\u00f3s temos toda uma infraestrutura de log\u00edstica para atender a popula\u00e7\u00e3o\u201d, completa Divino Valero.<\/p>\n\n\n\n<p><strong>Seguran\u00e7a<\/strong><\/p>\n\n\n\n<p>O subsecret\u00e1rio lembra ainda que as notas t\u00e9cnicas da Cetai consideram v\u00e1rios aspectos, como o cen\u00e1rio epidemiol\u00f3gico e a seguran\u00e7a para a popula\u00e7\u00e3o. \u201c\u00c9 um conselho multidisciplinar e multi-institucional, onde tamb\u00e9m est\u00e3o a Sociedade Brasileira de Pediatria, a Sociedade Brasileira de Infectologia, t\u00e9cnicos do Minist\u00e9rio da Sa\u00fade e da Fiocruz, que determina um estudo cient\u00edfico, de evid\u00eancia cient\u00edfica, de seguran\u00e7a da vacina\u201d, ressalta.<\/p>\n\n\n\n<p>A C\u00e2mara T\u00e9cnica, criada em agosto de 2021 pela Portaria GM\/MS N\u00ba 1.841, tamb\u00e9m conta com representantes do Conselho Nacional de Secret\u00e1rios de Sa\u00fade e do Conselho Nacional de Secret\u00e1rios Municipais de Sa\u00fade.<\/p>\n\n\n\n<p><strong>Testagem<\/strong><\/p>\n\n\n\n<p>Nesta quarta-feira (9), o boletim epidemiol\u00f3gico da Secretaria de Sa\u00fade mostrou que a taxa de transmiss\u00e3o, o chamado \u00edndice RT, est\u00e1 em 1,29. Isso significa que 100 pessoas com covid-19 contaminam outras 129. O n\u00famero de novos casos ainda \u00e9 pequeno: foram 223 registros entre os dias 8 e 9, por\u00e9m os n\u00fameros indicam uma acelera\u00e7\u00e3o da doen\u00e7a.<\/p>\n\n\n\n<p>De acordo com a secret\u00e1ria de Sa\u00fade, Lucilene Flor\u00eancio, a primeira medida a ser tomada para enfrentar esse aumento no n\u00famero de casos \u00e9 ressaltar a import\u00e2ncia da testagem. O DF conta com 280 mil testes no estoque e as UBSs, unidades de pronto atendimento (UPA) e hospitais est\u00e3o com equipes preparadas para testar pacientes sintom\u00e1ticos. \u201cA popula\u00e7\u00e3o que est\u00e1 com sintoma gripal deve procurar nossas unidades b\u00e1sicas de sa\u00fade para fazer o teste, e assim n\u00f3s vamos ter a popula\u00e7\u00e3o protegida\u201d, indica.<\/p>\n\n\n\n<p>A secret\u00e1ria de sa\u00fade destaca ainda a import\u00e2ncia da testagem para a detec\u00e7\u00e3o de novas variantes do coronav\u00edrus no Distrito Federal. \u201cQuanto mais pessoas n\u00f3s testamos, n\u00f3s podemos fazer o sequenciamento gen\u00f4mico, sendo poss\u00edvel o Lacen (Laborat\u00f3rio Central de Sa\u00fade P\u00fablica) verificar se h\u00e1 a nova variante circulando\u201d, detalha.<\/p>\n\n\n\n<p><em>*Com informa\u00e7\u00f5es da Secretaria de Sa\u00fade do DF<\/em><\/p>\n","protected":false},"excerpt":{"rendered":"<p>Com o aumento da transmiss\u00e3o da doen\u00e7a, Secretaria de Sa\u00fade refor\u00e7a a import\u00e2ncia da testagem e de completar o ciclo vacinal Ag\u00eancia Bras\u00edlia* | Edi\u00e7\u00e3o: Claudio Fernandes No Distrito Federal, cerca de 60 mil adolescentes \u2013 com idade entre 12 e 17 anos \u2013 tomaram somente a primeira dose da vacina contra a covid-19. Segundo [&hellip;]<\/p>\n","protected":false},"author":1,"featured_media":0,"comment_status":"open","ping_status":"open","sticky":false,"template":"","format":"standard","meta":{"footnotes":""},"categories":[],"tags":[],"class_list":["post-5910","post","type-post","status-publish","format-standard","hentry"],"_links":{"self":[{"href":"https:\/\/aguaslindasnoticias.com.br\/index.php\/wp-json\/wp\/v2\/posts\/5910","targetHints":{"allow":["GET"]}}],"collection":[{"href":"https:\/\/aguaslindasnoticias.com.br\/index.php\/wp-json\/wp\/v2\/posts"}],"about":[{"href":"https:\/\/aguaslindasnoticias.com.br\/index.php\/wp-json\/wp\/v2\/types\/post"}],"author":[{"embeddable":true,"href":"https:\/\/aguaslindasnoticias.com.br\/index.php\/wp-json\/wp\/v2\/users\/1"}],"replies":[{"embeddable":true,"href":"https:\/\/aguaslindasnoticias.com.br\/index.php\/wp-json\/wp\/v2\/comments?post=5910"}],"version-history":[{"count":0,"href":"https:\/\/aguaslindasnoticias.com.br\/index.php\/wp-json\/wp\/v2\/posts\/5910\/revisions"}],"wp:attachment":[{"href":"https:\/\/aguaslindasnoticias.com.br\/index.php\/wp-json\/wp\/v2\/media?parent=5910"}],"wp:term":[{"taxonomy":"category","embeddable":true,"href":"https:\/\/aguaslindasnoticias.com.br\/index.php\/wp-json\/wp\/v2\/categories?post=5910"},{"taxonomy":"post_tag","embeddable":true,"href":"https:\/\/aguaslindasnoticias.com.br\/index.php\/wp-json\/wp\/v2\/tags?post=5910"}],"curies":[{"name":"wp","href":"https:\/\/api.w.org\/{rel}","templated":true}]}}